{"id":8043,"date":"2024-01-16T13:43:54","date_gmt":"2024-01-16T12:43:54","guid":{"rendered":"https:\/\/www.mediapartizan.at\/?p=8043"},"modified":"2024-01-16T13:43:57","modified_gmt":"2024-01-16T12:43:57","slug":"kein-mini-jost-fall-ex-landesschulratspraesident-wollte-weit-ueber-pensionsalter-hinaus-im-job-bleiben-politik-schob-allerdings-riegel-vor","status":"publish","type":"post","link":"https:\/\/www.mediapartizan.at\/?p=8043","title":{"rendered":"Kein &#8222;Mini-Jost-Fall&#8220;: Ex-Landesschulratspr\u00e4sident wollte (weit) \u00fcber Pensionsalter hinaus im Job bleiben. Politik schob allerdings Riegel vor"},"content":{"rendered":"<p><\/p>\n<p>Seit 2019 ist der K\u00e4rntner Landesschulrat, wie er damals hie\u00df, Geschichte. Er wurde von der K\u00e4rntner Bildungsdirektion abgel\u00f6st. \u201eNat\u00fcrlich w\u00e4re ich gern Bildungsdirektor&#8220; [geworden], sagte Rudolf Altersberger damals zur <em>Kleinen Zeitung<\/em>. Allein: Er wurde es nicht. Robert Klinglmair erklomm damals den Sessel des Bildungsdirektors, ging auf eigenen Wunsch aber wieder. Heute ist Isabella Penz die Chefin in der Bildungsdirektion.<\/p>\n<p><\/p>\n<p><\/p>\n<p>Altersberger, der als SP\u00d6-nahe gilt, wechselte damals 63-j\u00e4hrig in die Bildungsabteilung des Landes und k\u00fcmmerte sich um Schulkonzepte und die Entwicklung von Schulstandorten. Nun soll er mit nunmehr 68 Jahren um eine Verl\u00e4ngerung seines Vertrages angesucht haben. &#8222;Das ist richtig&#8220;, best\u00e4tigt Landesrat und Bildungsdirektions-Pr\u00e4sident Daniel Fellner (SP\u00d6). &#8222;Altersberger leistete einen guten Job, brachte bei Problemen an Schulstandorten immer alle an einen Tisch. Er konnte zwischen den unterschiedlichen Playern sehr gut vermitteln.&#8220;<\/p>\n<p><\/p>\n<p><\/p>\n<p><strong>Projektbezogene Zusammenarbeit weiter m\u00f6glich<\/strong><\/p>\n<p><\/p>\n<p><\/p>\n<p>Doch Fellner kam dem Wunsch Altersbergers nicht nach. &#8222;Trotz seiner Leistungen: Irgendwann muss man auch zu einem Schluss kommen&#8220;, sagt Fellner. &#8222;Das Dienstverh\u00e4ltnis wird nicht verl\u00e4ngert.&#8220; Altersberger war bis zuletzt in der Bildungsabteilung. Der Neo-Pension\u00e4r sei aber &#8222;keineswegs beleidigt&#8220;. Man werde &#8222;projektbezogen noch mit ihm zusammenarbeiten&#8220;, so Fellner. Ob das bedeutet, dass bereits eine fixe Auftragssumme mit Altersberger vereinbart wurde? &#8222;Nein&#8220;, sagt Fellner. &#8222;Wenn es etwas gibt, kooperieren wir mit ihm. Sonst nicht.&#8220; <\/p>\n<p><\/p>\n<p><\/p>\n<p><strong>Kein &#8222;Mini-Jost&#8220;<\/strong><\/p>\n<p><\/p>\n<p><\/p>\n<p>In der Landesregierung witzelte man hinter vorgehaltener Hand, dass &#8211; h\u00e4tte Fellner den Ex-Landesschulratspr\u00e4sidenten verl\u00e4ngert -, am Arnulfplatz quasi ein &#8222;Mini-Jost-Fall&#8220; eingetreten w\u00e4re. Der Klagenfurter Magistratsdirektor Peter Jost hatte ja eine Dienstverl\u00e4ngerung \u00fcber seine Pension hinaus zugesprochen bekommen, die jedoch unl\u00e4ngst von der K\u00e4rntner Gemeindeaufsicht f\u00fcr nichtig erkl\u00e4rt wurde.<\/p>\n<p><\/p>\n","protected":false},"excerpt":{"rendered":"<div class=\"mh-excerpt\"><p>Ex-Landesschulratspr\u00e4sident suchte &#8211; obwohl 68 und pensionsberechtigt &#8211; um Vertragsverl\u00e4ngerung an. Landesregierung blockte allerdings ab. &#8222;Projektbezogene Zusammenarbeit aber m\u00f6glich.&#8220;  <a class=\"mh-excerpt-more\" href=\"https:\/\/www.mediapartizan.at\/?p=8043\" title=\"Kein &#8222;Mini-Jost-Fall&#8220;: Ex-Landesschulratspr\u00e4sident wollte (weit) \u00fcber Pensionsalter hinaus im Job bleiben. Politik schob allerdings Riegel vor\">[&#8230;]<\/a><\/p>\n<\/div>","protected":false},"author":2,"featured_media":8044,"comment_status":"open","ping_status":"open","sticky":false,"template":"","format":"standard","meta":{"inline_featured_image":false,"_jetpack_memberships_contains_paid_content":false,"footnotes":""},"categories":[218],"tags":[513,512,514,220,511],"class_list":{"0":"post-8043","1":"post","2":"type-post","3":"status-publish","4":"format-standard","5":"has-post-thumbnail","7":"category-land-kaernten","8":"tag-bildungsdirektion","9":"tag-isabella-penz","10":"tag-landesrat-daniel-fellner","11":"tag-landesregierung","12":"tag-rudolf-altersberger"},"yoast_head":"<!-- This site is optimized with the Yoast SEO plugin v20.10 - https:\/\/yoast.com\/wordpress\/plugins\/seo\/ -->\n<title>Kein &quot;Mini-Jost-Fall&quot;: Ex-Landesschulratspr\u00e4sident wollte (weit) \u00fcber Pensionsalter hinaus im Job bleiben. Politik schob allerdings Riegel vor - Mediapartizan.at<\/title>\n<meta name=\"robots\" content=\"index, follow, max-snippet:-1, max-image-preview:large, max-video-preview:-1\" \/>\n<link rel=\"canonical\" href=\"https:\/\/www.mediapartizan.at\/?p=8043\" \/>\n<meta property=\"og:locale\" content=\"de_DE\" \/>\n<meta property=\"og:type\" content=\"article\" \/>\n<meta property=\"og:title\" content=\"Kein &quot;Mini-Jost-Fall&quot;: Ex-Landesschulratspr\u00e4sident wollte (weit) \u00fcber Pensionsalter hinaus im Job bleiben. Politik schob allerdings Riegel vor - Mediapartizan.at\" \/>\n<meta property=\"og:description\" content=\"Ex-Landesschulratspr\u00e4sident suchte - obwohl 68 und pensionsberechtigt - um Vertragsverl\u00e4ngerung an. Landesregierung blockte allerdings ab. &quot;Projektbezogene Zusammenarbeit aber m\u00f6glich.&quot; [...]\" \/>\n<meta property=\"og:url\" content=\"https:\/\/www.mediapartizan.at\/?p=8043\" \/>\n<meta property=\"og:site_name\" content=\"Mediapartizan.at\" \/>\n<meta property=\"article:published_time\" content=\"2024-01-16T12:43:54+00:00\" \/>\n<meta property=\"article:modified_time\" content=\"2024-01-16T12:43:57+00:00\" \/>\n<meta property=\"og:image\" content=\"https:\/\/www.mediapartizan.at\/wp-content\/uploads\/2024\/01\/Kaerntner-Landesregierung-c-Creative-Commons-Johann-Jaritz.jpg\" \/>\n\t<meta property=\"og:image:width\" content=\"1024\" \/>\n\t<meta property=\"og:image:height\" content=\"590\" \/>\n\t<meta property=\"og:image:type\" content=\"image\/jpeg\" \/>\n<meta name=\"author\" content=\"Franz Miklautz\" \/>\n<meta name=\"twitter:card\" content=\"summary_large_image\" \/>\n<meta name=\"twitter:label1\" content=\"Verfasst von\" \/>\n\t<meta name=\"twitter:data1\" content=\"Franz Miklautz\" \/>\n\t<meta name=\"twitter:label2\" content=\"Gesch\u00e4tzte Lesezeit\" \/>\n\t<meta name=\"twitter:data2\" content=\"2\u00a0Minuten\" \/>\n<script type=\"application\/ld+json\" class=\"yoast-schema-graph\">{\"@context\":\"https:\/\/schema.org\",\"@graph\":[{\"@type\":\"WebPage\",\"@id\":\"https:\/\/www.mediapartizan.at\/?p=8043\",\"url\":\"https:\/\/www.mediapartizan.at\/?p=8043\",\"name\":\"Kein \\\"Mini-Jost-Fall\\\": Ex-Landesschulratspr\u00e4sident wollte (weit) \u00fcber Pensionsalter hinaus im Job bleiben. Politik schob allerdings Riegel vor - Mediapartizan.at\",\"isPartOf\":{\"@id\":\"https:\/\/www.mediapartizan.at\/#website\"},\"datePublished\":\"2024-01-16T12:43:54+00:00\",\"dateModified\":\"2024-01-16T12:43:57+00:00\",\"author\":{\"@id\":\"https:\/\/www.mediapartizan.at\/#\/schema\/person\/f6bd7eb8222f2fe985c78d08f17ed7a9\"},\"breadcrumb\":{\"@id\":\"https:\/\/www.mediapartizan.at\/?p=8043#breadcrumb\"},\"inLanguage\":\"de\",\"potentialAction\":[{\"@type\":\"ReadAction\",\"target\":[\"https:\/\/www.mediapartizan.at\/?p=8043\"]}]},{\"@type\":\"BreadcrumbList\",\"@id\":\"https:\/\/www.mediapartizan.at\/?p=8043#breadcrumb\",\"itemListElement\":[{\"@type\":\"ListItem\",\"position\":1,\"name\":\"Startseite\",\"item\":\"https:\/\/www.mediapartizan.at\/\"},{\"@type\":\"ListItem\",\"position\":2,\"name\":\"Kein &#8222;Mini-Jost-Fall&#8220;: Ex-Landesschulratspr\u00e4sident wollte (weit) \u00fcber Pensionsalter hinaus im Job bleiben. Politik schob allerdings Riegel vor\"}]},{\"@type\":\"WebSite\",\"@id\":\"https:\/\/www.mediapartizan.at\/#website\",\"url\":\"https:\/\/www.mediapartizan.at\/\",\"name\":\"Mediapartizan.at\",\"description\":\"\",\"potentialAction\":[{\"@type\":\"SearchAction\",\"target\":{\"@type\":\"EntryPoint\",\"urlTemplate\":\"https:\/\/www.mediapartizan.at\/?s={search_term_string}\"},\"query-input\":\"required name=search_term_string\"}],\"inLanguage\":\"de\"},{\"@type\":\"Person\",\"@id\":\"https:\/\/www.mediapartizan.at\/#\/schema\/person\/f6bd7eb8222f2fe985c78d08f17ed7a9\",\"name\":\"Franz Miklautz\",\"image\":{\"@type\":\"ImageObject\",\"inLanguage\":\"de\",\"@id\":\"https:\/\/www.mediapartizan.at\/#\/schema\/person\/image\/\",\"url\":\"https:\/\/secure.gravatar.com\/avatar\/5618667e9a7ab3fa3e1a0c75987c8d0c111ad041167e738d67ac0846e54e195e?s=96&d=mm&r=g\",\"contentUrl\":\"https:\/\/secure.gravatar.com\/avatar\/5618667e9a7ab3fa3e1a0c75987c8d0c111ad041167e738d67ac0846e54e195e?s=96&d=mm&r=g\",\"caption\":\"Franz Miklautz\"},\"url\":\"https:\/\/www.mediapartizan.at\/?author=2\"}]}<\/script>\n<!-- \/ Yoast SEO plugin. -->","yoast_head_json":{"title":"Kein \"Mini-Jost-Fall\": Ex-Landesschulratspr\u00e4sident wollte (weit) \u00fcber Pensionsalter hinaus im Job bleiben. Politik schob allerdings Riegel vor - Mediapartizan.at","robots":{"index":"index","follow":"follow","max-snippet":"max-snippet:-1","max-image-preview":"max-image-preview:large","max-video-preview":"max-video-preview:-1"},"canonical":"https:\/\/www.mediapartizan.at\/?p=8043","og_locale":"de_DE","og_type":"article","og_title":"Kein \"Mini-Jost-Fall\": Ex-Landesschulratspr\u00e4sident wollte (weit) \u00fcber Pensionsalter hinaus im Job bleiben. Politik schob allerdings Riegel vor - Mediapartizan.at","og_description":"Ex-Landesschulratspr\u00e4sident suchte - obwohl 68 und pensionsberechtigt - um Vertragsverl\u00e4ngerung an. Landesregierung blockte allerdings ab. \"Projektbezogene Zusammenarbeit aber m\u00f6glich.\" [...]","og_url":"https:\/\/www.mediapartizan.at\/?p=8043","og_site_name":"Mediapartizan.at","article_published_time":"2024-01-16T12:43:54+00:00","article_modified_time":"2024-01-16T12:43:57+00:00","og_image":[{"width":1024,"height":590,"url":"https:\/\/www.mediapartizan.at\/wp-content\/uploads\/2024\/01\/Kaerntner-Landesregierung-c-Creative-Commons-Johann-Jaritz.jpg","type":"image\/jpeg"}],"author":"Franz Miklautz","twitter_card":"summary_large_image","twitter_misc":{"Verfasst von":"Franz Miklautz","Gesch\u00e4tzte Lesezeit":"2\u00a0Minuten"},"schema":{"@context":"https:\/\/schema.org","@graph":[{"@type":"WebPage","@id":"https:\/\/www.mediapartizan.at\/?p=8043","url":"https:\/\/www.mediapartizan.at\/?p=8043","name":"Kein \"Mini-Jost-Fall\": Ex-Landesschulratspr\u00e4sident wollte (weit) \u00fcber Pensionsalter hinaus im Job bleiben. Politik schob allerdings Riegel vor - Mediapartizan.at","isPartOf":{"@id":"https:\/\/www.mediapartizan.at\/#website"},"datePublished":"2024-01-16T12:43:54+00:00","dateModified":"2024-01-16T12:43:57+00:00","author":{"@id":"https:\/\/www.mediapartizan.at\/#\/schema\/person\/f6bd7eb8222f2fe985c78d08f17ed7a9"},"breadcrumb":{"@id":"https:\/\/www.mediapartizan.at\/?p=8043#breadcrumb"},"inLanguage":"de","potentialAction":[{"@type":"ReadAction","target":["https:\/\/www.mediapartizan.at\/?p=8043"]}]},{"@type":"BreadcrumbList","@id":"https:\/\/www.mediapartizan.at\/?p=8043#breadcrumb","itemListElement":[{"@type":"ListItem","position":1,"name":"Startseite","item":"https:\/\/www.mediapartizan.at\/"},{"@type":"ListItem","position":2,"name":"Kein &#8222;Mini-Jost-Fall&#8220;: Ex-Landesschulratspr\u00e4sident wollte (weit) \u00fcber Pensionsalter hinaus im Job bleiben. Politik schob allerdings Riegel vor"}]},{"@type":"WebSite","@id":"https:\/\/www.mediapartizan.at\/#website","url":"https:\/\/www.mediapartizan.at\/","name":"Mediapartizan.at","description":"","potentialAction":[{"@type":"SearchAction","target":{"@type":"EntryPoint","urlTemplate":"https:\/\/www.mediapartizan.at\/?s={search_term_string}"},"query-input":"required name=search_term_string"}],"inLanguage":"de"},{"@type":"Person","@id":"https:\/\/www.mediapartizan.at\/#\/schema\/person\/f6bd7eb8222f2fe985c78d08f17ed7a9","name":"Franz Miklautz","image":{"@type":"ImageObject","inLanguage":"de","@id":"https:\/\/www.mediapartizan.at\/#\/schema\/person\/image\/","url":"https:\/\/secure.gravatar.com\/avatar\/5618667e9a7ab3fa3e1a0c75987c8d0c111ad041167e738d67ac0846e54e195e?s=96&d=mm&r=g","contentUrl":"https:\/\/secure.gravatar.com\/avatar\/5618667e9a7ab3fa3e1a0c75987c8d0c111ad041167e738d67ac0846e54e195e?s=96&d=mm&r=g","caption":"Franz Miklautz"},"url":"https:\/\/www.mediapartizan.at\/?author=2"}]}},"jetpack_featured_media_url":"https:\/\/i0.wp.com\/www.mediapartizan.at\/wp-content\/uploads\/2024\/01\/Kaerntner-Landesregierung-c-Creative-Commons-Johann-Jaritz.jpg?fit=1024%2C590&ssl=1","jetpack_sharing_enabled":true,"_links":{"self":[{"href":"https:\/\/www.mediapartizan.at\/index.php?rest_route=\/wp\/v2\/posts\/8043","targetHints":{"allow":["GET"]}}],"collection":[{"href":"https:\/\/www.mediapartizan.at\/index.php?rest_route=\/wp\/v2\/posts"}],"about":[{"href":"https:\/\/www.mediapartizan.at\/index.php?rest_route=\/wp\/v2\/types\/post"}],"author":[{"embeddable":true,"href":"https:\/\/www.mediapartizan.at\/index.php?rest_route=\/wp\/v2\/users\/2"}],"replies":[{"embeddable":true,"href":"https:\/\/www.mediapartizan.at\/index.php?rest_route=%2Fwp%2Fv2%2Fcomments&post=8043"}],"version-history":[{"count":2,"href":"https:\/\/www.mediapartizan.at\/index.php?rest_route=\/wp\/v2\/posts\/8043\/revisions"}],"predecessor-version":[{"id":8046,"href":"https:\/\/www.mediapartizan.at\/index.php?rest_route=\/wp\/v2\/posts\/8043\/revisions\/8046"}],"wp:featuredmedia":[{"embeddable":true,"href":"https:\/\/www.mediapartizan.at\/index.php?rest_route=\/wp\/v2\/media\/8044"}],"wp:attachment":[{"href":"https:\/\/www.mediapartizan.at\/index.php?rest_route=%2Fwp%2Fv2%2Fmedia&parent=8043"}],"wp:term":[{"taxonomy":"category","embeddable":true,"href":"https:\/\/www.mediapartizan.at\/index.php?rest_route=%2Fwp%2Fv2%2Fcategories&post=8043"},{"taxonomy":"post_tag","embeddable":true,"href":"https:\/\/www.mediapartizan.at\/index.php?rest_route=%2Fwp%2Fv2%2Ftags&post=8043"}],"curies":[{"name":"wp","href":"https:\/\/api.w.org\/{rel}","templated":true}]}}