{"id":8055,"date":"2024-01-16T22:53:08","date_gmt":"2024-01-16T21:53:08","guid":{"rendered":"https:\/\/www.mediapartizan.at\/?p=8055"},"modified":"2024-01-17T07:28:06","modified_gmt":"2024-01-17T06:28:06","slug":"kein-senkrechtstart-passagierwachstum-am-flughafen-klagenfurt-auch-unter-oeffentlicher-hand-recht-bodenstaendig","status":"publish","type":"post","link":"https:\/\/www.mediapartizan.at\/?p=8055","title":{"rendered":"Kein Senkrechtstart: Passagierwachstum am Flughafen Klagenfurt auch unter \u00d6ffentlicher Hand recht bodenst\u00e4ndig"},"content":{"rendered":"<p><\/p>\n<p>153.536. Das ist die Zahl der Passagiere, die im Jahr 2023 vom Flughafen Klagenfurt abgefertigt wurden. Wir erinnern uns: Im Juli 2023 war von der K\u00e4rntner Beteiligungsverwaltung (KBV) &#8211; sie h\u00e4lt die nunmehr 80 Prozent des Landes am Airport &#8211; und der Stadt Klagenfurt (20 Prozent) die Call Option gezogen worden. Also die R\u00fcckholung des Flughafens in die \u00f6ffentliche Hand, weil Investor Franz Peter Orasch (Lilihill-Gruppe) im Jahr 2022 weit unter den mindestens vereinbarten 100.000 Passagieren geblieben ist. Orasch hatte nur gut 82.700 Flugg\u00e4ste abgewickelt. Weswegen man sich dann im Juli 2023 von ihm verabschiedete. <\/p>\n<p><\/p>\n<p><\/p>\n<p><strong>Kein Raketenstart<\/strong><\/p>\n<p><\/p>\n<p><\/p>\n<p>Heute meldete der Flughafen unter gro\u00dfer Selbstzufriedenheit rund 86 Prozent Passagierwachstum im Vergleich zu 2022. Die Zahl stieg von besagten 82.700 auf 153.500 abgewickelte Kunden. Was man aber nicht erw\u00e4hnte: Dass bis Juli 2023 &#8211; das Datum Oraschs Verabschiedung &#8211; schon fast 92.000 Passagiere \u00fcbers Rollfeld pilgerten und somit Land und Stadt in fast einem Halbjahr lediglich gut 62.000 Passagiere aufstellten. Seit dem 2. Halbjahr ist Maximilian Wildt neuer Gesch\u00e4ftsf\u00fchrer der Flughafen GmbH. Ihm werden gro\u00dfe Anstrengungen attestiert, die wohl im ersten Halbjahr 2024 Fr\u00fcchte tragen sollten. F\u00fcr 2024 hat man sich 200.000 Passagiere vorgenommen. 2023 hatte man die Latte in einer Pressekonferenz im November auf 150.000 geschraubt, wohl in der Spekulation, (noch) nicht mehr erreichen zu k\u00f6nnen. Der Airport ben\u00f6tigt heuer bis zu 13 Millionen Euro an Investitions-Zuschusskapital, das sowohl die KBV (das Land) als auch die Stadt Klagenfurt aliquot als Kapitalerh\u00f6hung einbringen sollen. Innerhalb von f\u00fcnf Jahren soll sich der Airport laut Gesch\u00e4ftsf\u00fchrung selbst tragen. <\/p>\n<p><\/p>\n<p><\/p>\n<p><strong>Kein Entwicklungsplan<\/strong><\/p>\n<p><\/p>\n<p><\/p>\n<p>Was der Flughafen bis heute zumindest der \u00d6ffentlichkeit schuldig geblieben ist: Wie der Entwicklungsplan f\u00fcr die n\u00e4chsten drei bis f\u00fcnf Jahre aussieht. <\/p>\n<p><\/p>\n","protected":false},"excerpt":{"rendered":"<div class=\"mh-excerpt\"><p>Der Airport jubelt sich zwar selbst zu: Aber der Passagierzuwachs 2023 ist im Wesentlichen nicht auf Land und Stadt zur\u00fcckzuf\u00fchren. <a class=\"mh-excerpt-more\" href=\"https:\/\/www.mediapartizan.at\/?p=8055\" title=\"Kein Senkrechtstart: Passagierwachstum am Flughafen Klagenfurt auch unter \u00d6ffentlicher Hand recht bodenst\u00e4ndig\">[&#8230;]<\/a><\/p>\n<\/div>","protected":false},"author":2,"featured_media":5710,"comment_status":"open","ping_status":"open","sticky":false,"template":"","format":"standard","meta":{"inline_featured_image":false,"_jetpack_memberships_contains_paid_content":false,"footnotes":""},"categories":[166],"tags":[167,183,156,172,497],"class_list":{"0":"post-8055","1":"post","2":"type-post","3":"status-publish","4":"format-standard","5":"has-post-thumbnail","7":"category-flughafen-klagenfurt","8":"tag-flughafen-klagenfurt","9":"tag-kbv","10":"tag-klagenfurt","11":"tag-martin-payer","12":"tag-max-wildt"},"yoast_head":"<!-- This site is optimized with the Yoast SEO plugin v20.10 - https:\/\/yoast.com\/wordpress\/plugins\/seo\/ -->\n<title>Kein Senkrechtstart: Passagierwachstum am Flughafen Klagenfurt auch unter \u00d6ffentlicher Hand recht bodenst\u00e4ndig - Mediapartizan.at<\/title>\n<meta name=\"robots\" content=\"index, follow, max-snippet:-1, max-image-preview:large, max-video-preview:-1\" \/>\n<link rel=\"canonical\" href=\"https:\/\/www.mediapartizan.at\/?p=8055\" \/>\n<meta property=\"og:locale\" content=\"de_DE\" \/>\n<meta property=\"og:type\" content=\"article\" \/>\n<meta property=\"og:title\" content=\"Kein Senkrechtstart: Passagierwachstum am Flughafen Klagenfurt auch unter \u00d6ffentlicher Hand recht bodenst\u00e4ndig - Mediapartizan.at\" \/>\n<meta property=\"og:description\" content=\"Der Airport jubelt sich zwar selbst zu: Aber der Passagierzuwachs 2023 ist im Wesentlichen nicht auf Land und Stadt zur\u00fcckzuf\u00fchren. [...]\" \/>\n<meta property=\"og:url\" content=\"https:\/\/www.mediapartizan.at\/?p=8055\" \/>\n<meta property=\"og:site_name\" content=\"Mediapartizan.at\" \/>\n<meta property=\"article:published_time\" content=\"2024-01-16T21:53:08+00:00\" \/>\n<meta property=\"article:modified_time\" content=\"2024-01-17T06:28:06+00:00\" \/>\n<meta property=\"og:image\" content=\"https:\/\/www.mediapartizan.at\/wp-content\/uploads\/2023\/03\/Flughafen_eigene.jpg\" \/>\n\t<meta property=\"og:image:width\" content=\"1280\" \/>\n\t<meta property=\"og:image:height\" content=\"960\" \/>\n\t<meta property=\"og:image:type\" content=\"image\/jpeg\" \/>\n<meta name=\"author\" content=\"Franz Miklautz\" \/>\n<meta name=\"twitter:card\" content=\"summary_large_image\" \/>\n<meta name=\"twitter:label1\" content=\"Verfasst von\" \/>\n\t<meta name=\"twitter:data1\" content=\"Franz Miklautz\" \/>\n\t<meta name=\"twitter:label2\" content=\"Gesch\u00e4tzte Lesezeit\" \/>\n\t<meta name=\"twitter:data2\" content=\"2\u00a0Minuten\" \/>\n<script type=\"application\/ld+json\" class=\"yoast-schema-graph\">{\"@context\":\"https:\/\/schema.org\",\"@graph\":[{\"@type\":\"WebPage\",\"@id\":\"https:\/\/www.mediapartizan.at\/?p=8055\",\"url\":\"https:\/\/www.mediapartizan.at\/?p=8055\",\"name\":\"Kein Senkrechtstart: Passagierwachstum am Flughafen Klagenfurt auch unter \u00d6ffentlicher Hand recht bodenst\u00e4ndig - Mediapartizan.at\",\"isPartOf\":{\"@id\":\"https:\/\/www.mediapartizan.at\/#website\"},\"datePublished\":\"2024-01-16T21:53:08+00:00\",\"dateModified\":\"2024-01-17T06:28:06+00:00\",\"author\":{\"@id\":\"https:\/\/www.mediapartizan.at\/#\/schema\/person\/f6bd7eb8222f2fe985c78d08f17ed7a9\"},\"breadcrumb\":{\"@id\":\"https:\/\/www.mediapartizan.at\/?p=8055#breadcrumb\"},\"inLanguage\":\"de\",\"potentialAction\":[{\"@type\":\"ReadAction\",\"target\":[\"https:\/\/www.mediapartizan.at\/?p=8055\"]}]},{\"@type\":\"BreadcrumbList\",\"@id\":\"https:\/\/www.mediapartizan.at\/?p=8055#breadcrumb\",\"itemListElement\":[{\"@type\":\"ListItem\",\"position\":1,\"name\":\"Startseite\",\"item\":\"https:\/\/www.mediapartizan.at\/\"},{\"@type\":\"ListItem\",\"position\":2,\"name\":\"Kein Senkrechtstart: Passagierwachstum am Flughafen Klagenfurt auch unter \u00d6ffentlicher Hand recht bodenst\u00e4ndig\"}]},{\"@type\":\"WebSite\",\"@id\":\"https:\/\/www.mediapartizan.at\/#website\",\"url\":\"https:\/\/www.mediapartizan.at\/\",\"name\":\"Mediapartizan.at\",\"description\":\"\",\"potentialAction\":[{\"@type\":\"SearchAction\",\"target\":{\"@type\":\"EntryPoint\",\"urlTemplate\":\"https:\/\/www.mediapartizan.at\/?s={search_term_string}\"},\"query-input\":\"required name=search_term_string\"}],\"inLanguage\":\"de\"},{\"@type\":\"Person\",\"@id\":\"https:\/\/www.mediapartizan.at\/#\/schema\/person\/f6bd7eb8222f2fe985c78d08f17ed7a9\",\"name\":\"Franz Miklautz\",\"image\":{\"@type\":\"ImageObject\",\"inLanguage\":\"de\",\"@id\":\"https:\/\/www.mediapartizan.at\/#\/schema\/person\/image\/\",\"url\":\"https:\/\/secure.gravatar.com\/avatar\/5618667e9a7ab3fa3e1a0c75987c8d0c111ad041167e738d67ac0846e54e195e?s=96&d=mm&r=g\",\"contentUrl\":\"https:\/\/secure.gravatar.com\/avatar\/5618667e9a7ab3fa3e1a0c75987c8d0c111ad041167e738d67ac0846e54e195e?s=96&d=mm&r=g\",\"caption\":\"Franz Miklautz\"},\"url\":\"https:\/\/www.mediapartizan.at\/?author=2\"}]}<\/script>\n<!-- \/ Yoast SEO plugin. -->","yoast_head_json":{"title":"Kein Senkrechtstart: Passagierwachstum am Flughafen Klagenfurt auch unter \u00d6ffentlicher Hand recht bodenst\u00e4ndig - Mediapartizan.at","robots":{"index":"index","follow":"follow","max-snippet":"max-snippet:-1","max-image-preview":"max-image-preview:large","max-video-preview":"max-video-preview:-1"},"canonical":"https:\/\/www.mediapartizan.at\/?p=8055","og_locale":"de_DE","og_type":"article","og_title":"Kein Senkrechtstart: Passagierwachstum am Flughafen Klagenfurt auch unter \u00d6ffentlicher Hand recht bodenst\u00e4ndig - Mediapartizan.at","og_description":"Der Airport jubelt sich zwar selbst zu: Aber der Passagierzuwachs 2023 ist im Wesentlichen nicht auf Land und Stadt zur\u00fcckzuf\u00fchren. [...]","og_url":"https:\/\/www.mediapartizan.at\/?p=8055","og_site_name":"Mediapartizan.at","article_published_time":"2024-01-16T21:53:08+00:00","article_modified_time":"2024-01-17T06:28:06+00:00","og_image":[{"width":1280,"height":960,"url":"https:\/\/www.mediapartizan.at\/wp-content\/uploads\/2023\/03\/Flughafen_eigene.jpg","type":"image\/jpeg"}],"author":"Franz Miklautz","twitter_card":"summary_large_image","twitter_misc":{"Verfasst von":"Franz Miklautz","Gesch\u00e4tzte Lesezeit":"2\u00a0Minuten"},"schema":{"@context":"https:\/\/schema.org","@graph":[{"@type":"WebPage","@id":"https:\/\/www.mediapartizan.at\/?p=8055","url":"https:\/\/www.mediapartizan.at\/?p=8055","name":"Kein Senkrechtstart: Passagierwachstum am Flughafen Klagenfurt auch unter \u00d6ffentlicher Hand recht bodenst\u00e4ndig - Mediapartizan.at","isPartOf":{"@id":"https:\/\/www.mediapartizan.at\/#website"},"datePublished":"2024-01-16T21:53:08+00:00","dateModified":"2024-01-17T06:28:06+00:00","author":{"@id":"https:\/\/www.mediapartizan.at\/#\/schema\/person\/f6bd7eb8222f2fe985c78d08f17ed7a9"},"breadcrumb":{"@id":"https:\/\/www.mediapartizan.at\/?p=8055#breadcrumb"},"inLanguage":"de","potentialAction":[{"@type":"ReadAction","target":["https:\/\/www.mediapartizan.at\/?p=8055"]}]},{"@type":"BreadcrumbList","@id":"https:\/\/www.mediapartizan.at\/?p=8055#breadcrumb","itemListElement":[{"@type":"ListItem","position":1,"name":"Startseite","item":"https:\/\/www.mediapartizan.at\/"},{"@type":"ListItem","position":2,"name":"Kein Senkrechtstart: Passagierwachstum am Flughafen Klagenfurt auch unter \u00d6ffentlicher Hand recht bodenst\u00e4ndig"}]},{"@type":"WebSite","@id":"https:\/\/www.mediapartizan.at\/#website","url":"https:\/\/www.mediapartizan.at\/","name":"Mediapartizan.at","description":"","potentialAction":[{"@type":"SearchAction","target":{"@type":"EntryPoint","urlTemplate":"https:\/\/www.mediapartizan.at\/?s={search_term_string}"},"query-input":"required name=search_term_string"}],"inLanguage":"de"},{"@type":"Person","@id":"https:\/\/www.mediapartizan.at\/#\/schema\/person\/f6bd7eb8222f2fe985c78d08f17ed7a9","name":"Franz Miklautz","image":{"@type":"ImageObject","inLanguage":"de","@id":"https:\/\/www.mediapartizan.at\/#\/schema\/person\/image\/","url":"https:\/\/secure.gravatar.com\/avatar\/5618667e9a7ab3fa3e1a0c75987c8d0c111ad041167e738d67ac0846e54e195e?s=96&d=mm&r=g","contentUrl":"https:\/\/secure.gravatar.com\/avatar\/5618667e9a7ab3fa3e1a0c75987c8d0c111ad041167e738d67ac0846e54e195e?s=96&d=mm&r=g","caption":"Franz Miklautz"},"url":"https:\/\/www.mediapartizan.at\/?author=2"}]}},"jetpack_featured_media_url":"https:\/\/i0.wp.com\/www.mediapartizan.at\/wp-content\/uploads\/2023\/03\/Flughafen_eigene.jpg?fit=1280%2C960&ssl=1","jetpack_sharing_enabled":true,"_links":{"self":[{"href":"https:\/\/www.mediapartizan.at\/index.php?rest_route=\/wp\/v2\/posts\/8055","targetHints":{"allow":["GET"]}}],"collection":[{"href":"https:\/\/www.mediapartizan.at\/index.php?rest_route=\/wp\/v2\/posts"}],"about":[{"href":"https:\/\/www.mediapartizan.at\/index.php?rest_route=\/wp\/v2\/types\/post"}],"author":[{"embeddable":true,"href":"https:\/\/www.mediapartizan.at\/index.php?rest_route=\/wp\/v2\/users\/2"}],"replies":[{"embeddable":true,"href":"https:\/\/www.mediapartizan.at\/index.php?rest_route=%2Fwp%2Fv2%2Fcomments&post=8055"}],"version-history":[{"count":5,"href":"https:\/\/www.mediapartizan.at\/index.php?rest_route=\/wp\/v2\/posts\/8055\/revisions"}],"predecessor-version":[{"id":8060,"href":"https:\/\/www.mediapartizan.at\/index.php?rest_route=\/wp\/v2\/posts\/8055\/revisions\/8060"}],"wp:featuredmedia":[{"embeddable":true,"href":"https:\/\/www.mediapartizan.at\/index.php?rest_route=\/wp\/v2\/media\/5710"}],"wp:attachment":[{"href":"https:\/\/www.mediapartizan.at\/index.php?rest_route=%2Fwp%2Fv2%2Fmedia&parent=8055"}],"wp:term":[{"taxonomy":"category","embeddable":true,"href":"https:\/\/www.mediapartizan.at\/index.php?rest_route=%2Fwp%2Fv2%2Fcategories&post=8055"},{"taxonomy":"post_tag","embeddable":true,"href":"https:\/\/www.mediapartizan.at\/index.php?rest_route=%2Fwp%2Fv2%2Ftags&post=8055"}],"curies":[{"name":"wp","href":"https:\/\/api.w.org\/{rel}","templated":true}]}}