{"id":8167,"date":"2024-01-29T13:55:03","date_gmt":"2024-01-29T12:55:03","guid":{"rendered":"https:\/\/www.mediapartizan.at\/?p=8167"},"modified":"2024-01-30T10:29:06","modified_gmt":"2024-01-30T09:29:06","slug":"ausgeschoepft-zahlungsunfaehigkeit-und-vermoegensveraeusserungen-der-beipackzettel-zum-klagenfurter-budget-2","status":"publish","type":"post","link":"https:\/\/www.mediapartizan.at\/?p=8167","title":{"rendered":"&#8222;Ausgesch\u00f6pft, Zahlungsunf\u00e4higkeit&#8220; und &#8222;Verm\u00f6gensver\u00e4u\u00dferungen&#8220;: Der Beipackzettel zum Klagenfurter Budget"},"content":{"rendered":"<p><\/p>\n<p>Im Rathaus zu Klagenfurt herrscht Hochbetrieb. Das Adrenalin auf den G\u00e4ngen ist geradezu sp\u00fcrbar. Der Grund: In knapp 24 Stunden wird dem Gemeinderat der Budgetvoranschlag 2024 der sechstgr\u00f6\u00dften Stadt \u00d6sterreichs mit nahezu 400 Millionen Euro Einnahmen bzw. Ausgaben pr\u00e4sentiert. Wobei die Ausgaben um Etliches h\u00f6her sind als die Einnahmen.<\/p>\n<p><\/p>\n<p><\/p>\n<p>Vor knapp drei Wochen pr\u00e4sentierten B\u00fcrgermeister Christian Scheider (Team K\u00e4rnten) und Finanzreferent Philipp Liesnig (SP\u00d6) den Budgetvoranschlag. Liesnig referierte damals ein Minus von 6,1 Millionen Euro (Differenz zwischen Einnahmen und Ausgaben). Anfang J\u00e4nner war der Voranschlag sozusagen als Erfolg in letzter Minute pr\u00e4sentiert worden. Denn davor klafften zweitweise rund 40 Millionen Euro Minus in der Prognose. Damit konnte eine Zw\u00f6lftelregelung vermieden werden, bei der nicht mehr als ein Zw\u00f6lftel des Vergleichszeitraumes des Vorjahres ausgegeben werden darf. Und Vereine lang auf Subventionen h\u00e4tten warten m\u00fcssen.<\/p>\n<p><\/p>\n<p><\/p>\n<p><strong>Brisanter Beipacktext<\/strong><\/p>\n<p><\/p>\n<p><\/p>\n<p>Doch wie interne Papiere jetzt zeigen, f\u00e4llt der Voranschlag nicht so erfolgreich aus, wie er pr\u00e4sentiert wurde. Im Referentenantrag Liesnigs &#8211; die Unterschrift des Finanzabteilungsleiters Christoph Wutte wurde verweigert, wie die &#8222;Kleine Zeitung&#8220; berichtete &#8211; stehen zum Teil brisante Eckpunkte. Die -6,1 Millionen im <em>Gesamthaushalt<\/em> werden n\u00e4mlich nur erreicht, weil den Geb\u00fchrenhaushalten Kanal und M\u00fcllentsorgung sogenannte <em>Innere Darlehen<\/em> in H\u00f6he von 10,6 Millionen Euro entnommen werden. Damit steht vor dem sogenannten <em>Allgemeinen Haushalt<\/em> ein Minus von 16,7 Millionen Euro. Nimmt man die zu t\u00e4tigenden Millioneninvestionen noch mit hinzu, liegt das Nettoergebnis nach R\u00fccklagengebarung sogar bei minus 59,5 Millionen Euro. Der Nettofinanzierungssaldo betr\u00e4gt 62,7 Millionen Euro.<\/p>\n<p><\/p>\n<p><\/p>\n<p>Innere Darlehen aus den Geb\u00fchrenhaushalten k\u00f6nnen sich zur einer tickenden Zeitbombe entwickeln, weil etwa im Bereich Kanal die Geb\u00fchren, die die B\u00fcrger zu leisten haben, so lange angespart werden, bis sich die Sanierung einer Kl\u00e4ranlage ausgeht. Nimmt man diese Gelder dann aber zur Deckung des Minusbetriebs in der Magistratsverwaltung, muss man es irgendwann zur\u00fcckzahlen. Hat man es nicht, gibt es keine Kl\u00e4ranlage. Wie die Finanzabteilung argw\u00f6hnt, sind liquide Mittel im Kanalbereich kaum mehr vorhanden.<\/p>\n<p><\/p>\n<p><\/p>\n<p><strong>Warnung vor Supergau<\/strong><\/p>\n<p><\/p>\n<p><\/p>\n<p>Doch der Antrag spart auch in anderen Punkten nicht mit Kritik an der Finanzgebarung der Stadt. Nicht nur dass Wutte, Rechnungswesen-Chef Klaus Thuller und Ex-Magistratsdirektor Peter Jost schon im Herbst 2023 in einem Schreiben vor einem finanziellen Desaster warnten, mahnen die Finanzer nun ein weiteres Mal zu &#8222;sofortigen massiven Gegensteuerungsma\u00dfnahmen&#8220;. Sonst drohe die &#8222;Gefahr der zuk\u00fcnftigen Zahlungsunf\u00e4higkeit&#8220;. Denn &#8222;die hoch negativen Ergebnisse der operativen Gebarung im Allgemeinen Haushalt k\u00f6nnen nicht mehr durch Innere Darlehen ausgeglichen werden&#8220;. Was die Sachlage deutlich verd\u00fcstert.<\/p>\n<p><\/p>\n<p><\/p>\n<p><strong>Maastricht-Kriterien &#8222;klar verfehlt&#8220;<\/strong><\/p>\n<p><\/p>\n<p><\/p>\n<p>Zusammengefasst hei\u00dft das, dass der Magistratsbetrieb zu teuer ist. Und ein weiteres Damokles-Schwert h\u00e4ngt \u00fcber dem Voranschlag: 2020 hatte die EU aufgrund der Corona-Pandemie die <a href=\"https:\/\/www.oesterreich.gv.at\/lexicon\/E\/Seite.991175.html\" target=\"_blank\" rel=\"noreferrer noopener\">Maastricht-Kriterien<\/a> aufgeweicht. Das sind Vorgaben, die eine \u00fcberm\u00e4\u00dfige Verschuldung der \u00f6ffentlichen Hand verbieten. Nun, so die Finanzabteilung, zurrt die EU die Z\u00fcgel aber wieder fest: &#8222;Mit der durch die EU angek\u00fcndigten Deaktivierung der Ausweichklausel f\u00fcr 2024 tritt in der Folge auch der \u00d6sterreichische Stabilit\u00e4tspakt wieder in Kraft.&#8220; Der Voranschlag f\u00fcr 2024 jedoch weise &#8222;ein Maastricht-Defizit von minus 69.943.800 Euro auf&#8220;. Und das &#8222;ohne Ber\u00fccksichtigung der ausgegliederten Gesellschaften&#8220;. Die Ziele eines \u201eausgeglichenen Haushaltes im Sinne des Stabilit\u00e4tspaktes werden klar verfehlt&#8220;, monieren die Controller. <\/p>\n<p><\/p>\n<p><\/p>\n<p><strong>&#8222;Verm\u00f6gensver\u00e4u\u00dferungen&#8220; drohen<\/strong><\/p>\n<p><\/p>\n<p><\/p>\n<p>Die Finanzabteilung stellt auch gleich die Rute ins Fenster: Der Sanktionsbeitrag bei \u00dcberschreiten der Maastricht-Kriterien betrage 15 Prozent der \u00dcberschreitungssumme. Wie viel das absolut ist, kann man noch nicht sagen. Der Gemeinderat am Dienstag k\u00f6nnte brisanter nicht sein. Aufgrund der brenzligen finanziellen Situation der Stadt soll er n\u00e4mlich auch beschlie\u00dfen, dass &#8222;entsprechende Ma\u00dfnahmen zur Haushaltskonsolidierung und Sicherstellung zuk\u00fcnftiger Darlehenstilungen&#8220; umgesetzt werden. In Klammern des Antrags befindet sich dann ein Wort, das noch weitreichende Folgen haben k\u00f6nnte: &#8222;Verm\u00f6gensver\u00e4u\u00dferungen&#8220;. Mediapartizan.at hat am Textende eine Auswahl an m\u00f6glichen Folgen des budget\u00e4ren Missstands der Landeshauptstadt aufgelistet. Diese Abhandlung stammt von Ende November letzten Jahres, ist also erst gute zwei Monate alt. <\/p>\n<p><\/p>\n<p><\/p>\n<p>Die gef\u00e4hrliche Schieflage der Stadtfinanzen ist Folge einer bis heute verschleppten Aufgaben- und Strukturreform. Liesnig erkl\u00e4rt auf Anfrage, dass &#8222;ein Voranschlag nur sehr bedingt mit dem Rechnungsabschluss zu vergleichen ist. Ich bin jetzt seit zwei Jahren Finanzreferent und wir haben bei den Rechnungsabschl\u00fcssen immer ausgezeichnet abgeschlossen&#8220;. Der Rechnungsabschluss 2023 werde &#8222;wahrscheinlich \u00e4hnlich gut&#8220; wie die vorhergenden. Er sagt, &#8222;dass Reformen angegangen werden m\u00fcssen. F\u00fcr die Jahre bis 2028 sind 98 Millionen Euro nicht ausfinanziert&#8220;. Diese sollen &#8222;bei Projekten mitunter durch F\u00f6rderungen&#8220; hereinkommen. <\/p>\n<p><\/p>\n<p><\/p>\n<p>&#8222;Die Stadt hat 1,5 Milliarden Euro an Verm\u00f6gen. Da soll mir noch einmal jemand sagen, dass wir von einer Bank keinen Kredit bekommen. Das will ich von einem Kreditinstitut h\u00f6ren, nicht immer nur von unseren internen Abteilungen&#8220;. Sollte das aber der Fall sein, m\u00fcssten Projekte priorisiert oder zur\u00fcckgestellt werden. &#8222;Dann m\u00fcssen wir uns entscheiden, was uns wichtiger ist: Eine M\u00fcnzsammlung oder eine Schulsanierung.&#8220; <\/p>\n<p><\/p>\n<p><\/p>\n<p>Insgesamt &#8222;geht es mir geh\u00f6rig auf die Nerven, dass die gestalterische Arbeit f\u00fcr das Budget von mir kommen muss, weil es kompetente und aktive Abteilungen im Haus offenbar nicht schaffen&#8220;, spart auch Liesnig nicht mit Kritik.<\/p>\n<p><\/p>\n<p><\/p>\n<p><strong>&#8222;10 Mal h\u00f6heres Minus als pr\u00e4sentiert&#8220;: \u00d6VP wird gegen Budget stimmen<\/strong><\/p>\n<p><\/p>\n<p><\/p>\n<p>Morgen k\u00f6nnte es hochspannend werden. Die Volkspartei Klagenfurt hat sich schon gegen das Budget festgelegt: &#8222;Das Minus f\u00fcr 2024 betr\u00e4gt nicht 6,1 Millionen Euro wie behauptet, sondern<br \/>knapp 62 Millionen im allgemeinen Haushalt&#8220;, so Clubobmann Julian Geier. Weswegen die Schwarzen dagegen stimmen werden. &#8222;Es w\u00e4re verantwortungslos, der Bev\u00f6lkerung ein 10 Mal h\u00f6heres Minus als von B\u00fcrgermeister und Finanzreferent pr\u00e4sentiert zuzumuten.&#8220; Stadtparteiobmann Markus Malle legt noch eins drauf: \u201eUm den Haushalt auszugleichen, leiht man sich intern Geld aus. Die neu aufgenommenen inneren Darlehen aus dem Geb\u00fchrenhaushalt betragen 48 Millionen Euro &#8211; da nimmt Liesnig Geld aus der linken Hosentasche und steckt es in die rechte.&#8220;<\/p>\n<p><\/p>\n<p><\/p>\n<figure class=\"wp-block-image aligncenter size-large is-resized\"><img data-recalc-dims=\"1\" loading=\"lazy\" decoding=\"async\" src=\"https:\/\/i0.wp.com\/www.mediapartizan.at\/wp-content\/uploads\/2024\/01\/Bildschirmfoto-2024-01-29-um-12.49.51-3.png?resize=699%2C1369&#038;ssl=1\" alt=\"\" class=\"wp-image-8169\" width=\"699\" height=\"1369\" srcset=\"https:\/\/i0.wp.com\/www.mediapartizan.at\/wp-content\/uploads\/2024\/01\/Bildschirmfoto-2024-01-29-um-12.49.51-3.png?resize=523%2C1024&amp;ssl=1 523w, https:\/\/i0.wp.com\/www.mediapartizan.at\/wp-content\/uploads\/2024\/01\/Bildschirmfoto-2024-01-29-um-12.49.51-3.png?resize=153%2C300&amp;ssl=1 153w, https:\/\/i0.wp.com\/www.mediapartizan.at\/wp-content\/uploads\/2024\/01\/Bildschirmfoto-2024-01-29-um-12.49.51-3.png?w=736&amp;ssl=1 736w\" sizes=\"auto, (max-width: 699px) 100vw, 699px\" \/><figcaption class=\"wp-element-caption\">M\u00f6gliche Ma\u00dfnahmen (November 2023)<\/figcaption><\/figure>\n<p><\/p>\n","protected":false},"excerpt":{"rendered":"<div class=\"mh-excerpt\"><p>Hochspannung vor dem Dienstag-Gemeinderat: In internen Papieren der Stadt Klagenfurt wird mit Kritik der Fachabteilung Finanzen am Budgetvoranschlag von S\u00e4ckelwart Philipp Liesnig nicht gespart. Doch auch der geht in die Vollen. <a class=\"mh-excerpt-more\" href=\"https:\/\/www.mediapartizan.at\/?p=8167\" title=\"&#8222;Ausgesch\u00f6pft, Zahlungsunf\u00e4higkeit&#8220; und &#8222;Verm\u00f6gensver\u00e4u\u00dferungen&#8220;: Der Beipackzettel zum Klagenfurter Budget\">[&#8230;]<\/a><\/p>\n<\/div>","protected":false},"author":2,"featured_media":8182,"comment_status":"open","ping_status":"open","sticky":false,"template":"","format":"standard","meta":{"inline_featured_image":false,"_jetpack_memberships_contains_paid_content":false,"footnotes":""},"categories":[143],"tags":[367,156,203],"class_list":{"0":"post-8167","1":"post","2":"type-post","3":"status-publish","4":"format-standard","5":"has-post-thumbnail","7":"category-stadt-klagenfurt","8":"tag-budget","9":"tag-klagenfurt","10":"tag-philipp-liesnig"},"yoast_head":"<!-- This site is optimized with the Yoast SEO plugin v20.10 - https:\/\/yoast.com\/wordpress\/plugins\/seo\/ -->\n<title>&quot;Ausgesch\u00f6pft, Zahlungsunf\u00e4higkeit&quot; und &quot;Verm\u00f6gensver\u00e4u\u00dferungen&quot;: Der Beipackzettel zum Klagenfurter Budget - Mediapartizan.at<\/title>\n<meta name=\"robots\" content=\"index, follow, max-snippet:-1, max-image-preview:large, max-video-preview:-1\" \/>\n<link rel=\"canonical\" href=\"https:\/\/www.mediapartizan.at\/?p=8167\" \/>\n<meta property=\"og:locale\" content=\"de_DE\" \/>\n<meta property=\"og:type\" content=\"article\" \/>\n<meta property=\"og:title\" content=\"&quot;Ausgesch\u00f6pft, Zahlungsunf\u00e4higkeit&quot; und &quot;Verm\u00f6gensver\u00e4u\u00dferungen&quot;: Der Beipackzettel zum Klagenfurter Budget - Mediapartizan.at\" \/>\n<meta property=\"og:description\" content=\"Hochspannung vor dem Dienstag-Gemeinderat: In internen Papieren der Stadt Klagenfurt wird mit Kritik der Fachabteilung Finanzen am Budgetvoranschlag von S\u00e4ckelwart Philipp Liesnig nicht gespart. Doch auch der geht in die Vollen. [...]\" \/>\n<meta property=\"og:url\" content=\"https:\/\/www.mediapartizan.at\/?p=8167\" \/>\n<meta property=\"og:site_name\" content=\"Mediapartizan.at\" \/>\n<meta property=\"article:published_time\" content=\"2024-01-29T12:55:03+00:00\" \/>\n<meta property=\"article:modified_time\" content=\"2024-01-30T09:29:06+00:00\" \/>\n<meta property=\"og:image\" content=\"https:\/\/www.mediapartizan.at\/wp-content\/uploads\/2024\/01\/Bildschirmfoto-2024-01-29-um-19.35.04-1024x628.png\" \/>\n\t<meta property=\"og:image:width\" content=\"1024\" \/>\n\t<meta property=\"og:image:height\" content=\"628\" \/>\n\t<meta property=\"og:image:type\" content=\"image\/png\" \/>\n<meta name=\"author\" content=\"Franz Miklautz\" \/>\n<meta name=\"twitter:card\" content=\"summary_large_image\" \/>\n<meta name=\"twitter:label1\" content=\"Verfasst von\" \/>\n\t<meta name=\"twitter:data1\" content=\"Franz Miklautz\" \/>\n\t<meta name=\"twitter:label2\" content=\"Gesch\u00e4tzte Lesezeit\" \/>\n\t<meta name=\"twitter:data2\" content=\"6\u00a0Minuten\" \/>\n<script type=\"application\/ld+json\" class=\"yoast-schema-graph\">{\"@context\":\"https:\/\/schema.org\",\"@graph\":[{\"@type\":\"WebPage\",\"@id\":\"https:\/\/www.mediapartizan.at\/?p=8167\",\"url\":\"https:\/\/www.mediapartizan.at\/?p=8167\",\"name\":\"\\\"Ausgesch\u00f6pft, Zahlungsunf\u00e4higkeit\\\" und \\\"Verm\u00f6gensver\u00e4u\u00dferungen\\\": Der Beipackzettel zum Klagenfurter Budget - Mediapartizan.at\",\"isPartOf\":{\"@id\":\"https:\/\/www.mediapartizan.at\/#website\"},\"datePublished\":\"2024-01-29T12:55:03+00:00\",\"dateModified\":\"2024-01-30T09:29:06+00:00\",\"author\":{\"@id\":\"https:\/\/www.mediapartizan.at\/#\/schema\/person\/f6bd7eb8222f2fe985c78d08f17ed7a9\"},\"breadcrumb\":{\"@id\":\"https:\/\/www.mediapartizan.at\/?p=8167#breadcrumb\"},\"inLanguage\":\"de\",\"potentialAction\":[{\"@type\":\"ReadAction\",\"target\":[\"https:\/\/www.mediapartizan.at\/?p=8167\"]}]},{\"@type\":\"BreadcrumbList\",\"@id\":\"https:\/\/www.mediapartizan.at\/?p=8167#breadcrumb\",\"itemListElement\":[{\"@type\":\"ListItem\",\"position\":1,\"name\":\"Startseite\",\"item\":\"https:\/\/www.mediapartizan.at\/\"},{\"@type\":\"ListItem\",\"position\":2,\"name\":\"&#8222;Ausgesch\u00f6pft, Zahlungsunf\u00e4higkeit&#8220; und &#8222;Verm\u00f6gensver\u00e4u\u00dferungen&#8220;: Der Beipackzettel zum Klagenfurter Budget\"}]},{\"@type\":\"WebSite\",\"@id\":\"https:\/\/www.mediapartizan.at\/#website\",\"url\":\"https:\/\/www.mediapartizan.at\/\",\"name\":\"Mediapartizan.at\",\"description\":\"\",\"potentialAction\":[{\"@type\":\"SearchAction\",\"target\":{\"@type\":\"EntryPoint\",\"urlTemplate\":\"https:\/\/www.mediapartizan.at\/?s={search_term_string}\"},\"query-input\":\"required name=search_term_string\"}],\"inLanguage\":\"de\"},{\"@type\":\"Person\",\"@id\":\"https:\/\/www.mediapartizan.at\/#\/schema\/person\/f6bd7eb8222f2fe985c78d08f17ed7a9\",\"name\":\"Franz Miklautz\",\"image\":{\"@type\":\"ImageObject\",\"inLanguage\":\"de\",\"@id\":\"https:\/\/www.mediapartizan.at\/#\/schema\/person\/image\/\",\"url\":\"https:\/\/secure.gravatar.com\/avatar\/5618667e9a7ab3fa3e1a0c75987c8d0c111ad041167e738d67ac0846e54e195e?s=96&d=mm&r=g\",\"contentUrl\":\"https:\/\/secure.gravatar.com\/avatar\/5618667e9a7ab3fa3e1a0c75987c8d0c111ad041167e738d67ac0846e54e195e?s=96&d=mm&r=g\",\"caption\":\"Franz Miklautz\"},\"url\":\"https:\/\/www.mediapartizan.at\/?author=2\"}]}<\/script>\n<!-- \/ Yoast SEO plugin. -->","yoast_head_json":{"title":"\"Ausgesch\u00f6pft, Zahlungsunf\u00e4higkeit\" und \"Verm\u00f6gensver\u00e4u\u00dferungen\": Der Beipackzettel zum Klagenfurter Budget - Mediapartizan.at","robots":{"index":"index","follow":"follow","max-snippet":"max-snippet:-1","max-image-preview":"max-image-preview:large","max-video-preview":"max-video-preview:-1"},"canonical":"https:\/\/www.mediapartizan.at\/?p=8167","og_locale":"de_DE","og_type":"article","og_title":"\"Ausgesch\u00f6pft, Zahlungsunf\u00e4higkeit\" und \"Verm\u00f6gensver\u00e4u\u00dferungen\": Der Beipackzettel zum Klagenfurter Budget - Mediapartizan.at","og_description":"Hochspannung vor dem Dienstag-Gemeinderat: In internen Papieren der Stadt Klagenfurt wird mit Kritik der Fachabteilung Finanzen am Budgetvoranschlag von S\u00e4ckelwart Philipp Liesnig nicht gespart. Doch auch der geht in die Vollen. [...]","og_url":"https:\/\/www.mediapartizan.at\/?p=8167","og_site_name":"Mediapartizan.at","article_published_time":"2024-01-29T12:55:03+00:00","article_modified_time":"2024-01-30T09:29:06+00:00","og_image":[{"width":1024,"height":628,"url":"https:\/\/www.mediapartizan.at\/wp-content\/uploads\/2024\/01\/Bildschirmfoto-2024-01-29-um-19.35.04-1024x628.png","type":"image\/png"}],"author":"Franz Miklautz","twitter_card":"summary_large_image","twitter_misc":{"Verfasst von":"Franz Miklautz","Gesch\u00e4tzte Lesezeit":"6\u00a0Minuten"},"schema":{"@context":"https:\/\/schema.org","@graph":[{"@type":"WebPage","@id":"https:\/\/www.mediapartizan.at\/?p=8167","url":"https:\/\/www.mediapartizan.at\/?p=8167","name":"\"Ausgesch\u00f6pft, Zahlungsunf\u00e4higkeit\" und \"Verm\u00f6gensver\u00e4u\u00dferungen\": Der Beipackzettel zum Klagenfurter Budget - Mediapartizan.at","isPartOf":{"@id":"https:\/\/www.mediapartizan.at\/#website"},"datePublished":"2024-01-29T12:55:03+00:00","dateModified":"2024-01-30T09:29:06+00:00","author":{"@id":"https:\/\/www.mediapartizan.at\/#\/schema\/person\/f6bd7eb8222f2fe985c78d08f17ed7a9"},"breadcrumb":{"@id":"https:\/\/www.mediapartizan.at\/?p=8167#breadcrumb"},"inLanguage":"de","potentialAction":[{"@type":"ReadAction","target":["https:\/\/www.mediapartizan.at\/?p=8167"]}]},{"@type":"BreadcrumbList","@id":"https:\/\/www.mediapartizan.at\/?p=8167#breadcrumb","itemListElement":[{"@type":"ListItem","position":1,"name":"Startseite","item":"https:\/\/www.mediapartizan.at\/"},{"@type":"ListItem","position":2,"name":"&#8222;Ausgesch\u00f6pft, Zahlungsunf\u00e4higkeit&#8220; und &#8222;Verm\u00f6gensver\u00e4u\u00dferungen&#8220;: Der Beipackzettel zum Klagenfurter Budget"}]},{"@type":"WebSite","@id":"https:\/\/www.mediapartizan.at\/#website","url":"https:\/\/www.mediapartizan.at\/","name":"Mediapartizan.at","description":"","potentialAction":[{"@type":"SearchAction","target":{"@type":"EntryPoint","urlTemplate":"https:\/\/www.mediapartizan.at\/?s={search_term_string}"},"query-input":"required name=search_term_string"}],"inLanguage":"de"},{"@type":"Person","@id":"https:\/\/www.mediapartizan.at\/#\/schema\/person\/f6bd7eb8222f2fe985c78d08f17ed7a9","name":"Franz Miklautz","image":{"@type":"ImageObject","inLanguage":"de","@id":"https:\/\/www.mediapartizan.at\/#\/schema\/person\/image\/","url":"https:\/\/secure.gravatar.com\/avatar\/5618667e9a7ab3fa3e1a0c75987c8d0c111ad041167e738d67ac0846e54e195e?s=96&d=mm&r=g","contentUrl":"https:\/\/secure.gravatar.com\/avatar\/5618667e9a7ab3fa3e1a0c75987c8d0c111ad041167e738d67ac0846e54e195e?s=96&d=mm&r=g","caption":"Franz Miklautz"},"url":"https:\/\/www.mediapartizan.at\/?author=2"}]}},"jetpack_featured_media_url":"https:\/\/i0.wp.com\/www.mediapartizan.at\/wp-content\/uploads\/2024\/01\/Bildschirmfoto-2024-01-29-um-19.35.04.png?fit=1970%2C1208&ssl=1","jetpack_sharing_enabled":true,"_links":{"self":[{"href":"https:\/\/www.mediapartizan.at\/index.php?rest_route=\/wp\/v2\/posts\/8167","targetHints":{"allow":["GET"]}}],"collection":[{"href":"https:\/\/www.mediapartizan.at\/index.php?rest_route=\/wp\/v2\/posts"}],"about":[{"href":"https:\/\/www.mediapartizan.at\/index.php?rest_route=\/wp\/v2\/types\/post"}],"author":[{"embeddable":true,"href":"https:\/\/www.mediapartizan.at\/index.php?rest_route=\/wp\/v2\/users\/2"}],"replies":[{"embeddable":true,"href":"https:\/\/www.mediapartizan.at\/index.php?rest_route=%2Fwp%2Fv2%2Fcomments&post=8167"}],"version-history":[{"count":9,"href":"https:\/\/www.mediapartizan.at\/index.php?rest_route=\/wp\/v2\/posts\/8167\/revisions"}],"predecessor-version":[{"id":8194,"href":"https:\/\/www.mediapartizan.at\/index.php?rest_route=\/wp\/v2\/posts\/8167\/revisions\/8194"}],"wp:featuredmedia":[{"embeddable":true,"href":"https:\/\/www.mediapartizan.at\/index.php?rest_route=\/wp\/v2\/media\/8182"}],"wp:attachment":[{"href":"https:\/\/www.mediapartizan.at\/index.php?rest_route=%2Fwp%2Fv2%2Fmedia&parent=8167"}],"wp:term":[{"taxonomy":"category","embeddable":true,"href":"https:\/\/www.mediapartizan.at\/index.php?rest_route=%2Fwp%2Fv2%2Fcategories&post=8167"},{"taxonomy":"post_tag","embeddable":true,"href":"https:\/\/www.mediapartizan.at\/index.php?rest_route=%2Fwp%2Fv2%2Ftags&post=8167"}],"curies":[{"name":"wp","href":"https:\/\/api.w.org\/{rel}","templated":true}]}}