{"id":8243,"date":"2024-02-08T18:50:37","date_gmt":"2024-02-08T17:50:37","guid":{"rendered":"https:\/\/www.mediapartizan.at\/?p=8243"},"modified":"2024-06-13T11:26:33","modified_gmt":"2024-06-13T09:26:33","slug":"ex-stadtvize-dolinar-zeigt-fall-klagenfurt-wohnen-bei-staatsanwaltschaft-an","status":"publish","type":"post","link":"https:\/\/www.mediapartizan.at\/?p=8243","title":{"rendered":"Ex-Stadtvize Dolinar zeigt &#8222;Fall Klagenfurt Wohnen&#8220; bei Staatsanwaltschaft an"},"content":{"rendered":"<p><\/p>\n<p>Seit wenigen Stunden ist er nicht mehr Vizeb\u00fcrgermeister: Alois Dolinar sitzt seit heute Nachmittag nicht mehr auf der Regierungsbank im Klagenfurter Rathaus. Der Team-K\u00e4rnten-Politiker war drei Jahre lang Stadtvize, zur H\u00e4lfte der Amtsperiode war sein R\u00fcckzug planm\u00e4\u00dfig vereinbart. Der kam jedoch schneller als vermutet, <a href=\"https:\/\/www.mediapartizan.at\/?p=8061\" target=\"_blank\" rel=\"noreferrer noopener\">weil Dolinar in eine umstrittene Wohnungsvergabe an seinen Sohn involviert war<\/a>. Neuer zweiter Vize ist seit einigen Stunden Alexander Kastner, bis dato Bundesheer-Oberst. Er ist der Wunsch-Kandidat von TK-Landesparteichef Gerhard K\u00f6fer.<\/p>\n<p><\/p>\n<p><\/p>\n<p><strong>&#8222;Netzwerke und Medien&#8220;<\/strong><\/p>\n<p><\/p>\n<p><\/p>\n<p>Doch Dolinar &#8211; sein Sohn <a href=\"https:\/\/www.mediapartizan.at\/?p=8183\" target=\"_blank\" rel=\"noreferrer noopener\">und er sitzen nun auf Gemeinderatspl\u00e4tzen<\/a> &#8211; ging nicht ohne Duftmarken zu setzen. Das k\u00fcndigte er schon in einer Plenarsitzung am 30. J\u00e4nner an. Da wandte sich Dolinar gegen &#8222;Netzwerke und Medien&#8220;, von denen er sich offenbar konzertiert bek\u00e4mpft sah. Er, so Dolinar, sei &#8222;der Aufdecker&#8220; der m\u00f6glichen Fehlentwicklungen bei der Stadttochter &#8222;Klagenfurt Wohnen&#8220;. Weswegen man sich nun gegen ihn wende. Die Organisationseinheit &#8222;Klagenfurt Wohnen&#8220; verwaltet 3100 Gemeindewohnungen und hat das Zuweisungsrecht f\u00fcr eine gro\u00dfe Anzahl an Genossenschaftsbleiben.<\/p>\n<p><\/p>\n<p><\/p>\n<p><strong>Dolinar wandte sich an Wirtschafts- und Korruptionsstaatsanwaltschaft<\/strong><\/p>\n<p><\/p>\n<p><\/p>\n<p>Wie Mediapartizan-Recherchen heute ergaben, hat Dolinar seinen Aussagen der J\u00e4nner-Gemeinderatssitzung tats\u00e4chlich Volumen verliehen. Die Leiterin der Medienstelle der Wirtschafts- und Korruptionsstaatsanwaltschaft (WKStA), Oberstaatsanw\u00e4ltin Elisabeth T\u00e4ubl, best\u00e4tigt auf Anfrage das Einlangen einer Anzeige im Fall &#8222;Klagenfurt Wohnen&#8220;. Die Anzeige wurde von Dolinar eingebracht oder von ihm veranlasst. Darauf nahm Dolinar bereits gestern Bezug. T\u00e4ubl erkl\u00e4rte allerdings, noch nichts \u00fcber den Inhalt sagen zu k\u00f6nnen, da die Unterlagen erst heute digital eingelangt seien. Nach erster Pr\u00fcfung ging die Anzeige dann zur weiteren Bearbeitung an die Staatsanwaltschaft Klagenfurt. Wo sie heute Nachmittag noch nicht eingetroffen war, wie Beh\u00f6rdensprecherin Staatsanw\u00e4ltin Tina Frimmel-Hesse sagte. Das wird aber voraussichtlich wohl morgen der Fall sein.  <\/p>\n<p><\/p>\n<p><\/p>\n<p><strong>Landesrechnungshof fand M\u00e4ngel<\/strong><\/p>\n<p><\/p>\n<p><\/p>\n<p>Dolinar, der unl\u00e4ngst eine Pr\u00fcfung von &#8222;Klagenfurt Wohnen&#8220; durch den K\u00e4rntner Landesrechnungshof veranlasste, <a href=\"https:\/\/www.mediapartizan.at\/?p=7946\" target=\"_blank\" rel=\"noreferrer noopener\">durch die M\u00e4ngel an die Oberfl\u00e4che kamen<\/a>, prangt in seiner Anzeige offenbar Folgendes an: Einerseits habe ein Buchhaltungsunternehmen, das im privaten Besitz eines Mitarbeiters steht, Rechnungen an &#8222;Klagenfurt Wohnen&#8220; gestellt. Dabei soll es um Rechnungswesen-Leistungen gegangen sein (die auch vollbracht worden seien und eher niedrig gewesen sein sollen). Andererseits d\u00fcrfte Dolinar als nunmehr ehemaligem Wohnungsreferenten aufgesto\u00dfen sein, dass laut Rechnungshof die ehemalige Gesch\u00e4ftsf\u00fchrung von &#8222;Klagenfurt Wohnen&#8220; Auftragsvergaben veranlasste<a href=\"https:\/\/www.mediapartizan.at\/?p=7946\" target=\"_blank\" rel=\"noreferrer noopener\">, f\u00fcr die es keine Ausschreibungen gab.<\/a> Die jedoch laut Landesrechnungshof verpflichtend gewesen w\u00e4ren.<\/p>\n<p><\/p>\n<p><\/p>\n<p>Anmerkung: In dieser Anzeige wird zum heutigen Tag weder ermittelt, noch besteht derzeit ein Anfangsverdacht. F\u00fcr etwaig erw\u00e4hnte Personen in der Sachverhaltsdarstellung gilt selbstredend die Unschuldsvermutung. Mediapartizan.at berichtet \u00fcber die Anzeige, weil es sich dabei einerseits laut Rechnungshof um nicht unerhebliche M\u00e4ngel der Gesch\u00e4ftsgebarung handelt. Und andererseits weil es nicht allt\u00e4glich ist, dass ein hoher Kommunalpolitiker noch w\u00e4hrend seiner Amtszeit die Gesch\u00e4ftsgebarung aus einem seiner eigenen Referate anzeigt. Mittlerweile ist &#8222;Klagenfurt Wohnen&#8220; unter neuer Gesch\u00e4ftsf\u00fchrung.<\/p>\n<p><\/p>\n","protected":false},"excerpt":{"rendered":"<div class=\"mh-excerpt\"><p>Geschichten aus dem Gemeindebau: Zur\u00fcckgetretener Vizeb\u00fcrgermeister Alois Dolinar zeigt in letzter Amtshandlung mutma\u00dfliche Misswirtschaft von &#8222;Klagenfurt Wohnen&#8220; bei Staatsanwaltschaft an.  <a class=\"mh-excerpt-more\" href=\"https:\/\/www.mediapartizan.at\/?p=8243\" title=\"Ex-Stadtvize Dolinar zeigt &#8222;Fall Klagenfurt Wohnen&#8220; bei Staatsanwaltschaft an\">[&#8230;]<\/a><\/p>\n<\/div>","protected":false},"author":2,"featured_media":8244,"comment_status":"open","ping_status":"open","sticky":false,"template":"","format":"standard","meta":{"inline_featured_image":false,"_jetpack_memberships_contains_paid_content":false,"footnotes":""},"categories":[143],"tags":[350,123,516,509,526,204,525,518],"class_list":{"0":"post-8243","1":"post","2":"type-post","3":"status-publish","4":"format-standard","5":"has-post-thumbnail","7":"category-stadt-klagenfurt","8":"tag-alois-dolinar","9":"tag-ausschreibung","10":"tag-gerhard-koefer","11":"tag-klagenfurt-wohnen","12":"tag-staatsanwaltschaft","13":"tag-team-kaernten","14":"tag-wohnung","15":"tag-wohnungsvergabe"},"yoast_head":"<!-- This site is optimized with the Yoast SEO plugin v20.10 - https:\/\/yoast.com\/wordpress\/plugins\/seo\/ -->\n<title>Ex-Stadtvize Dolinar zeigt &quot;Fall Klagenfurt Wohnen&quot; bei Staatsanwaltschaft an - Mediapartizan.at<\/title>\n<meta name=\"robots\" content=\"index, follow, max-snippet:-1, max-image-preview:large, max-video-preview:-1\" \/>\n<link rel=\"canonical\" href=\"https:\/\/www.mediapartizan.at\/?p=8243\" \/>\n<meta property=\"og:locale\" content=\"de_DE\" \/>\n<meta property=\"og:type\" content=\"article\" \/>\n<meta property=\"og:title\" content=\"Ex-Stadtvize Dolinar zeigt &quot;Fall Klagenfurt Wohnen&quot; bei Staatsanwaltschaft an - Mediapartizan.at\" \/>\n<meta property=\"og:description\" content=\"Geschichten aus dem Gemeindebau: Zur\u00fcckgetretener Vizeb\u00fcrgermeister Alois Dolinar zeigt in letzter Amtshandlung mutma\u00dfliche Misswirtschaft von &quot;Klagenfurt Wohnen&quot; bei Staatsanwaltschaft an. [...]\" \/>\n<meta property=\"og:url\" content=\"https:\/\/www.mediapartizan.at\/?p=8243\" \/>\n<meta property=\"og:site_name\" content=\"Mediapartizan.at\" \/>\n<meta property=\"article:published_time\" content=\"2024-02-08T17:50:37+00:00\" \/>\n<meta property=\"article:modified_time\" content=\"2024-06-13T09:26:33+00:00\" \/>\n<meta property=\"og:image\" content=\"https:\/\/www.mediapartizan.at\/wp-content\/uploads\/2024\/02\/Bildschirmfoto-2024-02-08-um-18.42.44-1024x360.png\" \/>\n\t<meta property=\"og:image:width\" content=\"1024\" \/>\n\t<meta property=\"og:image:height\" content=\"360\" \/>\n\t<meta property=\"og:image:type\" content=\"image\/png\" \/>\n<meta name=\"author\" content=\"Franz Miklautz\" \/>\n<meta name=\"twitter:card\" content=\"summary_large_image\" \/>\n<meta name=\"twitter:label1\" content=\"Verfasst von\" \/>\n\t<meta name=\"twitter:data1\" content=\"Franz Miklautz\" \/>\n\t<meta name=\"twitter:label2\" content=\"Gesch\u00e4tzte Lesezeit\" \/>\n\t<meta name=\"twitter:data2\" content=\"3\u00a0Minuten\" \/>\n<script type=\"application\/ld+json\" class=\"yoast-schema-graph\">{\"@context\":\"https:\/\/schema.org\",\"@graph\":[{\"@type\":\"WebPage\",\"@id\":\"https:\/\/www.mediapartizan.at\/?p=8243\",\"url\":\"https:\/\/www.mediapartizan.at\/?p=8243\",\"name\":\"Ex-Stadtvize Dolinar zeigt \\\"Fall Klagenfurt Wohnen\\\" bei Staatsanwaltschaft an - Mediapartizan.at\",\"isPartOf\":{\"@id\":\"https:\/\/www.mediapartizan.at\/#website\"},\"datePublished\":\"2024-02-08T17:50:37+00:00\",\"dateModified\":\"2024-06-13T09:26:33+00:00\",\"author\":{\"@id\":\"https:\/\/www.mediapartizan.at\/#\/schema\/person\/f6bd7eb8222f2fe985c78d08f17ed7a9\"},\"breadcrumb\":{\"@id\":\"https:\/\/www.mediapartizan.at\/?p=8243#breadcrumb\"},\"inLanguage\":\"de\",\"potentialAction\":[{\"@type\":\"ReadAction\",\"target\":[\"https:\/\/www.mediapartizan.at\/?p=8243\"]}]},{\"@type\":\"BreadcrumbList\",\"@id\":\"https:\/\/www.mediapartizan.at\/?p=8243#breadcrumb\",\"itemListElement\":[{\"@type\":\"ListItem\",\"position\":1,\"name\":\"Startseite\",\"item\":\"https:\/\/www.mediapartizan.at\/\"},{\"@type\":\"ListItem\",\"position\":2,\"name\":\"Ex-Stadtvize Dolinar zeigt &#8222;Fall Klagenfurt Wohnen&#8220; bei Staatsanwaltschaft an\"}]},{\"@type\":\"WebSite\",\"@id\":\"https:\/\/www.mediapartizan.at\/#website\",\"url\":\"https:\/\/www.mediapartizan.at\/\",\"name\":\"Mediapartizan.at\",\"description\":\"\",\"potentialAction\":[{\"@type\":\"SearchAction\",\"target\":{\"@type\":\"EntryPoint\",\"urlTemplate\":\"https:\/\/www.mediapartizan.at\/?s={search_term_string}\"},\"query-input\":\"required name=search_term_string\"}],\"inLanguage\":\"de\"},{\"@type\":\"Person\",\"@id\":\"https:\/\/www.mediapartizan.at\/#\/schema\/person\/f6bd7eb8222f2fe985c78d08f17ed7a9\",\"name\":\"Franz Miklautz\",\"image\":{\"@type\":\"ImageObject\",\"inLanguage\":\"de\",\"@id\":\"https:\/\/www.mediapartizan.at\/#\/schema\/person\/image\/\",\"url\":\"https:\/\/secure.gravatar.com\/avatar\/5618667e9a7ab3fa3e1a0c75987c8d0c111ad041167e738d67ac0846e54e195e?s=96&d=mm&r=g\",\"contentUrl\":\"https:\/\/secure.gravatar.com\/avatar\/5618667e9a7ab3fa3e1a0c75987c8d0c111ad041167e738d67ac0846e54e195e?s=96&d=mm&r=g\",\"caption\":\"Franz Miklautz\"},\"url\":\"https:\/\/www.mediapartizan.at\/?author=2\"}]}<\/script>\n<!-- \/ Yoast SEO plugin. -->","yoast_head_json":{"title":"Ex-Stadtvize Dolinar zeigt \"Fall Klagenfurt Wohnen\" bei Staatsanwaltschaft an - Mediapartizan.at","robots":{"index":"index","follow":"follow","max-snippet":"max-snippet:-1","max-image-preview":"max-image-preview:large","max-video-preview":"max-video-preview:-1"},"canonical":"https:\/\/www.mediapartizan.at\/?p=8243","og_locale":"de_DE","og_type":"article","og_title":"Ex-Stadtvize Dolinar zeigt \"Fall Klagenfurt Wohnen\" bei Staatsanwaltschaft an - Mediapartizan.at","og_description":"Geschichten aus dem Gemeindebau: Zur\u00fcckgetretener Vizeb\u00fcrgermeister Alois Dolinar zeigt in letzter Amtshandlung mutma\u00dfliche Misswirtschaft von \"Klagenfurt Wohnen\" bei Staatsanwaltschaft an. [...]","og_url":"https:\/\/www.mediapartizan.at\/?p=8243","og_site_name":"Mediapartizan.at","article_published_time":"2024-02-08T17:50:37+00:00","article_modified_time":"2024-06-13T09:26:33+00:00","og_image":[{"width":1024,"height":360,"url":"https:\/\/www.mediapartizan.at\/wp-content\/uploads\/2024\/02\/Bildschirmfoto-2024-02-08-um-18.42.44-1024x360.png","type":"image\/png"}],"author":"Franz Miklautz","twitter_card":"summary_large_image","twitter_misc":{"Verfasst von":"Franz Miklautz","Gesch\u00e4tzte Lesezeit":"3\u00a0Minuten"},"schema":{"@context":"https:\/\/schema.org","@graph":[{"@type":"WebPage","@id":"https:\/\/www.mediapartizan.at\/?p=8243","url":"https:\/\/www.mediapartizan.at\/?p=8243","name":"Ex-Stadtvize Dolinar zeigt \"Fall Klagenfurt Wohnen\" bei Staatsanwaltschaft an - Mediapartizan.at","isPartOf":{"@id":"https:\/\/www.mediapartizan.at\/#website"},"datePublished":"2024-02-08T17:50:37+00:00","dateModified":"2024-06-13T09:26:33+00:00","author":{"@id":"https:\/\/www.mediapartizan.at\/#\/schema\/person\/f6bd7eb8222f2fe985c78d08f17ed7a9"},"breadcrumb":{"@id":"https:\/\/www.mediapartizan.at\/?p=8243#breadcrumb"},"inLanguage":"de","potentialAction":[{"@type":"ReadAction","target":["https:\/\/www.mediapartizan.at\/?p=8243"]}]},{"@type":"BreadcrumbList","@id":"https:\/\/www.mediapartizan.at\/?p=8243#breadcrumb","itemListElement":[{"@type":"ListItem","position":1,"name":"Startseite","item":"https:\/\/www.mediapartizan.at\/"},{"@type":"ListItem","position":2,"name":"Ex-Stadtvize Dolinar zeigt &#8222;Fall Klagenfurt Wohnen&#8220; bei Staatsanwaltschaft an"}]},{"@type":"WebSite","@id":"https:\/\/www.mediapartizan.at\/#website","url":"https:\/\/www.mediapartizan.at\/","name":"Mediapartizan.at","description":"","potentialAction":[{"@type":"SearchAction","target":{"@type":"EntryPoint","urlTemplate":"https:\/\/www.mediapartizan.at\/?s={search_term_string}"},"query-input":"required name=search_term_string"}],"inLanguage":"de"},{"@type":"Person","@id":"https:\/\/www.mediapartizan.at\/#\/schema\/person\/f6bd7eb8222f2fe985c78d08f17ed7a9","name":"Franz Miklautz","image":{"@type":"ImageObject","inLanguage":"de","@id":"https:\/\/www.mediapartizan.at\/#\/schema\/person\/image\/","url":"https:\/\/secure.gravatar.com\/avatar\/5618667e9a7ab3fa3e1a0c75987c8d0c111ad041167e738d67ac0846e54e195e?s=96&d=mm&r=g","contentUrl":"https:\/\/secure.gravatar.com\/avatar\/5618667e9a7ab3fa3e1a0c75987c8d0c111ad041167e738d67ac0846e54e195e?s=96&d=mm&r=g","caption":"Franz Miklautz"},"url":"https:\/\/www.mediapartizan.at\/?author=2"}]}},"jetpack_featured_media_url":"https:\/\/i0.wp.com\/www.mediapartizan.at\/wp-content\/uploads\/2024\/02\/Bildschirmfoto-2024-02-08-um-18.42.44.png?fit=2504%2C880&ssl=1","jetpack_sharing_enabled":true,"_links":{"self":[{"href":"https:\/\/www.mediapartizan.at\/index.php?rest_route=\/wp\/v2\/posts\/8243","targetHints":{"allow":["GET"]}}],"collection":[{"href":"https:\/\/www.mediapartizan.at\/index.php?rest_route=\/wp\/v2\/posts"}],"about":[{"href":"https:\/\/www.mediapartizan.at\/index.php?rest_route=\/wp\/v2\/types\/post"}],"author":[{"embeddable":true,"href":"https:\/\/www.mediapartizan.at\/index.php?rest_route=\/wp\/v2\/users\/2"}],"replies":[{"embeddable":true,"href":"https:\/\/www.mediapartizan.at\/index.php?rest_route=%2Fwp%2Fv2%2Fcomments&post=8243"}],"version-history":[{"count":26,"href":"https:\/\/www.mediapartizan.at\/index.php?rest_route=\/wp\/v2\/posts\/8243\/revisions"}],"predecessor-version":[{"id":8273,"href":"https:\/\/www.mediapartizan.at\/index.php?rest_route=\/wp\/v2\/posts\/8243\/revisions\/8273"}],"wp:featuredmedia":[{"embeddable":true,"href":"https:\/\/www.mediapartizan.at\/index.php?rest_route=\/wp\/v2\/media\/8244"}],"wp:attachment":[{"href":"https:\/\/www.mediapartizan.at\/index.php?rest_route=%2Fwp%2Fv2%2Fmedia&parent=8243"}],"wp:term":[{"taxonomy":"category","embeddable":true,"href":"https:\/\/www.mediapartizan.at\/index.php?rest_route=%2Fwp%2Fv2%2Fcategories&post=8243"},{"taxonomy":"post_tag","embeddable":true,"href":"https:\/\/www.mediapartizan.at\/index.php?rest_route=%2Fwp%2Fv2%2Ftags&post=8243"}],"curies":[{"name":"wp","href":"https:\/\/api.w.org\/{rel}","templated":true}]}}