{"id":8332,"date":"2024-02-13T14:17:38","date_gmt":"2024-02-13T13:17:38","guid":{"rendered":"https:\/\/www.mediapartizan.at\/?p=8332"},"modified":"2024-06-13T11:19:34","modified_gmt":"2024-06-13T09:19:34","slug":"ungereimtheiten-aktennotiz-bringt-klagenfurt-wohnen-weiter-unter-druck","status":"publish","type":"post","link":"https:\/\/www.mediapartizan.at\/?p=8332","title":{"rendered":"&#8222;Ungereimtheiten&#8220;: Aktennotiz bringt &#8222;Klagenfurt Wohnen&#8220; weiter unter Druck"},"content":{"rendered":"<p><\/p>\n<p>Es ist erst knapp einen Monat her, dass der K\u00e4rntner Landesrechnungshof (LRH) in seinem Rohbericht zur Stadttochter &#8222;Klagenfurt Wohnen&#8220; einen Wohnungsschacher aufzeigte. In der vorigen Amtsperiode war es offenbar zu einer <a href=\"https:\/\/www.mediapartizan.at\/?p=7946\" target=\"_blank\" rel=\"noreferrer noopener\">ausnehmend schnellen Zuweisung eines st\u00e4dtischen Reihenhauses an einen Magistratsmitarbeiter gekommen<\/a>. Dieser Mitarbeiter bewohnte zuvor schon eine Dienstwohnung. Ein &#8222;G&#8217;schm\u00e4ckle&#8220; haftet der Vergabe mitunter auch an, weil der Bruder dieses Stadtmitarbeiters ausgerechnet bei &#8222;Klagenfurt Wohnen&#8220; gearbeitet habe und: in der Nachbarschaft zum Reihenhaus gewohnt haben soll. Zwei Kommunalpolitiker, ein ehemaliger Wohnungsreferent und ein Ex-Vizeb\u00fcrgermeister, sollen per Intervention nachgeholfen haben.<\/p>\n<p><\/p>\n<p><\/p>\n<p><strong>&#8222;Klagenfurt Wohnen&#8220; versinkt in Aff\u00e4re<\/strong><\/p>\n<p><\/p>\n<p><\/p>\n<p>Dem nicht genug <a href=\"https:\/\/www.mediapartizan.at\/?p=8061\" target=\"_blank\" rel=\"noreferrer noopener\">stolperte der letzten Donnerstag abgel\u00f6ste Vizeb\u00fcrgermeister Alois Dolinar (Team K\u00e4rnten) \u00fcber eine Wohnungsaff\u00e4re<\/a>. Dolinar war auch Wohnungsreferent. Seinem Sohn war per einstimmigem Stadtsenatsbeschluss, bei dem der Politiker mitstimmte, eine Genossenschaftswohnung zugewiesen worden. Dolinar erkl\u00e4rte, nichts davon gewusst zu haben. Tags zuvor behauptete er gegen\u00fcber der <em>Kleinen Zeitung<\/em> noch, dass er seinem Sohn nur &#8222;helfen&#8220; wollte. Wie Mediapartizan.at aufdeckte, erl\u00f6ste der Sohn <a href=\"https:\/\/www.mediapartizan.at\/?p=8061\" target=\"_blank\" rel=\"noreferrer noopener\">nur sieben Monate nach der Wohnungszuweisung in einem Immobiliendeal auf der Sonnalm am Stubeck rund 750.000 Euro<\/a>. Was bedeuten k\u00f6nnte, dass Dolinars Stammhalter m\u00f6glicherweise keine entsprechende Bed\u00fcrftigkeit hatte.<\/p>\n<p><\/p>\n<p><\/p>\n<figure class=\"wp-block-image aligncenter size-large\"><img data-recalc-dims=\"1\" loading=\"lazy\" decoding=\"async\" width=\"1024\" height=\"134\" src=\"https:\/\/i0.wp.com\/www.mediapartizan.at\/wp-content\/uploads\/2024\/02\/IMG_20240213_142032.jpg?resize=1024%2C134&#038;ssl=1\" alt=\"\" class=\"wp-image-8337\" srcset=\"https:\/\/i0.wp.com\/www.mediapartizan.at\/wp-content\/uploads\/2024\/02\/IMG_20240213_142032-scaled.jpg?resize=1024%2C134&amp;ssl=1 1024w, https:\/\/i0.wp.com\/www.mediapartizan.at\/wp-content\/uploads\/2024\/02\/IMG_20240213_142032-scaled.jpg?resize=300%2C39&amp;ssl=1 300w, https:\/\/i0.wp.com\/www.mediapartizan.at\/wp-content\/uploads\/2024\/02\/IMG_20240213_142032-scaled.jpg?resize=768%2C100&amp;ssl=1 768w, https:\/\/i0.wp.com\/www.mediapartizan.at\/wp-content\/uploads\/2024\/02\/IMG_20240213_142032-scaled.jpg?resize=1536%2C201&amp;ssl=1 1536w, https:\/\/i0.wp.com\/www.mediapartizan.at\/wp-content\/uploads\/2024\/02\/IMG_20240213_142032-scaled.jpg?resize=2048%2C268&amp;ssl=1 2048w\" sizes=\"auto, (max-width: 1000px) 100vw, 1000px\" \/><figcaption class=\"wp-element-caption\">Aus dem Aktenvermerk<\/figcaption><\/figure>\n<p><\/p>\n<p><\/p>\n<p>Dolinar entgegnete, dass der Immobiliendeal seines Sohnes ein &#8222;schlechtes Gesch\u00e4ft&#8220; gewesen sei, &#8222;er musste verkaufen, weil die Baukosten drastisch gestiegen sind&#8220;. Doch Dolinar selbst hatte in unmittelbarer Nachbarschaft am Stubeck schon zuvor einen Immobiliendeal durchgezogen: Mit 500.000 Euro Erl\u00f6s. Und aktuell arbeitet ein weiteres Familienmitglied abermals am Bau eines Hauses auf der Sonnalm. Ob diese Immodeals also besorgniserregend &#8222;schlechte Gesch\u00e4fte&#8220; gewesen sein sollen, bleibt unklar.<\/p>\n<p><\/p>\n<p><\/p>\n<figure class=\"wp-block-image aligncenter size-large is-resized\"><img data-recalc-dims=\"1\" loading=\"lazy\" decoding=\"async\" src=\"https:\/\/i0.wp.com\/www.mediapartizan.at\/wp-content\/uploads\/2024\/02\/Schanig-Kanduth.jpeg?resize=214%2C321&#038;ssl=1\" alt=\"\" class=\"wp-image-8334\" width=\"214\" height=\"321\" srcset=\"https:\/\/i0.wp.com\/www.mediapartizan.at\/wp-content\/uploads\/2024\/02\/Schanig-Kanduth-scaled.jpeg?resize=683%2C1024&amp;ssl=1 683w, https:\/\/i0.wp.com\/www.mediapartizan.at\/wp-content\/uploads\/2024\/02\/Schanig-Kanduth-scaled.jpeg?resize=200%2C300&amp;ssl=1 200w, https:\/\/i0.wp.com\/www.mediapartizan.at\/wp-content\/uploads\/2024\/02\/Schanig-Kanduth-scaled.jpeg?resize=768%2C1152&amp;ssl=1 768w, https:\/\/i0.wp.com\/www.mediapartizan.at\/wp-content\/uploads\/2024\/02\/Schanig-Kanduth-scaled.jpeg?resize=1024%2C1536&amp;ssl=1 1024w, https:\/\/i0.wp.com\/www.mediapartizan.at\/wp-content\/uploads\/2024\/02\/Schanig-Kanduth-scaled.jpeg?resize=1365%2C2048&amp;ssl=1 1365w, https:\/\/i0.wp.com\/www.mediapartizan.at\/wp-content\/uploads\/2024\/02\/Schanig-Kanduth-scaled.jpeg?w=1707&amp;ssl=1 1707w\" sizes=\"auto, (max-width: 214px) 100vw, 214px\" \/><figcaption class=\"wp-element-caption\">Schaunig las &#8222;Klagenfurt Wohnen&#8220; die Leviten<\/figcaption><\/figure>\n<p><\/p>\n<p><\/p>\n<p>Mittlerweile hat sich Dolinar auf den Posten eines Ausschussobmanns in den Gemeinderat zur\u00fcckgezogen. Ihm folgte Alexander Kastner als Vizeb\u00fcrgermeister. In den Gemeinderat r\u00fcckte aber ausgerechnet auch der Nutznie\u00dfer der Wohnungszuweisung ein: Dolinars Sohn.<\/p>\n<p><\/p>\n<p><\/p>\n<p><strong>Aktennotiz untermauert &#8222;Ungereimtheiten&#8220;<\/strong> <strong>bei Stadttochter<\/strong><\/p>\n<p><\/p>\n<p><\/p>\n<p>&#8222;Klagenfurt Wohnen&#8220; verwaltet rund 3100 Klagenfurter Gemeindewohnungen. Gleichzeitig hat die Vergabestelle das Zuweisungsrecht f\u00fcr eine gro\u00dfe Anzahl an Genossenschaftswohnungen (wie die an Dolinars Sohn). Nun bringt eine interne Aktennotiz in Zusammenhang mit Sanierungsarbeiten die Stadttochter weiter unter Druck. Was bisher bekannt ist: \u201eKlagenfurt Wohnen beauftragte ohne Ausschreibung zwei Ziviltechniker mit der Planung, Vergabe, Aufsicht und Koordination von Sanierungsarbeiten&#8220;, so der LRH in seinem Rohbericht. Von 2020 bis 2022 h\u00e4tten die beiden Ziviltechniker insgesamt fast 1,1 Millionen Euro daf\u00fcr verrechnet. Das seien rund 360.000 Euro pro Jahr, so der LRH, \u201ewomit eine Direktvergabe gem\u00e4\u00df Bundesvergabegesetz unzul\u00e4ssig war\u201c.<\/p>\n<p><\/p>\n<p><\/p>\n<figure class=\"wp-block-image aligncenter size-large is-resized\"><img data-recalc-dims=\"1\" loading=\"lazy\" decoding=\"async\" src=\"https:\/\/i0.wp.com\/www.mediapartizan.at\/wp-content\/uploads\/2024\/02\/300_Alois-Dolinar-c-Stadtkommunikation-Klagenfurt1.jpeg?resize=233%2C283&#038;ssl=1\" alt=\"\" class=\"wp-image-8333\" width=\"233\" height=\"283\" srcset=\"https:\/\/i0.wp.com\/www.mediapartizan.at\/wp-content\/uploads\/2024\/02\/300_Alois-Dolinar-c-Stadtkommunikation-Klagenfurt1-scaled.jpeg?resize=842%2C1024&amp;ssl=1 842w, https:\/\/i0.wp.com\/www.mediapartizan.at\/wp-content\/uploads\/2024\/02\/300_Alois-Dolinar-c-Stadtkommunikation-Klagenfurt1-scaled.jpeg?resize=247%2C300&amp;ssl=1 247w, https:\/\/i0.wp.com\/www.mediapartizan.at\/wp-content\/uploads\/2024\/02\/300_Alois-Dolinar-c-Stadtkommunikation-Klagenfurt1-scaled.jpeg?resize=768%2C934&amp;ssl=1 768w, https:\/\/i0.wp.com\/www.mediapartizan.at\/wp-content\/uploads\/2024\/02\/300_Alois-Dolinar-c-Stadtkommunikation-Klagenfurt1-scaled.jpeg?resize=1263%2C1536&amp;ssl=1 1263w, https:\/\/i0.wp.com\/www.mediapartizan.at\/wp-content\/uploads\/2024\/02\/300_Alois-Dolinar-c-Stadtkommunikation-Klagenfurt1-scaled.jpeg?resize=1684%2C2048&amp;ssl=1 1684w, https:\/\/i0.wp.com\/www.mediapartizan.at\/wp-content\/uploads\/2024\/02\/300_Alois-Dolinar-c-Stadtkommunikation-Klagenfurt1-scaled.jpeg?w=2000&amp;ssl=1 2000w\" sizes=\"auto, (max-width: 233px) 100vw, 233px\" \/><figcaption class=\"wp-element-caption\">Ex-Stadtvize Alois Dolinar <\/figcaption><\/figure>\n<p><\/p>\n<p><\/p>\n<figure class=\"wp-block-image aligncenter size-full is-resized\"><a href=\"https:\/\/www.mediapartizan.at\/?page_id=670\" target=\"_blank\" rel=\"noreferrer noopener\"><img data-recalc-dims=\"1\" loading=\"lazy\" decoding=\"async\" src=\"https:\/\/i0.wp.com\/www.mediapartizan.at\/wp-content\/uploads\/2024\/02\/Unterstuetzen.png?resize=476%2C58&#038;ssl=1\" alt=\"\" class=\"wp-image-8364\" width=\"476\" height=\"58\" srcset=\"https:\/\/i0.wp.com\/www.mediapartizan.at\/wp-content\/uploads\/2024\/02\/Unterstuetzen.png?w=892&amp;ssl=1 892w, https:\/\/i0.wp.com\/www.mediapartizan.at\/wp-content\/uploads\/2024\/02\/Unterstuetzen.png?resize=300%2C37&amp;ssl=1 300w, https:\/\/i0.wp.com\/www.mediapartizan.at\/wp-content\/uploads\/2024\/02\/Unterstuetzen.png?resize=768%2C95&amp;ssl=1 768w\" sizes=\"auto, (max-width: 476px) 100vw, 476px\" \/><\/a><\/figure>\n<p><\/p>\n<p><\/p>\n<p><strong>Fragw\u00fcrdige B\u00e4dersanierungen<\/strong><\/p>\n<p><\/p>\n<p><\/p>\n<p>Was nun durch die interne Aktennotiz, die Mediapartizan.at vorliegt, zutage tritt, bringt &#8222;Klagenfurt Wohnen&#8220; in weitere Erkl\u00e4rungsnot: Es soll n\u00e4mlich zu &#8222;Ungereimtheiten im Bereich der B\u00e4dersanierung&#8220; bei Gemeindewohnungen im Klagenfurter Stadtteil Fischl gekommen sein. Dort seien &#8222;bei 60 B\u00e4dern pro Bad 2350,- [Euro] f\u00fcr den Architekten&#8220; angefallen. &#8222;Hier w\u00fcrden f\u00fcr die Mieter mit 141.000,- [Euro] Mehrkosten entstehen!&#8220;, ist dem Aktenvermerk etwas holprig zu entnehmen. Das Papier ist nicht datiert und d\u00fcrfte aus Dolinars (Ex-)Wohnungsreferat stammen. Es ist mit &#8222;Aktennotiz Besprechung Teil 2&#8220; \u00fcbertitelt. Bei dem Gespr\u00e4ch anwesend: &#8222;Frau LH Stellvertreterin Gabrielle (sic!) Schaunig&#8220;, Dolinar selbst (er wird im Vermerk f\u00e4lschlicherweise als &#8222;Herr Vize B\u00fcrgermeister Prof. Mag. Alois <em>Schaunig<\/em>&#8220; erw\u00e4hnt). Und der Unterabteilungsleiter Wohnbau der K\u00e4rntner Landesregierung. <\/p>\n<p><\/p>\n<p><\/p>\n<p><strong>LH-Stellvertreterin ist &#8222;Gleichf\u00f6rmigkeit der einzelnen Posten&#8220; aufgefallen<\/strong><\/p>\n<p><\/p>\n<p><\/p>\n<p>Au\u00dferdem seien &#8222;die B\u00e4der nicht besonders modern oder aufwendig gestaltet. Es gebe keine Duschw\u00e4nde, die Duschwannen w\u00e4ren nicht ebenerdig. Die B\u00e4der beim LWBK seien g\u00fcnstiger, obwohl sie gr\u00f6\u00dfer seien (bei gleicher Ausstattung)!&#8220;, zitiert das Papier Dolinars Gespr\u00e4ch mit Schaunig in passiver Sprache. &#8222;LWBK&#8220; ist das K\u00fcrzel f\u00fcr Landeswohnbau K\u00e4rnten. Landeshauptmannstellvertreterin Gaby Schaunig (SP\u00d6) ist auch Wohnbaureferentin K\u00e4rntens. Und damit die oberste H\u00fcterin der Wohnbauf\u00f6rderungen. Ihr, Schaunig, seien &#8222;Ungereimtheiten durch die Gleichf\u00f6rmigkeit der einzelnen Posten aufgefallen&#8220;, so das Papier des Wohnungsreferats der Stadt.<\/p>\n<p><\/p>\n<p><\/p>\n<p><strong>Schaunig best\u00e4tigt Gespr\u00e4ch<\/strong><\/p>\n<p><\/p>\n<p><\/p>\n<p>&#8222;Seltsam sei&#8220;, f\u00e4hrt der Aktenvermerk fort, &#8222;dass derselbe Architekt 25 Stunden pro Badezimer f\u00fcr 4m 2 (gemeint: vier Quadratmeter; Anm.) Badezimmerbesichtigung verrechnen w\u00fcrde (&#8230;).&#8220; Die &#8222;Regiekosten seien einfach zu hoch. Sie (Schaunig; Anm.) fragt, ob es im Magistrat es (sic!) keine internen Experten gibt&#8220;, wird die Diskussion in einer Art Ged\u00e4chtnisprotokoll festgehalten. Dolinar d\u00fcrfte die Aktennotiz im Hinblick auf die Pr\u00fcfung von &#8222;Klagenfurt Wohnen&#8220; durch den LRH anlegen haben lassen. <\/p>\n<p><\/p>\n<p><\/p>\n<p><strong>Wohnbaureferentin empfiehlt &#8222;Kontrollamt einzusetzen&#8220;<\/strong><\/p>\n<p><\/p>\n<p><\/p>\n<p>Schaunig best\u00e4tigt die Unterredung mit Dolinar: &#8222;Es hat dieses Gespr\u00e4ch gegeben.&#8220; Und zwar am Rande eines Treffens zu einem anderen Thema. Ihr seien &#8222;die B\u00e4der sehr teuer erschienen&#8220;, erkl\u00e4rt Schaunig. Im Bereich der F\u00f6rderungen sei &#8222;alles okay gewesen&#8220;. Aber &#8222;die Sanierungskosten [der B\u00e4der in der Fischlsiedlung] sind mir sehr hoch vorgekommen&#8220;, so die LH-Stellvertreterin. Sie habe deshalb &#8222;angeraten, dass man sich das anschaut&#8220;. Dem Papier ist schlie\u00dflich zu entnehmen, dass Schauig empfiehlt, &#8222;einen Wirtschaftspr\u00fcfer einzusetzen oder das Kontrollamt einzuschalten&#8220;. Es sollten alle Kosten &#8222;der letzten drei Jahre vorgelegt werden&#8220;. <\/p>\n<p><\/p>\n<p><\/p>\n<p>Der vorl\u00e4ufig letzte Akt um &#8222;Klagenfurt Wohnen&#8220;: <a href=\"https:\/\/www.mediapartizan.at\/?p=8243\" target=\"_blank\" rel=\"noreferrer noopener\">Dolinar zeigte die &#8222;Ungereimtheiten&#8220; bei der Staatsanwaltschaft an.<\/a> Der neue Vizeb\u00fcrgermeister Alexander Kastner war f\u00fcr ein Gespr\u00e4ch nicht erreichbar. Wegen &#8222;Vorstellungsrunden und Faschingsfeierlichkeiten&#8220;, wie sein Sekretariat mitteilte. <\/p>\n<p><\/p>\n<p><\/p>\n<p>*** Foto(s): Land K\u00e4rnten, Stadtkommunikation Klagenfurt<\/p>\n<p><\/p>\n<p><\/p>\n<p><\/p>\n<p><\/p>\n<p><\/p>\n<p><\/p>\n<p><\/p>\n","protected":false},"excerpt":{"rendered":"<div class=\"mh-excerpt\"><p>Wom\u00f6glich zu hohe Architekten-Rechnungen bei Stadttochter &#8222;Klagenfurt Wohnen&#8220;. Landeshauptmann-Stellvertreterin  Gaby Schaunig best\u00e4tigt Gespr\u00e4ch \u00fcber fragw\u00fcrdige Kosten zu B\u00e4dersanierungen in Klagenfurter Gemeindewohnungen.  <a class=\"mh-excerpt-more\" href=\"https:\/\/www.mediapartizan.at\/?p=8332\" title=\"&#8222;Ungereimtheiten&#8220;: Aktennotiz bringt &#8222;Klagenfurt Wohnen&#8220; weiter unter Druck\">[&#8230;]<\/a><\/p>\n<\/div>","protected":false},"author":2,"featured_media":8335,"comment_status":"open","ping_status":"open","sticky":false,"template":"","format":"standard","meta":{"inline_featured_image":false,"_jetpack_memberships_contains_paid_content":false,"footnotes":""},"categories":[143],"tags":[530,350,156,184,529],"class_list":{"0":"post-8332","1":"post","2":"type-post","3":"status-publish","4":"format-standard","5":"has-post-thumbnail","7":"category-stadt-klagenfurt","8":"tag-alexander-kastner","9":"tag-alois-dolinar","10":"tag-klagenfurt","11":"tag-landesrechnungshof","12":"tag-wohnen"},"yoast_head":"<!-- This site is optimized with the Yoast SEO plugin v20.10 - https:\/\/yoast.com\/wordpress\/plugins\/seo\/ -->\n<title>&quot;Ungereimtheiten&quot;: Aktennotiz bringt &quot;Klagenfurt Wohnen&quot; weiter unter Druck - Mediapartizan.at<\/title>\n<meta name=\"robots\" content=\"index, follow, max-snippet:-1, max-image-preview:large, max-video-preview:-1\" \/>\n<link rel=\"canonical\" href=\"https:\/\/www.mediapartizan.at\/?p=8332\" \/>\n<meta property=\"og:locale\" content=\"de_DE\" \/>\n<meta property=\"og:type\" content=\"article\" \/>\n<meta property=\"og:title\" content=\"&quot;Ungereimtheiten&quot;: Aktennotiz bringt &quot;Klagenfurt Wohnen&quot; weiter unter Druck - Mediapartizan.at\" \/>\n<meta property=\"og:description\" content=\"Wom\u00f6glich zu hohe Architekten-Rechnungen bei Stadttochter &quot;Klagenfurt Wohnen&quot;. Landeshauptmann-Stellvertreterin Gaby Schaunig best\u00e4tigt Gespr\u00e4ch \u00fcber fragw\u00fcrdige Kosten zu B\u00e4dersanierungen in Klagenfurter Gemeindewohnungen. [...]\" \/>\n<meta property=\"og:url\" content=\"https:\/\/www.mediapartizan.at\/?p=8332\" \/>\n<meta property=\"og:site_name\" content=\"Mediapartizan.at\" \/>\n<meta property=\"article:published_time\" content=\"2024-02-13T13:17:38+00:00\" \/>\n<meta property=\"article:modified_time\" content=\"2024-06-13T09:19:34+00:00\" \/>\n<meta property=\"og:image\" content=\"https:\/\/www.mediapartizan.at\/wp-content\/uploads\/2024\/02\/2302_K_klu-gemeindebauten_WAJAND_0010-modified-scaled.jpg\" \/>\n\t<meta property=\"og:image:width\" content=\"2560\" \/>\n\t<meta property=\"og:image:height\" content=\"1707\" \/>\n\t<meta property=\"og:image:type\" content=\"image\/jpeg\" \/>\n<meta name=\"author\" content=\"Franz Miklautz\" \/>\n<meta name=\"twitter:card\" content=\"summary_large_image\" \/>\n<meta name=\"twitter:label1\" content=\"Verfasst von\" \/>\n\t<meta name=\"twitter:data1\" content=\"Franz Miklautz\" \/>\n\t<meta name=\"twitter:label2\" content=\"Gesch\u00e4tzte Lesezeit\" \/>\n\t<meta name=\"twitter:data2\" content=\"6\u00a0Minuten\" \/>\n<script type=\"application\/ld+json\" class=\"yoast-schema-graph\">{\"@context\":\"https:\/\/schema.org\",\"@graph\":[{\"@type\":\"WebPage\",\"@id\":\"https:\/\/www.mediapartizan.at\/?p=8332\",\"url\":\"https:\/\/www.mediapartizan.at\/?p=8332\",\"name\":\"\\\"Ungereimtheiten\\\": Aktennotiz bringt \\\"Klagenfurt Wohnen\\\" weiter unter Druck - Mediapartizan.at\",\"isPartOf\":{\"@id\":\"https:\/\/www.mediapartizan.at\/#website\"},\"datePublished\":\"2024-02-13T13:17:38+00:00\",\"dateModified\":\"2024-06-13T09:19:34+00:00\",\"author\":{\"@id\":\"https:\/\/www.mediapartizan.at\/#\/schema\/person\/f6bd7eb8222f2fe985c78d08f17ed7a9\"},\"breadcrumb\":{\"@id\":\"https:\/\/www.mediapartizan.at\/?p=8332#breadcrumb\"},\"inLanguage\":\"de\",\"potentialAction\":[{\"@type\":\"ReadAction\",\"target\":[\"https:\/\/www.mediapartizan.at\/?p=8332\"]}]},{\"@type\":\"BreadcrumbList\",\"@id\":\"https:\/\/www.mediapartizan.at\/?p=8332#breadcrumb\",\"itemListElement\":[{\"@type\":\"ListItem\",\"position\":1,\"name\":\"Startseite\",\"item\":\"https:\/\/www.mediapartizan.at\/\"},{\"@type\":\"ListItem\",\"position\":2,\"name\":\"&#8222;Ungereimtheiten&#8220;: Aktennotiz bringt &#8222;Klagenfurt Wohnen&#8220; weiter unter Druck\"}]},{\"@type\":\"WebSite\",\"@id\":\"https:\/\/www.mediapartizan.at\/#website\",\"url\":\"https:\/\/www.mediapartizan.at\/\",\"name\":\"Mediapartizan.at\",\"description\":\"\",\"potentialAction\":[{\"@type\":\"SearchAction\",\"target\":{\"@type\":\"EntryPoint\",\"urlTemplate\":\"https:\/\/www.mediapartizan.at\/?s={search_term_string}\"},\"query-input\":\"required name=search_term_string\"}],\"inLanguage\":\"de\"},{\"@type\":\"Person\",\"@id\":\"https:\/\/www.mediapartizan.at\/#\/schema\/person\/f6bd7eb8222f2fe985c78d08f17ed7a9\",\"name\":\"Franz Miklautz\",\"image\":{\"@type\":\"ImageObject\",\"inLanguage\":\"de\",\"@id\":\"https:\/\/www.mediapartizan.at\/#\/schema\/person\/image\/\",\"url\":\"https:\/\/secure.gravatar.com\/avatar\/5618667e9a7ab3fa3e1a0c75987c8d0c111ad041167e738d67ac0846e54e195e?s=96&d=mm&r=g\",\"contentUrl\":\"https:\/\/secure.gravatar.com\/avatar\/5618667e9a7ab3fa3e1a0c75987c8d0c111ad041167e738d67ac0846e54e195e?s=96&d=mm&r=g\",\"caption\":\"Franz Miklautz\"},\"url\":\"https:\/\/www.mediapartizan.at\/?author=2\"}]}<\/script>\n<!-- \/ Yoast SEO plugin. -->","yoast_head_json":{"title":"\"Ungereimtheiten\": Aktennotiz bringt \"Klagenfurt Wohnen\" weiter unter Druck - Mediapartizan.at","robots":{"index":"index","follow":"follow","max-snippet":"max-snippet:-1","max-image-preview":"max-image-preview:large","max-video-preview":"max-video-preview:-1"},"canonical":"https:\/\/www.mediapartizan.at\/?p=8332","og_locale":"de_DE","og_type":"article","og_title":"\"Ungereimtheiten\": Aktennotiz bringt \"Klagenfurt Wohnen\" weiter unter Druck - Mediapartizan.at","og_description":"Wom\u00f6glich zu hohe Architekten-Rechnungen bei Stadttochter \"Klagenfurt Wohnen\". Landeshauptmann-Stellvertreterin Gaby Schaunig best\u00e4tigt Gespr\u00e4ch \u00fcber fragw\u00fcrdige Kosten zu B\u00e4dersanierungen in Klagenfurter Gemeindewohnungen. [...]","og_url":"https:\/\/www.mediapartizan.at\/?p=8332","og_site_name":"Mediapartizan.at","article_published_time":"2024-02-13T13:17:38+00:00","article_modified_time":"2024-06-13T09:19:34+00:00","og_image":[{"width":2560,"height":1707,"url":"https:\/\/www.mediapartizan.at\/wp-content\/uploads\/2024\/02\/2302_K_klu-gemeindebauten_WAJAND_0010-modified-scaled.jpg","type":"image\/jpeg"}],"author":"Franz Miklautz","twitter_card":"summary_large_image","twitter_misc":{"Verfasst von":"Franz Miklautz","Gesch\u00e4tzte Lesezeit":"6\u00a0Minuten"},"schema":{"@context":"https:\/\/schema.org","@graph":[{"@type":"WebPage","@id":"https:\/\/www.mediapartizan.at\/?p=8332","url":"https:\/\/www.mediapartizan.at\/?p=8332","name":"\"Ungereimtheiten\": Aktennotiz bringt \"Klagenfurt Wohnen\" weiter unter Druck - Mediapartizan.at","isPartOf":{"@id":"https:\/\/www.mediapartizan.at\/#website"},"datePublished":"2024-02-13T13:17:38+00:00","dateModified":"2024-06-13T09:19:34+00:00","author":{"@id":"https:\/\/www.mediapartizan.at\/#\/schema\/person\/f6bd7eb8222f2fe985c78d08f17ed7a9"},"breadcrumb":{"@id":"https:\/\/www.mediapartizan.at\/?p=8332#breadcrumb"},"inLanguage":"de","potentialAction":[{"@type":"ReadAction","target":["https:\/\/www.mediapartizan.at\/?p=8332"]}]},{"@type":"BreadcrumbList","@id":"https:\/\/www.mediapartizan.at\/?p=8332#breadcrumb","itemListElement":[{"@type":"ListItem","position":1,"name":"Startseite","item":"https:\/\/www.mediapartizan.at\/"},{"@type":"ListItem","position":2,"name":"&#8222;Ungereimtheiten&#8220;: Aktennotiz bringt &#8222;Klagenfurt Wohnen&#8220; weiter unter Druck"}]},{"@type":"WebSite","@id":"https:\/\/www.mediapartizan.at\/#website","url":"https:\/\/www.mediapartizan.at\/","name":"Mediapartizan.at","description":"","potentialAction":[{"@type":"SearchAction","target":{"@type":"EntryPoint","urlTemplate":"https:\/\/www.mediapartizan.at\/?s={search_term_string}"},"query-input":"required name=search_term_string"}],"inLanguage":"de"},{"@type":"Person","@id":"https:\/\/www.mediapartizan.at\/#\/schema\/person\/f6bd7eb8222f2fe985c78d08f17ed7a9","name":"Franz Miklautz","image":{"@type":"ImageObject","inLanguage":"de","@id":"https:\/\/www.mediapartizan.at\/#\/schema\/person\/image\/","url":"https:\/\/secure.gravatar.com\/avatar\/5618667e9a7ab3fa3e1a0c75987c8d0c111ad041167e738d67ac0846e54e195e?s=96&d=mm&r=g","contentUrl":"https:\/\/secure.gravatar.com\/avatar\/5618667e9a7ab3fa3e1a0c75987c8d0c111ad041167e738d67ac0846e54e195e?s=96&d=mm&r=g","caption":"Franz Miklautz"},"url":"https:\/\/www.mediapartizan.at\/?author=2"}]}},"jetpack_featured_media_url":"https:\/\/i0.wp.com\/www.mediapartizan.at\/wp-content\/uploads\/2024\/02\/2302_K_klu-gemeindebauten_WAJAND_0010-modified-scaled.jpg?fit=2560%2C1707&ssl=1","jetpack_sharing_enabled":true,"_links":{"self":[{"href":"https:\/\/www.mediapartizan.at\/index.php?rest_route=\/wp\/v2\/posts\/8332","targetHints":{"allow":["GET"]}}],"collection":[{"href":"https:\/\/www.mediapartizan.at\/index.php?rest_route=\/wp\/v2\/posts"}],"about":[{"href":"https:\/\/www.mediapartizan.at\/index.php?rest_route=\/wp\/v2\/types\/post"}],"author":[{"embeddable":true,"href":"https:\/\/www.mediapartizan.at\/index.php?rest_route=\/wp\/v2\/users\/2"}],"replies":[{"embeddable":true,"href":"https:\/\/www.mediapartizan.at\/index.php?rest_route=%2Fwp%2Fv2%2Fcomments&post=8332"}],"version-history":[{"count":12,"href":"https:\/\/www.mediapartizan.at\/index.php?rest_route=\/wp\/v2\/posts\/8332\/revisions"}],"predecessor-version":[{"id":9470,"href":"https:\/\/www.mediapartizan.at\/index.php?rest_route=\/wp\/v2\/posts\/8332\/revisions\/9470"}],"wp:featuredmedia":[{"embeddable":true,"href":"https:\/\/www.mediapartizan.at\/index.php?rest_route=\/wp\/v2\/media\/8335"}],"wp:attachment":[{"href":"https:\/\/www.mediapartizan.at\/index.php?rest_route=%2Fwp%2Fv2%2Fmedia&parent=8332"}],"wp:term":[{"taxonomy":"category","embeddable":true,"href":"https:\/\/www.mediapartizan.at\/index.php?rest_route=%2Fwp%2Fv2%2Fcategories&post=8332"},{"taxonomy":"post_tag","embeddable":true,"href":"https:\/\/www.mediapartizan.at\/index.php?rest_route=%2Fwp%2Fv2%2Ftags&post=8332"}],"curies":[{"name":"wp","href":"https:\/\/api.w.org\/{rel}","templated":true}]}}