{"id":8416,"date":"2024-02-16T15:13:42","date_gmt":"2024-02-16T14:13:42","guid":{"rendered":"https:\/\/www.mediapartizan.at\/?p=8416"},"modified":"2024-02-16T16:21:47","modified_gmt":"2024-02-16T15:21:47","slug":"benediktiner-schule-orasch-klagt-stadt-klagenfurt-vor-europaeischem-gerichtshof","status":"publish","type":"post","link":"https:\/\/www.mediapartizan.at\/?p=8416","title":{"rendered":"Benediktinerschule: Orasch klagt Stadt Klagenfurt vor Europ\u00e4ischem Gerichtshof"},"content":{"rendered":"<p><\/p>\n<p class=\"has-text-align-right\"><strong>Developing<\/strong><\/p>\n<p><\/p>\n<p><\/p>\n<p>Zu einem bemerkenswerten Man\u00f6ver ist es nun offenbar wegen der Vergabe der Benediktinerschule gekommen: Die Stadt hatte die Schule vor rund f\u00fcnf Jahren um etwas mehr als zwei Millionen Euro &#8211; in einem Bieterverfahren &#8211; an die Unternehmerfamilie Kanduth (vom angesehenen Hotel Sandwirth) und an Thomas M\u00fcller, sie bilden gemeinsam die ARGE Benediktinerhof, vergeben. Unterlegener Bieter: Die Lilihill-Gruppe von Franz Peter Orasch. Diese bot mit cirka 2,5 Millionen Euro um einige Hunderttausend Euro mehr als die ARGE Benediktinerhof. Gewonnen hatte die ARGE dennoch, weil das Konzept 60 Prozent z\u00e4hlte, der Preis nur 40.<\/p>\n<p><\/p>\n<p><\/p>\n<p>Seit mittlerweile f\u00fcnf Jahren wartet man bei der Benediktinerschule bereits auf sichtbare bauliche Ver\u00e4nderungen. Nun hat Lilihill-Boss Orasch Klage beim Europ\u00e4ischen Gerichtshof eingebracht. Das best\u00e4tigt die Stadt Klagenfurt. Der Grund sei der Turnsaal der Schule. Der h\u00e4tte f\u00fcr den K\u00e4rntner Turnverein (KTV) erhalten werden m\u00fcssen. Der KTV turnt jetzt jedoch im Herbertgarten, in dem ihm die \u00f6ffentliche Hand um \u00fcber vier Millionen Euro eine Turnhalle baute. Damit wird der Turnsaal in der verkauften Schule nicht mehr gebraucht. Hier setzt Orasch offenbar wettbewerbsrechtlich an. Es k\u00f6nnte sich quasi um eine nachtr\u00e4gliche Ab\u00e4nderung der Spielregeln handeln. <\/p>\n<p><\/p>\n<p><\/p>\n<p><strong>Kein Schl\u00fcssel f\u00fcr Schule<\/strong><\/p>\n<p><\/p>\n<p><\/p>\n<p>Dass bei der Schule nichts weitergehe, verneint Helvig Kanduth vehement. &#8222;Mittlerweile sind zwei Millionen Euro in die Planung geflossen&#8220;, so die Sandwirth-Chefin, die 35 Prozent der ARGE vertritt. &#8222;Den \u00fcberwiegend gr\u00f6\u00dferen Teil h\u00e4lt Thomas M\u00fcller.&#8220; Kanduth kritisiert, &#8222;dass wir bis heute auf den Schl\u00fcssel zur Schule warten&#8220;. Es seien sogar &#8222;schon Ankermieter wieder abgesprungen&#8220;, kritisiert sie die B\u00fcrokratie der Stadt.<\/p>\n<p><\/p>\n<p><\/p>\n<p><strong>Turnsaal soll 1,8 Millionen wert sein<\/strong><\/p>\n<p><\/p>\n<p><\/p>\n<p>Den angesprochenen Turnsaal hat die Stadt nun begutachten lassen. Die Frage war: Was ist er wert? Das Ergebnis: Rund 1,8 Millionen Euro, die die Stadt nun von der ARGE haben will. &#8222;Wir pr\u00fcfen das gerade&#8220;, sagt Kanduth, die betont: &#8222;Wir haben immer gesagt, wir werden vertragskonform bauen, also mit Turnsaal.&#8220; Angesprochen darauf, ob sie selbst im Hotelbetrieb Nutzen daf\u00fcr habe, bleibt ihre Antwort vage. Man m\u00fcsse sich das gemeinsam mit der Stadt anschauen. <\/p>\n<p><\/p>\n<p><\/p>\n<p>Sie verstehe das von der Stadt beauftragte Gutachten \u00fcbrigens nicht als solches, denn &#8222;die richtige Fragestellung h\u00e4tte lauten m\u00fcssen: Was w\u00e4ren damals alle Bieter bereit gewesen zu zahlen, wenn der Turnsaal nicht zu erhalten gewesen w\u00e4re?&#8220;<\/p>\n<p><\/p>\n<p><\/p>\n<p>Die Lilihill-Gruppe wollte die Klage nicht kommentieren.<\/p>\n<p><\/p>\n","protected":false},"excerpt":{"rendered":"<div class=\"mh-excerpt\"><p>Lilihill-Boss Franz Peter Orasch klagt Stadt Klagenfurt vor dem Europ\u00e4ischen Gerichtshof. Grund ist die Vergabe der Benediktiner Schule vor mehr als f\u00fcnf Jahren. <a class=\"mh-excerpt-more\" href=\"https:\/\/www.mediapartizan.at\/?p=8416\" title=\"Benediktinerschule: Orasch klagt Stadt Klagenfurt vor Europ\u00e4ischem Gerichtshof\">[&#8230;]<\/a><\/p>\n<\/div>","protected":false},"author":2,"featured_media":8417,"comment_status":"open","ping_status":"open","sticky":false,"template":"","format":"standard","meta":{"inline_featured_image":false,"_jetpack_memberships_contains_paid_content":false,"footnotes":""},"categories":[143],"tags":[371,169,156,168],"class_list":{"0":"post-8416","1":"post","2":"type-post","3":"status-publish","4":"format-standard","5":"has-post-thumbnail","7":"category-stadt-klagenfurt","8":"tag-benediktinerschule","9":"tag-franz-peter-orasch","10":"tag-klagenfurt","11":"tag-lilihill"},"yoast_head":"<!-- This site is optimized with the Yoast SEO plugin v20.10 - https:\/\/yoast.com\/wordpress\/plugins\/seo\/ -->\n<title>Benediktinerschule: Orasch klagt Stadt Klagenfurt vor Europ\u00e4ischem Gerichtshof - Mediapartizan.at<\/title>\n<meta name=\"robots\" content=\"index, follow, max-snippet:-1, max-image-preview:large, max-video-preview:-1\" \/>\n<link rel=\"canonical\" href=\"https:\/\/www.mediapartizan.at\/?p=8416\" \/>\n<meta property=\"og:locale\" content=\"de_DE\" \/>\n<meta property=\"og:type\" content=\"article\" \/>\n<meta property=\"og:title\" content=\"Benediktinerschule: Orasch klagt Stadt Klagenfurt vor Europ\u00e4ischem Gerichtshof - Mediapartizan.at\" \/>\n<meta property=\"og:description\" content=\"Lilihill-Boss Franz Peter Orasch klagt Stadt Klagenfurt vor dem Europ\u00e4ischen Gerichtshof. Grund ist die Vergabe der Benediktiner Schule vor mehr als f\u00fcnf Jahren. [...]\" \/>\n<meta property=\"og:url\" content=\"https:\/\/www.mediapartizan.at\/?p=8416\" \/>\n<meta property=\"og:site_name\" content=\"Mediapartizan.at\" \/>\n<meta property=\"article:published_time\" content=\"2024-02-16T14:13:42+00:00\" \/>\n<meta property=\"article:modified_time\" content=\"2024-02-16T15:21:47+00:00\" \/>\n<meta property=\"og:image\" content=\"https:\/\/www.mediapartizan.at\/wp-content\/uploads\/2024\/02\/Bildschirmfoto-2024-02-16-um-15.12.26-1024x367.png\" \/>\n\t<meta property=\"og:image:width\" content=\"1024\" \/>\n\t<meta property=\"og:image:height\" content=\"367\" \/>\n\t<meta property=\"og:image:type\" content=\"image\/png\" \/>\n<meta name=\"author\" content=\"Franz Miklautz\" \/>\n<meta name=\"twitter:card\" content=\"summary_large_image\" \/>\n<meta name=\"twitter:label1\" content=\"Verfasst von\" \/>\n\t<meta name=\"twitter:data1\" content=\"Franz Miklautz\" \/>\n\t<meta name=\"twitter:label2\" content=\"Gesch\u00e4tzte Lesezeit\" \/>\n\t<meta name=\"twitter:data2\" content=\"3\u00a0Minuten\" \/>\n<script type=\"application\/ld+json\" class=\"yoast-schema-graph\">{\"@context\":\"https:\/\/schema.org\",\"@graph\":[{\"@type\":\"WebPage\",\"@id\":\"https:\/\/www.mediapartizan.at\/?p=8416\",\"url\":\"https:\/\/www.mediapartizan.at\/?p=8416\",\"name\":\"Benediktinerschule: Orasch klagt Stadt Klagenfurt vor Europ\u00e4ischem Gerichtshof - Mediapartizan.at\",\"isPartOf\":{\"@id\":\"https:\/\/www.mediapartizan.at\/#website\"},\"datePublished\":\"2024-02-16T14:13:42+00:00\",\"dateModified\":\"2024-02-16T15:21:47+00:00\",\"author\":{\"@id\":\"https:\/\/www.mediapartizan.at\/#\/schema\/person\/f6bd7eb8222f2fe985c78d08f17ed7a9\"},\"breadcrumb\":{\"@id\":\"https:\/\/www.mediapartizan.at\/?p=8416#breadcrumb\"},\"inLanguage\":\"de\",\"potentialAction\":[{\"@type\":\"ReadAction\",\"target\":[\"https:\/\/www.mediapartizan.at\/?p=8416\"]}]},{\"@type\":\"BreadcrumbList\",\"@id\":\"https:\/\/www.mediapartizan.at\/?p=8416#breadcrumb\",\"itemListElement\":[{\"@type\":\"ListItem\",\"position\":1,\"name\":\"Startseite\",\"item\":\"https:\/\/www.mediapartizan.at\/\"},{\"@type\":\"ListItem\",\"position\":2,\"name\":\"Benediktinerschule: Orasch klagt Stadt Klagenfurt vor Europ\u00e4ischem Gerichtshof\"}]},{\"@type\":\"WebSite\",\"@id\":\"https:\/\/www.mediapartizan.at\/#website\",\"url\":\"https:\/\/www.mediapartizan.at\/\",\"name\":\"Mediapartizan.at\",\"description\":\"\",\"potentialAction\":[{\"@type\":\"SearchAction\",\"target\":{\"@type\":\"EntryPoint\",\"urlTemplate\":\"https:\/\/www.mediapartizan.at\/?s={search_term_string}\"},\"query-input\":\"required name=search_term_string\"}],\"inLanguage\":\"de\"},{\"@type\":\"Person\",\"@id\":\"https:\/\/www.mediapartizan.at\/#\/schema\/person\/f6bd7eb8222f2fe985c78d08f17ed7a9\",\"name\":\"Franz Miklautz\",\"image\":{\"@type\":\"ImageObject\",\"inLanguage\":\"de\",\"@id\":\"https:\/\/www.mediapartizan.at\/#\/schema\/person\/image\/\",\"url\":\"https:\/\/secure.gravatar.com\/avatar\/5618667e9a7ab3fa3e1a0c75987c8d0c111ad041167e738d67ac0846e54e195e?s=96&d=mm&r=g\",\"contentUrl\":\"https:\/\/secure.gravatar.com\/avatar\/5618667e9a7ab3fa3e1a0c75987c8d0c111ad041167e738d67ac0846e54e195e?s=96&d=mm&r=g\",\"caption\":\"Franz Miklautz\"},\"url\":\"https:\/\/www.mediapartizan.at\/?author=2\"}]}<\/script>\n<!-- \/ Yoast SEO plugin. -->","yoast_head_json":{"title":"Benediktinerschule: Orasch klagt Stadt Klagenfurt vor Europ\u00e4ischem Gerichtshof - Mediapartizan.at","robots":{"index":"index","follow":"follow","max-snippet":"max-snippet:-1","max-image-preview":"max-image-preview:large","max-video-preview":"max-video-preview:-1"},"canonical":"https:\/\/www.mediapartizan.at\/?p=8416","og_locale":"de_DE","og_type":"article","og_title":"Benediktinerschule: Orasch klagt Stadt Klagenfurt vor Europ\u00e4ischem Gerichtshof - Mediapartizan.at","og_description":"Lilihill-Boss Franz Peter Orasch klagt Stadt Klagenfurt vor dem Europ\u00e4ischen Gerichtshof. Grund ist die Vergabe der Benediktiner Schule vor mehr als f\u00fcnf Jahren. [...]","og_url":"https:\/\/www.mediapartizan.at\/?p=8416","og_site_name":"Mediapartizan.at","article_published_time":"2024-02-16T14:13:42+00:00","article_modified_time":"2024-02-16T15:21:47+00:00","og_image":[{"width":1024,"height":367,"url":"https:\/\/www.mediapartizan.at\/wp-content\/uploads\/2024\/02\/Bildschirmfoto-2024-02-16-um-15.12.26-1024x367.png","type":"image\/png"}],"author":"Franz Miklautz","twitter_card":"summary_large_image","twitter_misc":{"Verfasst von":"Franz Miklautz","Gesch\u00e4tzte Lesezeit":"3\u00a0Minuten"},"schema":{"@context":"https:\/\/schema.org","@graph":[{"@type":"WebPage","@id":"https:\/\/www.mediapartizan.at\/?p=8416","url":"https:\/\/www.mediapartizan.at\/?p=8416","name":"Benediktinerschule: Orasch klagt Stadt Klagenfurt vor Europ\u00e4ischem Gerichtshof - Mediapartizan.at","isPartOf":{"@id":"https:\/\/www.mediapartizan.at\/#website"},"datePublished":"2024-02-16T14:13:42+00:00","dateModified":"2024-02-16T15:21:47+00:00","author":{"@id":"https:\/\/www.mediapartizan.at\/#\/schema\/person\/f6bd7eb8222f2fe985c78d08f17ed7a9"},"breadcrumb":{"@id":"https:\/\/www.mediapartizan.at\/?p=8416#breadcrumb"},"inLanguage":"de","potentialAction":[{"@type":"ReadAction","target":["https:\/\/www.mediapartizan.at\/?p=8416"]}]},{"@type":"BreadcrumbList","@id":"https:\/\/www.mediapartizan.at\/?p=8416#breadcrumb","itemListElement":[{"@type":"ListItem","position":1,"name":"Startseite","item":"https:\/\/www.mediapartizan.at\/"},{"@type":"ListItem","position":2,"name":"Benediktinerschule: Orasch klagt Stadt Klagenfurt vor Europ\u00e4ischem Gerichtshof"}]},{"@type":"WebSite","@id":"https:\/\/www.mediapartizan.at\/#website","url":"https:\/\/www.mediapartizan.at\/","name":"Mediapartizan.at","description":"","potentialAction":[{"@type":"SearchAction","target":{"@type":"EntryPoint","urlTemplate":"https:\/\/www.mediapartizan.at\/?s={search_term_string}"},"query-input":"required name=search_term_string"}],"inLanguage":"de"},{"@type":"Person","@id":"https:\/\/www.mediapartizan.at\/#\/schema\/person\/f6bd7eb8222f2fe985c78d08f17ed7a9","name":"Franz Miklautz","image":{"@type":"ImageObject","inLanguage":"de","@id":"https:\/\/www.mediapartizan.at\/#\/schema\/person\/image\/","url":"https:\/\/secure.gravatar.com\/avatar\/5618667e9a7ab3fa3e1a0c75987c8d0c111ad041167e738d67ac0846e54e195e?s=96&d=mm&r=g","contentUrl":"https:\/\/secure.gravatar.com\/avatar\/5618667e9a7ab3fa3e1a0c75987c8d0c111ad041167e738d67ac0846e54e195e?s=96&d=mm&r=g","caption":"Franz Miklautz"},"url":"https:\/\/www.mediapartizan.at\/?author=2"}]}},"jetpack_featured_media_url":"https:\/\/i0.wp.com\/www.mediapartizan.at\/wp-content\/uploads\/2024\/02\/Bildschirmfoto-2024-02-16-um-15.12.26.png?fit=2330%2C836&ssl=1","jetpack_sharing_enabled":true,"_links":{"self":[{"href":"https:\/\/www.mediapartizan.at\/index.php?rest_route=\/wp\/v2\/posts\/8416","targetHints":{"allow":["GET"]}}],"collection":[{"href":"https:\/\/www.mediapartizan.at\/index.php?rest_route=\/wp\/v2\/posts"}],"about":[{"href":"https:\/\/www.mediapartizan.at\/index.php?rest_route=\/wp\/v2\/types\/post"}],"author":[{"embeddable":true,"href":"https:\/\/www.mediapartizan.at\/index.php?rest_route=\/wp\/v2\/users\/2"}],"replies":[{"embeddable":true,"href":"https:\/\/www.mediapartizan.at\/index.php?rest_route=%2Fwp%2Fv2%2Fcomments&post=8416"}],"version-history":[{"count":21,"href":"https:\/\/www.mediapartizan.at\/index.php?rest_route=\/wp\/v2\/posts\/8416\/revisions"}],"predecessor-version":[{"id":8449,"href":"https:\/\/www.mediapartizan.at\/index.php?rest_route=\/wp\/v2\/posts\/8416\/revisions\/8449"}],"wp:featuredmedia":[{"embeddable":true,"href":"https:\/\/www.mediapartizan.at\/index.php?rest_route=\/wp\/v2\/media\/8417"}],"wp:attachment":[{"href":"https:\/\/www.mediapartizan.at\/index.php?rest_route=%2Fwp%2Fv2%2Fmedia&parent=8416"}],"wp:term":[{"taxonomy":"category","embeddable":true,"href":"https:\/\/www.mediapartizan.at\/index.php?rest_route=%2Fwp%2Fv2%2Fcategories&post=8416"},{"taxonomy":"post_tag","embeddable":true,"href":"https:\/\/www.mediapartizan.at\/index.php?rest_route=%2Fwp%2Fv2%2Ftags&post=8416"}],"curies":[{"name":"wp","href":"https:\/\/api.w.org\/{rel}","templated":true}]}}