{"id":8690,"date":"2024-04-03T15:33:24","date_gmt":"2024-04-03T13:33:24","guid":{"rendered":"https:\/\/www.mediapartizan.at\/?p=8690"},"modified":"2025-12-12T18:26:34","modified_gmt":"2025-12-12T17:26:34","slug":"grenze-ueberschritten-kritisierter-headhunter-der-magistratsdirektor-ausschreibung-schiesst-scharf-zurueck","status":"publish","type":"post","link":"https:\/\/www.mediapartizan.at\/?p=8690","title":{"rendered":"&#8222;Grenze \u00fcberschritten&#8220;: Kritisierter Headhunter der Magistratsdirektor-Ausschreibung schie\u00dft scharf zur\u00fcck"},"content":{"rendered":"<p><\/p>\n<p>Es hat nur knapp 24 Stunden gedauert, bis heute, Mittwoch, Stefan Reichelt in die Offensive gegangen ist. Reichelt ist Managing Partner der Blue Danube Executive Search. Das Wiener Unternehmen war mit der Suche nach dem neuen Magistratsdirektor f\u00fcr Klagenfurt betraut, nachdem der Gemeinderat den vorigen Magistrats-Chef Peter Jost am 5. Dezember freigestellt und mit Ende letzten Jahres abberufen hatte. Jost geht dagegen gerichtlich vor, da er auf eine ihm gew\u00e4hrte Dienstverl\u00e4ngerung bis 2025 pocht, die jedoch von der K\u00e4rntner Gemeindeaufsicht f\u00fcr nichtig erkl\u00e4rt wurde. Im Jost-Prozess geht es um Geh\u00e4lter und \u00dcberstunden von weit \u00fcber 600.000 Euro.<\/p>\n<p><\/p>\n<p><\/p>\n<p>Vor etwas mehr als 24 Stunden hatten gestern, Dienstag, die B\u00fcrgermeisterpartei Team K\u00e4rnten (TK), die \u00d6VP und die Gr\u00fcnen in einer Pressekonferenz ihre Ablehnung f\u00fcr den derzeit mit knapper Gemeinderatsmehrheit aussichtsreichsten Kandidaten J\u00fcrgen Dumpelnik signalisiert. Dumpelnik, er war steirischer Landtagsdirektor, ging zusammen mit dem Ebenthaler Amtsleiter Michael Zernig als Erstgereihter aus dem von der Blue Danube organisierten Hearingverfahren hervor. Beiden wird eine N\u00e4he zur SP\u00d6 nachgesagt, Dumpelnik eine sehr starke. Ihn verbindet auch eine pers\u00f6nliche Freundschaft mit Klagenfurts SP\u00d6-Vizeb\u00fcrgermeister Philipp Liesnig, mit dem er auch eine Firma hatte, aus der sich Liesnig bei seinem Amtsantritt verabschiedete. Dumpelnik ist derzeit Aufsichtsratsvorsitzender bei den Klagenfurter Stadtwerken (STW). Dritter des Bewerbungsverfahrens wurde Manager Karl Klein, dem eine \u00d6VP-N\u00e4he attestiert wird.<\/p>\n<p><\/p>\n<p><\/p>\n<p><strong>Fell vergeben bevor der B\u00e4r erlegt war?<\/strong><\/p>\n<p><\/p>\n<p><\/p>\n<p>Bei der gestrigen Pressekonferenz legten sich TK, \u00d6VP und die Gr\u00fcnen klar gegen Dumpelnik fest. TK-Klubobmann Patrick Jonke berichtete davon, dass die SP\u00d6 im Vorfeld schon magistrale Direktorenposten vergeben wollte, sollte das TK der Inthronisierung Dumpelniks zustimmen. Drei Direktorenposten sollte Rot bekommen, zwei das TK. Diese Direktoren h\u00e4tten unter einem Magistratsdirektor Dumpelnik das Rathaus gemanagt. &#8222;Aber da machen wir nicht mit&#8220;, sagte Jonke. Er k\u00f6nne sich Zernig als Magistratsdirektor vorstellen, nicht aber Dumpelnik. \u00d6VP-Klubobmann Julian Geier erz\u00e4hlte von \u00e4hnlichen Angeboten der SP\u00d6 an die \u00d6VP f\u00fcr die Zustimmung zu Dumpelnik. Jonke will sogar Kuverts mit den gefallenen Namen f\u00fcr die Direktorenposten bei einem Notar hinterlegen, um sp\u00e4ter, sofern es diese Personen werden, den Nachweis zu erbringen, dass es das SP\u00d6-Angebot gegeben habe. <\/p>\n<p><\/p>\n<p><\/p>\n<p>Auch Gr\u00fcnen-Bundessekret\u00e4rin Olga Voglauer sprach sich gegen Dumpelnik aus. Gleich wie Geier  kritisierte auch sie das Vergabeverfahren als &#8222;intransparent&#8220;. Geier nannte es gar ein &#8222;Subjektivierungsverfahren&#8220; und sprach von &#8222;Postenschacher&#8220; bei der SP\u00d6. Zudem sei der Gerichtsgang mit Jost abzuwarten. Geier pr\u00e4feriert nach eigenen Angaben Klein.<\/p>\n<p><\/p>\n<p><\/p>\n<figure class=\"wp-block-gallery has-nested-images columns-default is-cropped wp-block-gallery-1 is-layout-flex wp-block-gallery-is-layout-flex\"><\/p>\n<figure class=\"wp-block-image size-large\"><img data-recalc-dims=\"1\" loading=\"lazy\" decoding=\"async\" width=\"624\" height=\"1024\" data-id=\"8698\" src=\"https:\/\/i0.wp.com\/www.mediapartizan.at\/wp-content\/uploads\/2024\/04\/Bildschirmfoto-2024-04-03-um-14.44.20-1.png?resize=624%2C1024&#038;ssl=1\" alt=\"\" class=\"wp-image-8698\" srcset=\"https:\/\/i0.wp.com\/www.mediapartizan.at\/wp-content\/uploads\/2024\/04\/Bildschirmfoto-2024-04-03-um-14.44.20-1.png?w=624&amp;ssl=1 624w, https:\/\/i0.wp.com\/www.mediapartizan.at\/wp-content\/uploads\/2024\/04\/Bildschirmfoto-2024-04-03-um-14.44.20-1.png?resize=183%2C300&amp;ssl=1 183w\" sizes=\"auto, (max-width: 624px) 100vw, 624px\" \/><\/figure>\n<p><\/p>\n<p><\/p>\n<figure class=\"wp-block-image size-large\"><img data-recalc-dims=\"1\" loading=\"lazy\" decoding=\"async\" width=\"616\" height=\"1024\" data-id=\"8697\" src=\"https:\/\/i0.wp.com\/www.mediapartizan.at\/wp-content\/uploads\/2024\/04\/Bildschirmfoto-2024-04-03-um-14.46.06-1.png?resize=616%2C1024&#038;ssl=1\" alt=\"\" class=\"wp-image-8697\" srcset=\"https:\/\/i0.wp.com\/www.mediapartizan.at\/wp-content\/uploads\/2024\/04\/Bildschirmfoto-2024-04-03-um-14.46.06-1.png?resize=616%2C1024&amp;ssl=1 616w, https:\/\/i0.wp.com\/www.mediapartizan.at\/wp-content\/uploads\/2024\/04\/Bildschirmfoto-2024-04-03-um-14.46.06-1.png?resize=180%2C300&amp;ssl=1 180w, https:\/\/i0.wp.com\/www.mediapartizan.at\/wp-content\/uploads\/2024\/04\/Bildschirmfoto-2024-04-03-um-14.46.06-1.png?w=618&amp;ssl=1 618w\" sizes=\"auto, (max-width: 616px) 100vw, 616px\" \/><\/figure>\n<p><\/figure>\n<p><\/p>\n<p><\/p>\n<p><strong>Reichelt: &#8222;Verleumdungen und Ger\u00fcchte&#8220;<\/strong><\/p>\n<p><\/p>\n<p><\/p>\n<p>Und nun kommt wieder Stefan Reichelt ins Spiel: Dem Blue-Danube-Manager explodierte aufgrund der Berichterstattung heute offenbar der Kragen. In einem E-Mail an B\u00fcrgermeister Christian Scheider und den gesamten Stadtsenat macht er seinem \u00c4rger Luft: &#8222;Wenn Situationen bewusst falsch dargestellt werden, Verleumdungen und Ger\u00fcchte gestreut werden oder Sachverhalte aus dem Zusammenhang gerissen werden, ist f\u00fcr uns eine Grenze \u00fcberschritten&#8220;, schreibt er an die Klagenfurter Stadtregierung. Er halte fest, dass &#8222;wir im Verfahren keine Personen bevorzugt behandelt und auch keine Hearing-Fragen im Vorfeld an irgend jemanden weitergegeben&#8220; haben. Dazu gab es immer wieder Spekulationen, da Dumpelnik beim Hearing im sogenannten rechtlichen Teil nach Angaben von beisitzenden Beobachtern \u00fcberzeugend wirkte. Was auch f\u00fcr Zernig gilt. Die Objektivierungskommission war mit Scheider, den Magistratsdirektoren von Graz, Salzburg und Wels bzw. mit dem stellvertretenden Landesamtsdirektor Markus Matschek best\u00fcckt. <\/p>\n<p><\/p>\n<p><\/p>\n<p><strong>Rechtliche Schritte<\/strong><\/p>\n<p><\/p>\n<p><\/p>\n<p>Als n\u00e4chstes wolle Reichelt &#8222;die Anschuldigungen und ruf- und gesch\u00e4ftssch\u00e4digenden Verleumdungen gegen unser Unternehmen an unseren Anwalt \u00fcbergeben&#8220;. Man behalte sich &#8222;rechtliche Schritte gegen jene Personen vor, die diese verbreiten&#8220;, schlie\u00dft Reichelt im Mail.<\/p>\n<p><\/p>\n<p><\/p>\n<p>Wie heute bekannt wurde, hat Scheider Anweisung gegeben, das Vergabeverfahren durch die Magistratsdirektion und die interne Revision pr\u00fcfen zu lassen. Die SP\u00d6 beharrt auf Dumpelnik. Er hat durch die roten Stimmen und jene der FP\u00d6 und der Neos eine knappe Mehrheit. Die Neos wollen jedoch eine Befristung des Jobs. &#8222;Der Posten des Magistratsdirektors soll keine sichere Nummer auf Lebenszeit sein&#8220;, sagt Neos-Chef Janos Juvan. \u00c4hnlich wie in der Privatwirtschaft, soll dieser nach einigen Jahren wieder neu ausgeschrieben werden.<\/p>\n<p><\/p>\n","protected":false},"excerpt":{"rendered":"<div class=\"mh-excerpt\"><p>Dienstag sprachen sich drei Stadtparteien gegen J\u00fcrgen Dumpelnik als Magistratsdirektor aus. Dabei wurde das Vergabeverfahren stark kritisiert. Jetzt meldet sich der beauftragte Headhunter mit einem Gegenangriff zu Wort. B\u00fcrgermeister l\u00e4sst Ausschreibung pr\u00fcfen. <a class=\"mh-excerpt-more\" href=\"https:\/\/www.mediapartizan.at\/?p=8690\" title=\"&#8222;Grenze \u00fcberschritten&#8220;: Kritisierter Headhunter der Magistratsdirektor-Ausschreibung schie\u00dft scharf zur\u00fcck\">[&#8230;]<\/a><\/p>\n<\/div>","protected":false},"author":2,"featured_media":8699,"comment_status":"open","ping_status":"open","sticky":false,"template":"","format":"standard","meta":{"inline_featured_image":false,"_jetpack_memberships_contains_paid_content":false,"footnotes":""},"categories":[143],"tags":[123,500,535,330,536],"class_list":{"0":"post-8690","1":"post","2":"type-post","3":"status-publish","4":"format-standard","5":"has-post-thumbnail","7":"category-stadt-klagenfurt","8":"tag-ausschreibung","9":"tag-juergen-dumpelnik","10":"tag-karl-klein","11":"tag-magistratsdirektor","12":"tag-michael-zernig"},"yoast_head":"<!-- This site is optimized with the Yoast SEO plugin v20.10 - https:\/\/yoast.com\/wordpress\/plugins\/seo\/ -->\n<title>&quot;Grenze \u00fcberschritten&quot;: Kritisierter Headhunter der Magistratsdirektor-Ausschreibung schie\u00dft scharf zur\u00fcck - Mediapartizan.at<\/title>\n<meta name=\"robots\" content=\"index, follow, max-snippet:-1, max-image-preview:large, max-video-preview:-1\" \/>\n<link rel=\"canonical\" href=\"https:\/\/www.mediapartizan.at\/?p=8690\" \/>\n<meta property=\"og:locale\" content=\"de_DE\" \/>\n<meta property=\"og:type\" content=\"article\" \/>\n<meta property=\"og:title\" content=\"&quot;Grenze \u00fcberschritten&quot;: Kritisierter Headhunter der Magistratsdirektor-Ausschreibung schie\u00dft scharf zur\u00fcck - Mediapartizan.at\" \/>\n<meta property=\"og:description\" content=\"Dienstag sprachen sich drei Stadtparteien gegen J\u00fcrgen Dumpelnik als Magistratsdirektor aus. Dabei wurde das Vergabeverfahren stark kritisiert. Jetzt meldet sich der beauftragte Headhunter mit einem Gegenangriff zu Wort. B\u00fcrgermeister l\u00e4sst Ausschreibung pr\u00fcfen. [...]\" \/>\n<meta property=\"og:url\" content=\"https:\/\/www.mediapartizan.at\/?p=8690\" \/>\n<meta property=\"og:site_name\" content=\"Mediapartizan.at\" \/>\n<meta property=\"article:published_time\" content=\"2024-04-03T13:33:24+00:00\" \/>\n<meta property=\"article:modified_time\" content=\"2025-12-12T17:26:34+00:00\" \/>\n<meta property=\"og:image\" content=\"https:\/\/www.mediapartizan.at\/wp-content\/uploads\/2024\/04\/Bildschirmfoto-2024-04-03-um-15.28.14-1024x642.png\" \/>\n\t<meta property=\"og:image:width\" content=\"1024\" \/>\n\t<meta property=\"og:image:height\" content=\"642\" \/>\n\t<meta property=\"og:image:type\" content=\"image\/png\" \/>\n<meta name=\"author\" content=\"Franz Miklautz\" \/>\n<meta name=\"twitter:card\" content=\"summary_large_image\" \/>\n<meta name=\"twitter:label1\" content=\"Verfasst von\" \/>\n\t<meta name=\"twitter:data1\" content=\"Franz Miklautz\" \/>\n\t<meta name=\"twitter:label2\" content=\"Gesch\u00e4tzte Lesezeit\" \/>\n\t<meta name=\"twitter:data2\" content=\"4\u00a0Minuten\" \/>\n<script type=\"application\/ld+json\" class=\"yoast-schema-graph\">{\"@context\":\"https:\/\/schema.org\",\"@graph\":[{\"@type\":\"WebPage\",\"@id\":\"https:\/\/www.mediapartizan.at\/?p=8690\",\"url\":\"https:\/\/www.mediapartizan.at\/?p=8690\",\"name\":\"\\\"Grenze \u00fcberschritten\\\": Kritisierter Headhunter der Magistratsdirektor-Ausschreibung schie\u00dft scharf zur\u00fcck - Mediapartizan.at\",\"isPartOf\":{\"@id\":\"https:\/\/www.mediapartizan.at\/#website\"},\"datePublished\":\"2024-04-03T13:33:24+00:00\",\"dateModified\":\"2025-12-12T17:26:34+00:00\",\"author\":{\"@id\":\"https:\/\/www.mediapartizan.at\/#\/schema\/person\/f6bd7eb8222f2fe985c78d08f17ed7a9\"},\"breadcrumb\":{\"@id\":\"https:\/\/www.mediapartizan.at\/?p=8690#breadcrumb\"},\"inLanguage\":\"de\",\"potentialAction\":[{\"@type\":\"ReadAction\",\"target\":[\"https:\/\/www.mediapartizan.at\/?p=8690\"]}]},{\"@type\":\"BreadcrumbList\",\"@id\":\"https:\/\/www.mediapartizan.at\/?p=8690#breadcrumb\",\"itemListElement\":[{\"@type\":\"ListItem\",\"position\":1,\"name\":\"Startseite\",\"item\":\"https:\/\/www.mediapartizan.at\/\"},{\"@type\":\"ListItem\",\"position\":2,\"name\":\"&#8222;Grenze \u00fcberschritten&#8220;: Kritisierter Headhunter der Magistratsdirektor-Ausschreibung schie\u00dft scharf zur\u00fcck\"}]},{\"@type\":\"WebSite\",\"@id\":\"https:\/\/www.mediapartizan.at\/#website\",\"url\":\"https:\/\/www.mediapartizan.at\/\",\"name\":\"Mediapartizan.at\",\"description\":\"\",\"potentialAction\":[{\"@type\":\"SearchAction\",\"target\":{\"@type\":\"EntryPoint\",\"urlTemplate\":\"https:\/\/www.mediapartizan.at\/?s={search_term_string}\"},\"query-input\":\"required name=search_term_string\"}],\"inLanguage\":\"de\"},{\"@type\":\"Person\",\"@id\":\"https:\/\/www.mediapartizan.at\/#\/schema\/person\/f6bd7eb8222f2fe985c78d08f17ed7a9\",\"name\":\"Franz Miklautz\",\"image\":{\"@type\":\"ImageObject\",\"inLanguage\":\"de\",\"@id\":\"https:\/\/www.mediapartizan.at\/#\/schema\/person\/image\/\",\"url\":\"https:\/\/secure.gravatar.com\/avatar\/5618667e9a7ab3fa3e1a0c75987c8d0c111ad041167e738d67ac0846e54e195e?s=96&d=mm&r=g\",\"contentUrl\":\"https:\/\/secure.gravatar.com\/avatar\/5618667e9a7ab3fa3e1a0c75987c8d0c111ad041167e738d67ac0846e54e195e?s=96&d=mm&r=g\",\"caption\":\"Franz Miklautz\"},\"url\":\"https:\/\/www.mediapartizan.at\/?author=2\"}]}<\/script>\n<!-- \/ Yoast SEO plugin. -->","yoast_head_json":{"title":"\"Grenze \u00fcberschritten\": Kritisierter Headhunter der Magistratsdirektor-Ausschreibung schie\u00dft scharf zur\u00fcck - Mediapartizan.at","robots":{"index":"index","follow":"follow","max-snippet":"max-snippet:-1","max-image-preview":"max-image-preview:large","max-video-preview":"max-video-preview:-1"},"canonical":"https:\/\/www.mediapartizan.at\/?p=8690","og_locale":"de_DE","og_type":"article","og_title":"\"Grenze \u00fcberschritten\": Kritisierter Headhunter der Magistratsdirektor-Ausschreibung schie\u00dft scharf zur\u00fcck - Mediapartizan.at","og_description":"Dienstag sprachen sich drei Stadtparteien gegen J\u00fcrgen Dumpelnik als Magistratsdirektor aus. Dabei wurde das Vergabeverfahren stark kritisiert. Jetzt meldet sich der beauftragte Headhunter mit einem Gegenangriff zu Wort. B\u00fcrgermeister l\u00e4sst Ausschreibung pr\u00fcfen. [...]","og_url":"https:\/\/www.mediapartizan.at\/?p=8690","og_site_name":"Mediapartizan.at","article_published_time":"2024-04-03T13:33:24+00:00","article_modified_time":"2025-12-12T17:26:34+00:00","og_image":[{"width":1024,"height":642,"url":"https:\/\/www.mediapartizan.at\/wp-content\/uploads\/2024\/04\/Bildschirmfoto-2024-04-03-um-15.28.14-1024x642.png","type":"image\/png"}],"author":"Franz Miklautz","twitter_card":"summary_large_image","twitter_misc":{"Verfasst von":"Franz Miklautz","Gesch\u00e4tzte Lesezeit":"4\u00a0Minuten"},"schema":{"@context":"https:\/\/schema.org","@graph":[{"@type":"WebPage","@id":"https:\/\/www.mediapartizan.at\/?p=8690","url":"https:\/\/www.mediapartizan.at\/?p=8690","name":"\"Grenze \u00fcberschritten\": Kritisierter Headhunter der Magistratsdirektor-Ausschreibung schie\u00dft scharf zur\u00fcck - Mediapartizan.at","isPartOf":{"@id":"https:\/\/www.mediapartizan.at\/#website"},"datePublished":"2024-04-03T13:33:24+00:00","dateModified":"2025-12-12T17:26:34+00:00","author":{"@id":"https:\/\/www.mediapartizan.at\/#\/schema\/person\/f6bd7eb8222f2fe985c78d08f17ed7a9"},"breadcrumb":{"@id":"https:\/\/www.mediapartizan.at\/?p=8690#breadcrumb"},"inLanguage":"de","potentialAction":[{"@type":"ReadAction","target":["https:\/\/www.mediapartizan.at\/?p=8690"]}]},{"@type":"BreadcrumbList","@id":"https:\/\/www.mediapartizan.at\/?p=8690#breadcrumb","itemListElement":[{"@type":"ListItem","position":1,"name":"Startseite","item":"https:\/\/www.mediapartizan.at\/"},{"@type":"ListItem","position":2,"name":"&#8222;Grenze \u00fcberschritten&#8220;: Kritisierter Headhunter der Magistratsdirektor-Ausschreibung schie\u00dft scharf zur\u00fcck"}]},{"@type":"WebSite","@id":"https:\/\/www.mediapartizan.at\/#website","url":"https:\/\/www.mediapartizan.at\/","name":"Mediapartizan.at","description":"","potentialAction":[{"@type":"SearchAction","target":{"@type":"EntryPoint","urlTemplate":"https:\/\/www.mediapartizan.at\/?s={search_term_string}"},"query-input":"required name=search_term_string"}],"inLanguage":"de"},{"@type":"Person","@id":"https:\/\/www.mediapartizan.at\/#\/schema\/person\/f6bd7eb8222f2fe985c78d08f17ed7a9","name":"Franz Miklautz","image":{"@type":"ImageObject","inLanguage":"de","@id":"https:\/\/www.mediapartizan.at\/#\/schema\/person\/image\/","url":"https:\/\/secure.gravatar.com\/avatar\/5618667e9a7ab3fa3e1a0c75987c8d0c111ad041167e738d67ac0846e54e195e?s=96&d=mm&r=g","contentUrl":"https:\/\/secure.gravatar.com\/avatar\/5618667e9a7ab3fa3e1a0c75987c8d0c111ad041167e738d67ac0846e54e195e?s=96&d=mm&r=g","caption":"Franz Miklautz"},"url":"https:\/\/www.mediapartizan.at\/?author=2"}]}},"jetpack_featured_media_url":"https:\/\/i0.wp.com\/www.mediapartizan.at\/wp-content\/uploads\/2024\/04\/Bildschirmfoto-2024-04-03-um-15.28.14.png?fit=1714%2C1074&ssl=1","jetpack_sharing_enabled":true,"_links":{"self":[{"href":"https:\/\/www.mediapartizan.at\/index.php?rest_route=\/wp\/v2\/posts\/8690","targetHints":{"allow":["GET"]}}],"collection":[{"href":"https:\/\/www.mediapartizan.at\/index.php?rest_route=\/wp\/v2\/posts"}],"about":[{"href":"https:\/\/www.mediapartizan.at\/index.php?rest_route=\/wp\/v2\/types\/post"}],"author":[{"embeddable":true,"href":"https:\/\/www.mediapartizan.at\/index.php?rest_route=\/wp\/v2\/users\/2"}],"replies":[{"embeddable":true,"href":"https:\/\/www.mediapartizan.at\/index.php?rest_route=%2Fwp%2Fv2%2Fcomments&post=8690"}],"version-history":[{"count":3,"href":"https:\/\/www.mediapartizan.at\/index.php?rest_route=\/wp\/v2\/posts\/8690\/revisions"}],"predecessor-version":[{"id":8702,"href":"https:\/\/www.mediapartizan.at\/index.php?rest_route=\/wp\/v2\/posts\/8690\/revisions\/8702"}],"wp:featuredmedia":[{"embeddable":true,"href":"https:\/\/www.mediapartizan.at\/index.php?rest_route=\/wp\/v2\/media\/8699"}],"wp:attachment":[{"href":"https:\/\/www.mediapartizan.at\/index.php?rest_route=%2Fwp%2Fv2%2Fmedia&parent=8690"}],"wp:term":[{"taxonomy":"category","embeddable":true,"href":"https:\/\/www.mediapartizan.at\/index.php?rest_route=%2Fwp%2Fv2%2Fcategories&post=8690"},{"taxonomy":"post_tag","embeddable":true,"href":"https:\/\/www.mediapartizan.at\/index.php?rest_route=%2Fwp%2Fv2%2Ftags&post=8690"}],"curies":[{"name":"wp","href":"https:\/\/api.w.org\/{rel}","templated":true}]}}