{"id":8867,"date":"2024-04-15T20:30:37","date_gmt":"2024-04-15T18:30:37","guid":{"rendered":"https:\/\/www.mediapartizan.at\/?p=8867"},"modified":"2025-12-12T14:56:45","modified_gmt":"2025-12-12T13:56:45","slug":"wer-wird-praesidialchefin-der-kaerntner-bildungsdirektion","status":"publish","type":"post","link":"https:\/\/www.mediapartizan.at\/?p=8867","title":{"rendered":"Wer wird Pr\u00e4sidialchef(in) der K\u00e4rntner Bildungsdirektion?"},"content":{"rendered":"<p><\/p>\n<p>Einen kleinen Tumult gab es heute um das k\u00fcnftige Gehalt des wahrscheinlich neuen Klagenfurter Magistratsdirektors. F\u00fcr diesen Job ist J\u00fcrgen Dumpelnik (45) als gemeinsam mit Michael Zernig bestgereihter Kandidat vorgesehen. Dumpelnik hat etliche Zeit Erfahrung in der \u00f6ffentlichen Verwaltung, war Landtagsdirektor in der Steiermark. Er und Zernig waren von drei \u00f6sterreichischen Magistratsdirektoren (Graz, Salzburg, Wels) und dem stellvertretenden K\u00e4rntner Landesamtsdirektor Markus Matschek bestgereiht worden. Beobachter berichteten von einer beeindruckenden Pr\u00e4sentation Dumpelniks. <\/p>\n<p><\/p>\n<p><\/p>\n<p>B\u00fcrgermeister Christian Scheider (Team K\u00e4rnten) sa\u00df der Objektivierungskommission vor. Stefan Reichelt von der Executive-Search-Agentur Blue Danube organisierte das Verfahren, das von \u00d6VP und Gr\u00fcnen heftig kritisiert wird. <a href=\"https:\/\/www.mediapartizan.at\/?p=8690\" target=\"_blank\" rel=\"noreferrer noopener\">Beide Parteien verlangen eine Neuausschreibung.<\/a> Team-K\u00e4rnten-Klubobmann Patrick Jonke lehnt Dumpelnik als neuen Magistratsdirektor rundweg ab. Kann sich aber mit der Alternative Zernig anfreunden. Er ist derzeit Amtsleiter in Ebenthal, einer Gemeinde im Osten Klagenfurts. <\/p>\n<p><\/p>\n<p><\/p>\n<p><strong>Kein Bombengehalt f\u00fcr Dumpelnik &#8211; All in Vertrag?<\/strong><\/p>\n<p><\/p>\n<p><\/p>\n<p>Heute war es wie erw\u00e4hnt zu Kritik hinsichtlich des potenziellen Gehalts Dumpelniks gekommen, den SP\u00d6 und FP\u00d6 bis Ende April installiert haben wollen: Er soll brutto 11.100 Euro bekommen. Das haben entsprechende Stellen im Magistrat berechnet. Darin nicht bedacht: M\u00f6gliche \u00dcberstunden. Dumpelnik soll auf Wunsch der SP\u00d6 20 Jahre an Vordienstzeiten angerechnet bekommen. Au\u00dferdem soll sein Vertrag nur bis Ende 2027 befristet werden, danach unbefristet. Dumpelnik soll in der Dienstklasse IX angesiedelt werden, der h\u00f6chsten Entlohnungsstufe f\u00fcr Klagenfurter Vertragsbedienstete. Laut einer Presseaussendung des Team K\u00e4rnten habe er aber die n\u00f6tige Dienstpr\u00fcfung nicht, was Dumpelnik bestreitet. Er habe die Dienstpr\u00fcfung f\u00fcr A-Beamte, die sowohl f\u00fcr den Bundes- als auch f\u00fcr den Landesdienst gelte. <\/p>\n<p><\/p>\n<p><\/p>\n<p>Ein Lotto-Sechser scheint das Gehalt &#8211; vorerst &#8211; nicht zu sein. Dennoch ist das Angebot an Dumpelnik fragw\u00fcrdigerweise angeblich kein All-in-Vertrag. Zur Bestellung von Dumpelnik ist es heute im Stadtsenat allerdings nicht gekommen.<\/p>\n<p><\/p>\n<p><\/p>\n<p><strong>10.300 Euro f\u00fcr Politjob<\/strong><\/p>\n<p><\/p>\n<p><\/p>\n<p>Einhergehend mit der von der SP\u00d6 geforderten Bestellung von Dumpelnik erscheint eine andere Personalie von Interesse f\u00fcr die \u00d6ffentlichkeit: Die der Besetzung der Pr\u00e4sidialleitung der K\u00e4rntner Bildungsdirektion. Dort ist n\u00e4mlich eine zweitgereihte Bewerberin im Rennen, die Dumpelnik nahe steht. Daniela Schachner-Blazizek, Tochter des legend\u00e4ren steirischen Landeshauptmann-Stellvertreters Peter Schachner-Blazizek (SP\u00d6), ist Dumpelniks Ehegattin. Sie hat sich f\u00fcr den F\u00fchrungsjob beworben. Und: Sie ist derzeit ziemlich gut gereihte Zweite. Vor ihr soll Peter Reichmann sein, Bildungsverantwortlicher der K\u00e4rntner Arbeiterkammer. Er soll Favorit von Landeshauptmann Peter Kaiser (SP\u00d6) sein. Der Job ist mit rund 10.300 Euro brutto ausgelobt.<\/p>\n<p><\/p>\n<p><\/p>\n<p>Wie die Kleine Zeitung berichtete, h\u00e4tte die Stelle schon l\u00e4ngst besetzt werden sollen. Ab Mai soll Reichmann dann der Pr\u00e4sidiale vorstehen. <\/p>\n<p><\/p>\n<p><\/p>\n<p><\/p>\n<p><\/p>\n<p><\/p>\n","protected":false},"excerpt":{"rendered":"<div class=\"mh-excerpt\"><p>Ehegattin des aussichtsreichsten Kandidaten f\u00fcr den Topjob des Klagenfurter Magistratsdirektors, J\u00fcrgen Dumpelnik, hat sich f\u00fcr Pr\u00e4sidiale der Bildungsdirektion beworben. Und wurde gut gereihte Zweite. 10.300 Euro f\u00fcr Politjob. <a class=\"mh-excerpt-more\" href=\"https:\/\/www.mediapartizan.at\/?p=8867\" title=\"Wer wird Pr\u00e4sidialchef(in) der K\u00e4rntner Bildungsdirektion?\">[&#8230;]<\/a><\/p>\n<\/div>","protected":false},"author":2,"featured_media":8868,"comment_status":"open","ping_status":"open","sticky":false,"template":"","format":"standard","meta":{"inline_featured_image":false,"_jetpack_memberships_contains_paid_content":false,"footnotes":""},"categories":[218],"tags":[549,550,500,548],"class_list":{"0":"post-8867","1":"post","2":"type-post","3":"status-publish","4":"format-standard","5":"has-post-thumbnail","7":"category-land-kaernten","8":"tag-bildungsdirektion-klagenfurt","9":"tag-daniela-schachner-blazizek","10":"tag-juergen-dumpelnik","11":"tag-peter-reichmann"},"yoast_head":"<!-- This site is optimized with the Yoast SEO plugin v20.10 - https:\/\/yoast.com\/wordpress\/plugins\/seo\/ -->\n<title>Wer wird Pr\u00e4sidialchef(in) der K\u00e4rntner Bildungsdirektion? - Mediapartizan.at<\/title>\n<meta name=\"robots\" content=\"index, follow, max-snippet:-1, max-image-preview:large, max-video-preview:-1\" \/>\n<link rel=\"canonical\" href=\"https:\/\/www.mediapartizan.at\/?p=8867\" \/>\n<meta property=\"og:locale\" content=\"de_DE\" \/>\n<meta property=\"og:type\" content=\"article\" \/>\n<meta property=\"og:title\" content=\"Wer wird Pr\u00e4sidialchef(in) der K\u00e4rntner Bildungsdirektion? - Mediapartizan.at\" \/>\n<meta property=\"og:description\" content=\"Ehegattin des aussichtsreichsten Kandidaten f\u00fcr den Topjob des Klagenfurter Magistratsdirektors, J\u00fcrgen Dumpelnik, hat sich f\u00fcr Pr\u00e4sidiale der Bildungsdirektion beworben. Und wurde gut gereihte Zweite. 10.300 Euro f\u00fcr Politjob. [...]\" \/>\n<meta property=\"og:url\" content=\"https:\/\/www.mediapartizan.at\/?p=8867\" \/>\n<meta property=\"og:site_name\" content=\"Mediapartizan.at\" \/>\n<meta property=\"article:published_time\" content=\"2024-04-15T18:30:37+00:00\" \/>\n<meta property=\"article:modified_time\" content=\"2025-12-12T13:56:45+00:00\" \/>\n<meta property=\"og:image\" content=\"https:\/\/www.mediapartizan.at\/wp-content\/uploads\/2024\/04\/Bildungsdirektion-1024x409.png\" \/>\n\t<meta property=\"og:image:width\" content=\"1024\" \/>\n\t<meta property=\"og:image:height\" content=\"409\" \/>\n\t<meta property=\"og:image:type\" content=\"image\/png\" \/>\n<meta name=\"author\" content=\"Franz Miklautz\" \/>\n<meta name=\"twitter:card\" content=\"summary_large_image\" \/>\n<meta name=\"twitter:label1\" content=\"Verfasst von\" \/>\n\t<meta name=\"twitter:data1\" content=\"Franz Miklautz\" \/>\n\t<meta name=\"twitter:label2\" content=\"Gesch\u00e4tzte Lesezeit\" \/>\n\t<meta name=\"twitter:data2\" content=\"3\u00a0Minuten\" \/>\n<script type=\"application\/ld+json\" class=\"yoast-schema-graph\">{\"@context\":\"https:\/\/schema.org\",\"@graph\":[{\"@type\":\"WebPage\",\"@id\":\"https:\/\/www.mediapartizan.at\/?p=8867\",\"url\":\"https:\/\/www.mediapartizan.at\/?p=8867\",\"name\":\"Wer wird Pr\u00e4sidialchef(in) der K\u00e4rntner Bildungsdirektion? - Mediapartizan.at\",\"isPartOf\":{\"@id\":\"https:\/\/www.mediapartizan.at\/#website\"},\"datePublished\":\"2024-04-15T18:30:37+00:00\",\"dateModified\":\"2025-12-12T13:56:45+00:00\",\"author\":{\"@id\":\"https:\/\/www.mediapartizan.at\/#\/schema\/person\/f6bd7eb8222f2fe985c78d08f17ed7a9\"},\"breadcrumb\":{\"@id\":\"https:\/\/www.mediapartizan.at\/?p=8867#breadcrumb\"},\"inLanguage\":\"de\",\"potentialAction\":[{\"@type\":\"ReadAction\",\"target\":[\"https:\/\/www.mediapartizan.at\/?p=8867\"]}]},{\"@type\":\"BreadcrumbList\",\"@id\":\"https:\/\/www.mediapartizan.at\/?p=8867#breadcrumb\",\"itemListElement\":[{\"@type\":\"ListItem\",\"position\":1,\"name\":\"Startseite\",\"item\":\"https:\/\/www.mediapartizan.at\/\"},{\"@type\":\"ListItem\",\"position\":2,\"name\":\"Wer wird Pr\u00e4sidialchef(in) der K\u00e4rntner Bildungsdirektion?\"}]},{\"@type\":\"WebSite\",\"@id\":\"https:\/\/www.mediapartizan.at\/#website\",\"url\":\"https:\/\/www.mediapartizan.at\/\",\"name\":\"Mediapartizan.at\",\"description\":\"\",\"potentialAction\":[{\"@type\":\"SearchAction\",\"target\":{\"@type\":\"EntryPoint\",\"urlTemplate\":\"https:\/\/www.mediapartizan.at\/?s={search_term_string}\"},\"query-input\":\"required name=search_term_string\"}],\"inLanguage\":\"de\"},{\"@type\":\"Person\",\"@id\":\"https:\/\/www.mediapartizan.at\/#\/schema\/person\/f6bd7eb8222f2fe985c78d08f17ed7a9\",\"name\":\"Franz Miklautz\",\"image\":{\"@type\":\"ImageObject\",\"inLanguage\":\"de\",\"@id\":\"https:\/\/www.mediapartizan.at\/#\/schema\/person\/image\/\",\"url\":\"https:\/\/secure.gravatar.com\/avatar\/5618667e9a7ab3fa3e1a0c75987c8d0c111ad041167e738d67ac0846e54e195e?s=96&d=mm&r=g\",\"contentUrl\":\"https:\/\/secure.gravatar.com\/avatar\/5618667e9a7ab3fa3e1a0c75987c8d0c111ad041167e738d67ac0846e54e195e?s=96&d=mm&r=g\",\"caption\":\"Franz Miklautz\"},\"url\":\"https:\/\/www.mediapartizan.at\/?author=2\"}]}<\/script>\n<!-- \/ Yoast SEO plugin. -->","yoast_head_json":{"title":"Wer wird Pr\u00e4sidialchef(in) der K\u00e4rntner Bildungsdirektion? - Mediapartizan.at","robots":{"index":"index","follow":"follow","max-snippet":"max-snippet:-1","max-image-preview":"max-image-preview:large","max-video-preview":"max-video-preview:-1"},"canonical":"https:\/\/www.mediapartizan.at\/?p=8867","og_locale":"de_DE","og_type":"article","og_title":"Wer wird Pr\u00e4sidialchef(in) der K\u00e4rntner Bildungsdirektion? - Mediapartizan.at","og_description":"Ehegattin des aussichtsreichsten Kandidaten f\u00fcr den Topjob des Klagenfurter Magistratsdirektors, J\u00fcrgen Dumpelnik, hat sich f\u00fcr Pr\u00e4sidiale der Bildungsdirektion beworben. Und wurde gut gereihte Zweite. 10.300 Euro f\u00fcr Politjob. [...]","og_url":"https:\/\/www.mediapartizan.at\/?p=8867","og_site_name":"Mediapartizan.at","article_published_time":"2024-04-15T18:30:37+00:00","article_modified_time":"2025-12-12T13:56:45+00:00","og_image":[{"width":1024,"height":409,"url":"https:\/\/www.mediapartizan.at\/wp-content\/uploads\/2024\/04\/Bildungsdirektion-1024x409.png","type":"image\/png"}],"author":"Franz Miklautz","twitter_card":"summary_large_image","twitter_misc":{"Verfasst von":"Franz Miklautz","Gesch\u00e4tzte Lesezeit":"3\u00a0Minuten"},"schema":{"@context":"https:\/\/schema.org","@graph":[{"@type":"WebPage","@id":"https:\/\/www.mediapartizan.at\/?p=8867","url":"https:\/\/www.mediapartizan.at\/?p=8867","name":"Wer wird Pr\u00e4sidialchef(in) der K\u00e4rntner Bildungsdirektion? - Mediapartizan.at","isPartOf":{"@id":"https:\/\/www.mediapartizan.at\/#website"},"datePublished":"2024-04-15T18:30:37+00:00","dateModified":"2025-12-12T13:56:45+00:00","author":{"@id":"https:\/\/www.mediapartizan.at\/#\/schema\/person\/f6bd7eb8222f2fe985c78d08f17ed7a9"},"breadcrumb":{"@id":"https:\/\/www.mediapartizan.at\/?p=8867#breadcrumb"},"inLanguage":"de","potentialAction":[{"@type":"ReadAction","target":["https:\/\/www.mediapartizan.at\/?p=8867"]}]},{"@type":"BreadcrumbList","@id":"https:\/\/www.mediapartizan.at\/?p=8867#breadcrumb","itemListElement":[{"@type":"ListItem","position":1,"name":"Startseite","item":"https:\/\/www.mediapartizan.at\/"},{"@type":"ListItem","position":2,"name":"Wer wird Pr\u00e4sidialchef(in) der K\u00e4rntner Bildungsdirektion?"}]},{"@type":"WebSite","@id":"https:\/\/www.mediapartizan.at\/#website","url":"https:\/\/www.mediapartizan.at\/","name":"Mediapartizan.at","description":"","potentialAction":[{"@type":"SearchAction","target":{"@type":"EntryPoint","urlTemplate":"https:\/\/www.mediapartizan.at\/?s={search_term_string}"},"query-input":"required name=search_term_string"}],"inLanguage":"de"},{"@type":"Person","@id":"https:\/\/www.mediapartizan.at\/#\/schema\/person\/f6bd7eb8222f2fe985c78d08f17ed7a9","name":"Franz Miklautz","image":{"@type":"ImageObject","inLanguage":"de","@id":"https:\/\/www.mediapartizan.at\/#\/schema\/person\/image\/","url":"https:\/\/secure.gravatar.com\/avatar\/5618667e9a7ab3fa3e1a0c75987c8d0c111ad041167e738d67ac0846e54e195e?s=96&d=mm&r=g","contentUrl":"https:\/\/secure.gravatar.com\/avatar\/5618667e9a7ab3fa3e1a0c75987c8d0c111ad041167e738d67ac0846e54e195e?s=96&d=mm&r=g","caption":"Franz Miklautz"},"url":"https:\/\/www.mediapartizan.at\/?author=2"}]}},"jetpack_featured_media_url":"https:\/\/i0.wp.com\/www.mediapartizan.at\/wp-content\/uploads\/2024\/04\/Bildungsdirektion.png?fit=2002%2C800&ssl=1","jetpack_sharing_enabled":true,"_links":{"self":[{"href":"https:\/\/www.mediapartizan.at\/index.php?rest_route=\/wp\/v2\/posts\/8867","targetHints":{"allow":["GET"]}}],"collection":[{"href":"https:\/\/www.mediapartizan.at\/index.php?rest_route=\/wp\/v2\/posts"}],"about":[{"href":"https:\/\/www.mediapartizan.at\/index.php?rest_route=\/wp\/v2\/types\/post"}],"author":[{"embeddable":true,"href":"https:\/\/www.mediapartizan.at\/index.php?rest_route=\/wp\/v2\/users\/2"}],"replies":[{"embeddable":true,"href":"https:\/\/www.mediapartizan.at\/index.php?rest_route=%2Fwp%2Fv2%2Fcomments&post=8867"}],"version-history":[{"count":15,"href":"https:\/\/www.mediapartizan.at\/index.php?rest_route=\/wp\/v2\/posts\/8867\/revisions"}],"predecessor-version":[{"id":8890,"href":"https:\/\/www.mediapartizan.at\/index.php?rest_route=\/wp\/v2\/posts\/8867\/revisions\/8890"}],"wp:featuredmedia":[{"embeddable":true,"href":"https:\/\/www.mediapartizan.at\/index.php?rest_route=\/wp\/v2\/media\/8868"}],"wp:attachment":[{"href":"https:\/\/www.mediapartizan.at\/index.php?rest_route=%2Fwp%2Fv2%2Fmedia&parent=8867"}],"wp:term":[{"taxonomy":"category","embeddable":true,"href":"https:\/\/www.mediapartizan.at\/index.php?rest_route=%2Fwp%2Fv2%2Fcategories&post=8867"},{"taxonomy":"post_tag","embeddable":true,"href":"https:\/\/www.mediapartizan.at\/index.php?rest_route=%2Fwp%2Fv2%2Ftags&post=8867"}],"curies":[{"name":"wp","href":"https:\/\/api.w.org\/{rel}","templated":true}]}}