{"id":9078,"date":"2024-05-06T20:52:18","date_gmt":"2024-05-06T18:52:18","guid":{"rendered":"https:\/\/www.mediapartizan.at\/?p=9078"},"modified":"2024-05-07T13:35:54","modified_gmt":"2024-05-07T11:35:54","slug":"stephane-binder-wird-neuer-praesidiums-chef-im-klagenfurter-rathaus-stadt-bleibt-frage-nach-reihung-schuldig","status":"publish","type":"post","link":"https:\/\/www.mediapartizan.at\/?p=9078","title":{"rendered":"St\u00e9phane Binder wird neuer Pr\u00e4sidiums-Chef im Klagenfurter Rathaus &#8211; Stadt bleibt Frage nach Reihung schuldig"},"content":{"rendered":"<p><\/p>\n<p>Der langj\u00e4hrige Chef des Pr\u00e4sidiums im Klagenfurter Rathaus, Arnulf Rainer, geht heuer in Pension. Rainer war Jahrzehnte an vorderster Front im Magistrat t\u00e4tig. Man kennt ihn aus unz\u00e4hligen Gemeinderatssitzungen, in denen er das Stimmverhalten der Gemeinder\u00e4te abz\u00e4hlte. Ihn wird St\u00e9phane Binder ersetzen. Er ist derzeit Magistratsdirektor-Stellvertreter. Jedenfalls wird er auf der Homepage der K\u00e4rntner Landeshauptstadt mit dieser Postenbezeichnung gef\u00fchrt. Wen genau er vertritt, ist jedoch nicht ganz klar: Seit Peter Jost mit Ende 2023 als Magistratsdirektor abberufen wurde, gibt es selbigen n\u00e4mlich nicht mehr. <\/p>\n<p><\/p>\n<p><\/p>\n<p><strong>Stadt antwortet nicht auf Frage nach Reihung<\/strong><\/p>\n<p><\/p>\n<p><\/p>\n<p>Die Stadtkommunikation gab auf Anfrage bekannt, dass es eine interne und externe Stellenausschreibung f\u00fcr den Job gab. Schlussendlich sollen sich &#8222;vier interne Kandidaten f\u00fcr eine engere Auswahl&#8220; qualifiziert haben. &#8222;Aus diesem Kreis wiederum wurde St\u00e9phane Binder zum neuen Leiter bestellt&#8220;, so die Stadtkommunikation. Auf die Frage, welche Reihung das Auswahlverfahren ergeben habe, antwortete die Stadt nicht. Sie gab lediglich bekannt, dass Binder &#8222;vor allem durch sein breites Fachwissen, seine angeeigneten Qualifikationen, sowie seine langj\u00e4hrige Erfahrung in verschiedenen Bereichen des Magistrats \u00fcberzeugte&#8220;. Au\u00dferdem &#8222;arbeitete er bereits viel mit dem B\u00fcrgermeister zusammen, was auch wesentlicher Bestandteil seiner neuen Funktion ist&#8220;. <\/p>\n<p><\/p>\n<p><\/p>\n<p>Mediapartizan.at hat die Stadt nun wiederholt um Auskunft \u00fcber das Reihungsergebnis gefragt. Au\u00dferdem: ob Binder den Job des Magistratsdirektors, den er derzeit quasi inne hat, als Pr\u00e4sidiums-Chef weiter aus\u00fcben wird? Die Antwort wird nach Erhalt ver\u00f6ffentlicht.  <\/p>\n<p><\/p>\n<p><\/p>\n<h2 class=\"wp-block-heading\">Reaktionen, 7. Mai 2024<\/h2>\n<p><\/p>\n<p><\/p>\n<p>Die SP\u00d6 kritisiert die Bestellung Binders und fordert eine &#8222;umfassende und sofortige Pr\u00fcfung&#8220; der Besetzung. &#8222;Dass Binder von Scheider zum Abteilungsleiter bef\u00f6rdert wird, w\u00e4hrend er auf Wunsch Scheiders ein dubioses Pr\u00fcfverfahren der Magistratsdirktor-Ausschreibung durchf\u00fchrt, stellt einen bemerkenswerten Zufall dar&#8220;, sagt der gesch\u00e4ftsf\u00fchrende Clubobmann Christian Gl\u00fcck.<\/p>\n<p><\/p>\n<p><\/p>\n<h2 class=\"wp-block-heading\"><\/h2>\n<p><\/p>\n","protected":false},"excerpt":{"rendered":"<div class=\"mh-excerpt\"><p>Bisheriger Magistratsdirektor-Stellvertreter \u00fcbernimmt die Pr\u00e4sidialabteilung im Magistrat Klagenfurt. <a class=\"mh-excerpt-more\" href=\"https:\/\/www.mediapartizan.at\/?p=9078\" title=\"St\u00e9phane Binder wird neuer Pr\u00e4sidiums-Chef im Klagenfurter Rathaus &#8211; Stadt bleibt Frage nach Reihung schuldig\">[&#8230;]<\/a><\/p>\n<\/div>","protected":false},"author":2,"featured_media":9079,"comment_status":"open","ping_status":"open","sticky":false,"template":"","format":"standard","meta":{"inline_featured_image":false,"_jetpack_memberships_contains_paid_content":false,"footnotes":""},"categories":[143],"tags":[86,330,556],"class_list":{"0":"post-9078","1":"post","2":"type-post","3":"status-publish","4":"format-standard","5":"has-post-thumbnail","7":"category-stadt-klagenfurt","8":"tag-christian-scheider","9":"tag-magistratsdirektor","10":"tag-stephane-binder"},"yoast_head":"<!-- This site is optimized with the Yoast SEO plugin v20.10 - https:\/\/yoast.com\/wordpress\/plugins\/seo\/ -->\n<title>St\u00e9phane Binder wird neuer Pr\u00e4sidiums-Chef im Klagenfurter Rathaus - Stadt bleibt Frage nach Reihung schuldig - Mediapartizan.at<\/title>\n<meta name=\"robots\" content=\"index, follow, max-snippet:-1, max-image-preview:large, max-video-preview:-1\" \/>\n<link rel=\"canonical\" href=\"https:\/\/www.mediapartizan.at\/?p=9078\" \/>\n<meta property=\"og:locale\" content=\"de_DE\" \/>\n<meta property=\"og:type\" content=\"article\" \/>\n<meta property=\"og:title\" content=\"St\u00e9phane Binder wird neuer Pr\u00e4sidiums-Chef im Klagenfurter Rathaus - Stadt bleibt Frage nach Reihung schuldig - Mediapartizan.at\" \/>\n<meta property=\"og:description\" content=\"Bisheriger Magistratsdirektor-Stellvertreter \u00fcbernimmt die Pr\u00e4sidialabteilung im Magistrat Klagenfurt. [...]\" \/>\n<meta property=\"og:url\" content=\"https:\/\/www.mediapartizan.at\/?p=9078\" \/>\n<meta property=\"og:site_name\" content=\"Mediapartizan.at\" \/>\n<meta property=\"article:published_time\" content=\"2024-05-06T18:52:18+00:00\" \/>\n<meta property=\"article:modified_time\" content=\"2024-05-07T11:35:54+00:00\" \/>\n<meta property=\"og:image\" content=\"https:\/\/www.mediapartizan.at\/wp-content\/uploads\/2024\/05\/csm_SK_bgm_binder01_2fec30d145.jpg\" \/>\n\t<meta property=\"og:image:width\" content=\"1200\" \/>\n\t<meta property=\"og:image:height\" content=\"778\" \/>\n\t<meta property=\"og:image:type\" content=\"image\/jpeg\" \/>\n<meta name=\"author\" content=\"Franz Miklautz\" \/>\n<meta name=\"twitter:card\" content=\"summary_large_image\" \/>\n<meta name=\"twitter:label1\" content=\"Verfasst von\" \/>\n\t<meta name=\"twitter:data1\" content=\"Franz Miklautz\" \/>\n\t<meta name=\"twitter:label2\" content=\"Gesch\u00e4tzte Lesezeit\" \/>\n\t<meta name=\"twitter:data2\" content=\"2\u00a0Minuten\" \/>\n<script type=\"application\/ld+json\" class=\"yoast-schema-graph\">{\"@context\":\"https:\/\/schema.org\",\"@graph\":[{\"@type\":\"WebPage\",\"@id\":\"https:\/\/www.mediapartizan.at\/?p=9078\",\"url\":\"https:\/\/www.mediapartizan.at\/?p=9078\",\"name\":\"St\u00e9phane Binder wird neuer Pr\u00e4sidiums-Chef im Klagenfurter Rathaus - Stadt bleibt Frage nach Reihung schuldig - Mediapartizan.at\",\"isPartOf\":{\"@id\":\"https:\/\/www.mediapartizan.at\/#website\"},\"datePublished\":\"2024-05-06T18:52:18+00:00\",\"dateModified\":\"2024-05-07T11:35:54+00:00\",\"author\":{\"@id\":\"https:\/\/www.mediapartizan.at\/#\/schema\/person\/f6bd7eb8222f2fe985c78d08f17ed7a9\"},\"breadcrumb\":{\"@id\":\"https:\/\/www.mediapartizan.at\/?p=9078#breadcrumb\"},\"inLanguage\":\"de\",\"potentialAction\":[{\"@type\":\"ReadAction\",\"target\":[\"https:\/\/www.mediapartizan.at\/?p=9078\"]}]},{\"@type\":\"BreadcrumbList\",\"@id\":\"https:\/\/www.mediapartizan.at\/?p=9078#breadcrumb\",\"itemListElement\":[{\"@type\":\"ListItem\",\"position\":1,\"name\":\"Startseite\",\"item\":\"https:\/\/www.mediapartizan.at\/\"},{\"@type\":\"ListItem\",\"position\":2,\"name\":\"St\u00e9phane Binder wird neuer Pr\u00e4sidiums-Chef im Klagenfurter Rathaus &#8211; Stadt bleibt Frage nach Reihung schuldig\"}]},{\"@type\":\"WebSite\",\"@id\":\"https:\/\/www.mediapartizan.at\/#website\",\"url\":\"https:\/\/www.mediapartizan.at\/\",\"name\":\"Mediapartizan.at\",\"description\":\"\",\"potentialAction\":[{\"@type\":\"SearchAction\",\"target\":{\"@type\":\"EntryPoint\",\"urlTemplate\":\"https:\/\/www.mediapartizan.at\/?s={search_term_string}\"},\"query-input\":\"required name=search_term_string\"}],\"inLanguage\":\"de\"},{\"@type\":\"Person\",\"@id\":\"https:\/\/www.mediapartizan.at\/#\/schema\/person\/f6bd7eb8222f2fe985c78d08f17ed7a9\",\"name\":\"Franz Miklautz\",\"image\":{\"@type\":\"ImageObject\",\"inLanguage\":\"de\",\"@id\":\"https:\/\/www.mediapartizan.at\/#\/schema\/person\/image\/\",\"url\":\"https:\/\/secure.gravatar.com\/avatar\/5618667e9a7ab3fa3e1a0c75987c8d0c111ad041167e738d67ac0846e54e195e?s=96&d=mm&r=g\",\"contentUrl\":\"https:\/\/secure.gravatar.com\/avatar\/5618667e9a7ab3fa3e1a0c75987c8d0c111ad041167e738d67ac0846e54e195e?s=96&d=mm&r=g\",\"caption\":\"Franz Miklautz\"},\"url\":\"https:\/\/www.mediapartizan.at\/?author=2\"}]}<\/script>\n<!-- \/ Yoast SEO plugin. -->","yoast_head_json":{"title":"St\u00e9phane Binder wird neuer Pr\u00e4sidiums-Chef im Klagenfurter Rathaus - Stadt bleibt Frage nach Reihung schuldig - Mediapartizan.at","robots":{"index":"index","follow":"follow","max-snippet":"max-snippet:-1","max-image-preview":"max-image-preview:large","max-video-preview":"max-video-preview:-1"},"canonical":"https:\/\/www.mediapartizan.at\/?p=9078","og_locale":"de_DE","og_type":"article","og_title":"St\u00e9phane Binder wird neuer Pr\u00e4sidiums-Chef im Klagenfurter Rathaus - Stadt bleibt Frage nach Reihung schuldig - Mediapartizan.at","og_description":"Bisheriger Magistratsdirektor-Stellvertreter \u00fcbernimmt die Pr\u00e4sidialabteilung im Magistrat Klagenfurt. [...]","og_url":"https:\/\/www.mediapartizan.at\/?p=9078","og_site_name":"Mediapartizan.at","article_published_time":"2024-05-06T18:52:18+00:00","article_modified_time":"2024-05-07T11:35:54+00:00","og_image":[{"width":1200,"height":778,"url":"https:\/\/www.mediapartizan.at\/wp-content\/uploads\/2024\/05\/csm_SK_bgm_binder01_2fec30d145.jpg","type":"image\/jpeg"}],"author":"Franz Miklautz","twitter_card":"summary_large_image","twitter_misc":{"Verfasst von":"Franz Miklautz","Gesch\u00e4tzte Lesezeit":"2\u00a0Minuten"},"schema":{"@context":"https:\/\/schema.org","@graph":[{"@type":"WebPage","@id":"https:\/\/www.mediapartizan.at\/?p=9078","url":"https:\/\/www.mediapartizan.at\/?p=9078","name":"St\u00e9phane Binder wird neuer Pr\u00e4sidiums-Chef im Klagenfurter Rathaus - Stadt bleibt Frage nach Reihung schuldig - Mediapartizan.at","isPartOf":{"@id":"https:\/\/www.mediapartizan.at\/#website"},"datePublished":"2024-05-06T18:52:18+00:00","dateModified":"2024-05-07T11:35:54+00:00","author":{"@id":"https:\/\/www.mediapartizan.at\/#\/schema\/person\/f6bd7eb8222f2fe985c78d08f17ed7a9"},"breadcrumb":{"@id":"https:\/\/www.mediapartizan.at\/?p=9078#breadcrumb"},"inLanguage":"de","potentialAction":[{"@type":"ReadAction","target":["https:\/\/www.mediapartizan.at\/?p=9078"]}]},{"@type":"BreadcrumbList","@id":"https:\/\/www.mediapartizan.at\/?p=9078#breadcrumb","itemListElement":[{"@type":"ListItem","position":1,"name":"Startseite","item":"https:\/\/www.mediapartizan.at\/"},{"@type":"ListItem","position":2,"name":"St\u00e9phane Binder wird neuer Pr\u00e4sidiums-Chef im Klagenfurter Rathaus &#8211; Stadt bleibt Frage nach Reihung schuldig"}]},{"@type":"WebSite","@id":"https:\/\/www.mediapartizan.at\/#website","url":"https:\/\/www.mediapartizan.at\/","name":"Mediapartizan.at","description":"","potentialAction":[{"@type":"SearchAction","target":{"@type":"EntryPoint","urlTemplate":"https:\/\/www.mediapartizan.at\/?s={search_term_string}"},"query-input":"required name=search_term_string"}],"inLanguage":"de"},{"@type":"Person","@id":"https:\/\/www.mediapartizan.at\/#\/schema\/person\/f6bd7eb8222f2fe985c78d08f17ed7a9","name":"Franz Miklautz","image":{"@type":"ImageObject","inLanguage":"de","@id":"https:\/\/www.mediapartizan.at\/#\/schema\/person\/image\/","url":"https:\/\/secure.gravatar.com\/avatar\/5618667e9a7ab3fa3e1a0c75987c8d0c111ad041167e738d67ac0846e54e195e?s=96&d=mm&r=g","contentUrl":"https:\/\/secure.gravatar.com\/avatar\/5618667e9a7ab3fa3e1a0c75987c8d0c111ad041167e738d67ac0846e54e195e?s=96&d=mm&r=g","caption":"Franz Miklautz"},"url":"https:\/\/www.mediapartizan.at\/?author=2"}]}},"jetpack_featured_media_url":"https:\/\/i0.wp.com\/www.mediapartizan.at\/wp-content\/uploads\/2024\/05\/csm_SK_bgm_binder01_2fec30d145.jpg?fit=1200%2C778&ssl=1","jetpack_sharing_enabled":true,"_links":{"self":[{"href":"https:\/\/www.mediapartizan.at\/index.php?rest_route=\/wp\/v2\/posts\/9078","targetHints":{"allow":["GET"]}}],"collection":[{"href":"https:\/\/www.mediapartizan.at\/index.php?rest_route=\/wp\/v2\/posts"}],"about":[{"href":"https:\/\/www.mediapartizan.at\/index.php?rest_route=\/wp\/v2\/types\/post"}],"author":[{"embeddable":true,"href":"https:\/\/www.mediapartizan.at\/index.php?rest_route=\/wp\/v2\/users\/2"}],"replies":[{"embeddable":true,"href":"https:\/\/www.mediapartizan.at\/index.php?rest_route=%2Fwp%2Fv2%2Fcomments&post=9078"}],"version-history":[{"count":7,"href":"https:\/\/www.mediapartizan.at\/index.php?rest_route=\/wp\/v2\/posts\/9078\/revisions"}],"predecessor-version":[{"id":9092,"href":"https:\/\/www.mediapartizan.at\/index.php?rest_route=\/wp\/v2\/posts\/9078\/revisions\/9092"}],"wp:featuredmedia":[{"embeddable":true,"href":"https:\/\/www.mediapartizan.at\/index.php?rest_route=\/wp\/v2\/media\/9079"}],"wp:attachment":[{"href":"https:\/\/www.mediapartizan.at\/index.php?rest_route=%2Fwp%2Fv2%2Fmedia&parent=9078"}],"wp:term":[{"taxonomy":"category","embeddable":true,"href":"https:\/\/www.mediapartizan.at\/index.php?rest_route=%2Fwp%2Fv2%2Fcategories&post=9078"},{"taxonomy":"post_tag","embeddable":true,"href":"https:\/\/www.mediapartizan.at\/index.php?rest_route=%2Fwp%2Fv2%2Ftags&post=9078"}],"curies":[{"name":"wp","href":"https:\/\/api.w.org\/{rel}","templated":true}]}}