{"id":9516,"date":"2024-06-27T16:12:22","date_gmt":"2024-06-27T14:12:22","guid":{"rendered":"https:\/\/www.mediapartizan.at\/?p=9516"},"modified":"2024-06-28T09:16:05","modified_gmt":"2024-06-28T07:16:05","slug":"streit-um-dienstverlaengerung-ex-magistratsdirektor-jost-blitzte-bei-verwaltungsgericht-ab","status":"publish","type":"post","link":"https:\/\/www.mediapartizan.at\/?p=9516","title":{"rendered":"Streit um Dienstverl\u00e4ngerung: Ex-Magistratsdirektor Jost blitzte bei Verwaltungsgericht ab"},"content":{"rendered":"<p><\/p>\n<p>Wenn Dinge stattfinden wie eine Ausflugsfahrt von KAC-Fanclubs nach Lignano (deren Fahrtkosten vom Steuerzahler berappt werden), l\u00e4sst es sich B\u00fcrgermeister Christian Scheider (Team K\u00e4rnten) nur ungern nehmen, seine Presseleute eine Aussendung \u00fcber den \u00c4ther jagen zu lassen. Zelebriert mit Foto von Scheider, umringt von KAC-Fanclubleuten. Rechts von ihm Dieter Schmied, Obmann-Stellvertreter des KAC-Fanclubs &#8222;Stiege 19&#8220;. Und einer von Scheiders Gemeinder\u00e4ten im Team K\u00e4rnten. <\/p>\n<p><\/p>\n<p><\/p>\n<p><strong>Jost ohne Parteienstellung<\/strong><\/p>\n<p><\/p>\n<p><\/p>\n<p>Wenn allerdings so wichtige Dinge passieren, wie etwa ein gerichtlicher Teilerfolg gegen Ex-Magistratsdirektor Peter Jost, dann bleiben die Redaktions-Mailaccounts trocken und werden nicht mit Pressetext und Foto Scheiders best\u00fcckt. So geschehen k\u00fcrzlich vor dem Landesverwaltungsgericht (LVerwG) Klagenfurt. Weitgehend unbemerkt von der \u00d6ffentlichkeit blitzte Jost bei Gericht ab, erkl\u00e4rt Stadtanwalt Christian Puswald: &#8222;Es gibt ein Verwaltungsverfahrensgesetz. Das bestimmt, wem in einem Verfahren Parteienstellung zukommt. Jost wurde vom Gericht keine Parteienstellung zuerkannt.&#8220; <\/p>\n<p><\/p>\n<p><\/p>\n<p>Es geht in dem Streit mit der Stadt Klagenfurt um \u00fcber 700.000 Euro, die der Ex-Magistratsdirektor eingeklagt hat, weil er von Scheider per Notfallparagraf in einer Nacht- und Nebelaktion <a href=\"https:\/\/www.mediapartizan.at\/?p=7759\" target=\"_blank\" rel=\"noreferrer noopener\">dienstverl\u00e4ngert worden war<\/a>, was jedoch von der K\u00e4rntner Gemeindeaufsicht Ende 2023 f\u00fcr nichtig erkl\u00e4rt wurde. <\/p>\n<p><\/p>\n<p><\/p>\n<p><strong>Keine Presseaussendung <\/strong><\/p>\n<p><\/p>\n<p><\/p>\n<p>Seit 1. J\u00e4nner 2024 ist Jost aus Sicht der Stadt in Pension. Er k\u00f6nne noch au\u00dferordentliche Revision am Verwaltungsgerichtshof einbringen, so Puswald. Aber warum informiert die Landeshauptstadt die \u00d6ffentlichkeit nicht \u00fcber diesen Teilerfolg, wenn andererseits \u00fcber jedes Kuchenessen bei einem 100er-Geburtstag und von Steuergeldern bezahlte Fanfahrten berichtet wird? <\/p>\n<p><\/p>\n<p><\/p>\n<p><strong>Puswald-Versicherung w\u00fcrde Kosten \u00fcbernehmen<\/strong><\/p>\n<p><\/p>\n<p><\/p>\n<p>Dabei birgt dieser Etappensieg Potenzial. Stritte man die Klage aus, k\u00f6nnte die Stadt Klagenfurt auch gewinnen. Gewinnt sie nicht, hat Puswald schon vor mehr als einem halben Jahr bekundet, dass seine Haftpflichtversicherung die Kosten \u00fcbernehmen w\u00fcrde. Das n\u00e4hme also der Jost-Drohung, er w\u00fcrde seine Forderungen nur dann zur\u00fccknehmen, wenn man ihn als Magistratsdirektor bis Ende 2024 zur\u00fcck hole, die Giftz\u00e4hne. Abgesehen davon lieb\u00e4ugelt er mit einem Beratervertrag f\u00fcr 2025.<\/p>\n<p><\/p>\n<p><\/p>\n<p><strong>Scheider: &#8222;Baustein in die richtige Richtung&#8220;<\/strong><\/p>\n<p><\/p>\n<p><\/p>\n<p>Bleiben zwei Fragen: 1. Warum ver\u00f6ffentlichte die Stadt Klagenfurt diesen Teilerfolg gegen Jost nicht? Scheider: &#8222;Weil die Anw\u00e4lte gesagt haben, wir sollten von einem laufenden Verfahren nicht berichten.&#8220; Das sei nur ein Teil der gesamten Rechtssache, bei dem man &#8222;gar nicht so verwundert war&#8220;, dass es so ausgegangen sei. &#8222;Es gibt ja noch Parallelverfahren.&#8220; Das nunmehrige Ergebnis sei &#8222;ein Baustein in die richtige Richtung&#8220;. Wie diese Aussage mit dem Plan zusammenpasse, Jost zur\u00fcckzuholen? &#8222;Die Frage ist, judiziere ich das aus oder suche ich eine L\u00f6sung?&#8220; Wobei die L\u00f6sung eigentlich schon Puswald vorgegeben hat, in dem er die Rechnung bezahlt, sollte Jost gewinnen. Was die Frage aufwirft, welche anderen Gr\u00fcnde Scheider h\u00e4tte, Jost zu reaktivieren?<\/p>\n<p><\/p>\n<p><\/p>\n<p><strong>Soll SP\u00d6 Jost-R\u00fcckholung zustimmen?<\/strong><\/p>\n<p><\/p>\n<p><\/p>\n<p>Die 2. Frage: Wird Scheider versuchen, jetzt da Vizeb\u00fcrgermeister Philipp Liesnig (SP\u00d6) aufgrund der Chat-Aff\u00e4re zur\u00fcckgetreten ist, den designierten neuen SP\u00d6-Vize Ronald Rabitsch davon zu \u00fcberzeugen, Jost wieder in den Magistrats-Thron zu hieven? Scheider: &#8222;Wir werden alle Themen besprechen, aber ich werde niemanden zu \u00fcberzeugen versuchen, Jost zur\u00fcckzuholen.&#8220; <\/p>\n<p><\/p>\n<p><\/p>\n<p>In der SP\u00d6 hofft man, dass nicht noch weitere Chats in Umlauf sind, die Rabitsch schw\u00e4chen k\u00f6nnten.<\/p>\n<p><\/p>\n<p><\/p>\n<p><strong>Ex-&#8222;Magi&#8220; geht zum Verwaltungsgerichtshof<\/strong><\/p>\n<p><\/p>\n<p><\/p>\n<p>Jost erkl\u00e4rt, dass das Erkenntnis des LVerwG schon vom 30. April stammt und man bereits Beschwerde auf au\u00dferordentliche Revision beim Verwaltungsgerichtshof eingebracht habe. Aus zwei Gr\u00fcnden: Es gebe keine bisherigen solchen F\u00e4lle, nach denen entschieden worden sei. Und weiters wegen nicht entsprechenden Qualit\u00e4tserfordernissen. Die Gemeindeabteilung habe mit der Nichtigkeitserkl\u00e4rung von Josts Dienstverl\u00e4ngerung zudem ihre Kompetenz \u00fcberschritten. Au\u00dferdem, so Jost, sei er in seinen Rechten beschnitten worden, weil es keine Trennung zwischen Justiz und Verwaltung gegeben habe. <\/p>\n<p><\/p>\n<p><\/p>\n<p><\/p>\n<p><\/p>\n<p><\/p>\n<p><\/p>\n<p><\/p>\n<p><\/p>\n<p><\/p>\n","protected":false},"excerpt":{"rendered":"<div class=\"mh-excerpt\"><p>Wenn Dinge stattfinden wie eine Ausflugsfahrt von KAC-Fanclubs nach Lignano (deren Fahrtkosten vom Steuerzahler berappt werden), l\u00e4sst es sich B\u00fcrgermeister Christian Scheider (Team K\u00e4rnten) nur ungern nehmen, seine Presseleute eine Aussendung \u00fcber den \u00c4ther jagen zu lassen. <a class=\"mh-excerpt-more\" href=\"https:\/\/www.mediapartizan.at\/?p=9516\" title=\"Streit um Dienstverl\u00e4ngerung: Ex-Magistratsdirektor Jost blitzte bei Verwaltungsgericht ab\">[&#8230;]<\/a><\/p>\n<\/div>","protected":false},"author":2,"featured_media":5351,"comment_status":"open","ping_status":"open","sticky":false,"template":"","format":"standard","meta":{"inline_featured_image":false,"_jetpack_memberships_contains_paid_content":false,"footnotes":""},"categories":[143],"tags":[86,365,471,289,203,573,112,204],"class_list":{"0":"post-9516","1":"post","2":"type-post","3":"status-publish","4":"format-standard","5":"has-post-thumbnail","7":"category-stadt-klagenfurt","8":"tag-christian-scheider","9":"tag-dienstverlaengerung","10":"tag-landesverwaltungsgericht","11":"tag-peter-jost","12":"tag-philipp-liesnig","13":"tag-ronald-rabitsch","14":"tag-spoe","15":"tag-team-kaernten"},"yoast_head":"<!-- This site is optimized with the Yoast SEO plugin v20.10 - https:\/\/yoast.com\/wordpress\/plugins\/seo\/ -->\n<title>Streit um Dienstverl\u00e4ngerung: Ex-Magistratsdirektor Jost blitzte bei Verwaltungsgericht ab - Mediapartizan.at<\/title>\n<meta name=\"robots\" content=\"index, follow, max-snippet:-1, max-image-preview:large, max-video-preview:-1\" \/>\n<link rel=\"canonical\" href=\"https:\/\/www.mediapartizan.at\/?p=9516\" \/>\n<meta property=\"og:locale\" content=\"de_DE\" \/>\n<meta property=\"og:type\" content=\"article\" \/>\n<meta property=\"og:title\" content=\"Streit um Dienstverl\u00e4ngerung: Ex-Magistratsdirektor Jost blitzte bei Verwaltungsgericht ab - Mediapartizan.at\" \/>\n<meta property=\"og:description\" content=\"Wenn Dinge stattfinden wie eine Ausflugsfahrt von KAC-Fanclubs nach Lignano (deren Fahrtkosten vom Steuerzahler berappt werden), l\u00e4sst es sich B\u00fcrgermeister Christian Scheider (Team K\u00e4rnten) nur ungern nehmen, seine Presseleute eine Aussendung \u00fcber den \u00c4ther jagen zu lassen. [...]\" \/>\n<meta property=\"og:url\" content=\"https:\/\/www.mediapartizan.at\/?p=9516\" \/>\n<meta property=\"og:site_name\" content=\"Mediapartizan.at\" \/>\n<meta property=\"article:published_time\" content=\"2024-06-27T14:12:22+00:00\" \/>\n<meta property=\"article:modified_time\" content=\"2024-06-28T07:16:05+00:00\" \/>\n<meta property=\"og:image\" content=\"https:\/\/www.mediapartizan.at\/wp-content\/uploads\/2023\/02\/Bildschirmfoto-2023-02-10-um-12.30.05-1024x649.png\" \/>\n\t<meta property=\"og:image:width\" content=\"1024\" \/>\n\t<meta property=\"og:image:height\" content=\"649\" \/>\n\t<meta property=\"og:image:type\" content=\"image\/png\" \/>\n<meta name=\"author\" content=\"Franz Miklautz\" \/>\n<meta name=\"twitter:card\" content=\"summary_large_image\" \/>\n<meta name=\"twitter:label1\" content=\"Verfasst von\" \/>\n\t<meta name=\"twitter:data1\" content=\"Franz Miklautz\" \/>\n\t<meta name=\"twitter:label2\" content=\"Gesch\u00e4tzte Lesezeit\" \/>\n\t<meta name=\"twitter:data2\" content=\"4\u00a0Minuten\" \/>\n<script type=\"application\/ld+json\" class=\"yoast-schema-graph\">{\"@context\":\"https:\/\/schema.org\",\"@graph\":[{\"@type\":\"WebPage\",\"@id\":\"https:\/\/www.mediapartizan.at\/?p=9516\",\"url\":\"https:\/\/www.mediapartizan.at\/?p=9516\",\"name\":\"Streit um Dienstverl\u00e4ngerung: Ex-Magistratsdirektor Jost blitzte bei Verwaltungsgericht ab - Mediapartizan.at\",\"isPartOf\":{\"@id\":\"https:\/\/www.mediapartizan.at\/#website\"},\"datePublished\":\"2024-06-27T14:12:22+00:00\",\"dateModified\":\"2024-06-28T07:16:05+00:00\",\"author\":{\"@id\":\"https:\/\/www.mediapartizan.at\/#\/schema\/person\/f6bd7eb8222f2fe985c78d08f17ed7a9\"},\"breadcrumb\":{\"@id\":\"https:\/\/www.mediapartizan.at\/?p=9516#breadcrumb\"},\"inLanguage\":\"de\",\"potentialAction\":[{\"@type\":\"ReadAction\",\"target\":[\"https:\/\/www.mediapartizan.at\/?p=9516\"]}]},{\"@type\":\"BreadcrumbList\",\"@id\":\"https:\/\/www.mediapartizan.at\/?p=9516#breadcrumb\",\"itemListElement\":[{\"@type\":\"ListItem\",\"position\":1,\"name\":\"Startseite\",\"item\":\"https:\/\/www.mediapartizan.at\/\"},{\"@type\":\"ListItem\",\"position\":2,\"name\":\"Streit um Dienstverl\u00e4ngerung: Ex-Magistratsdirektor Jost blitzte bei Verwaltungsgericht ab\"}]},{\"@type\":\"WebSite\",\"@id\":\"https:\/\/www.mediapartizan.at\/#website\",\"url\":\"https:\/\/www.mediapartizan.at\/\",\"name\":\"Mediapartizan.at\",\"description\":\"\",\"potentialAction\":[{\"@type\":\"SearchAction\",\"target\":{\"@type\":\"EntryPoint\",\"urlTemplate\":\"https:\/\/www.mediapartizan.at\/?s={search_term_string}\"},\"query-input\":\"required name=search_term_string\"}],\"inLanguage\":\"de\"},{\"@type\":\"Person\",\"@id\":\"https:\/\/www.mediapartizan.at\/#\/schema\/person\/f6bd7eb8222f2fe985c78d08f17ed7a9\",\"name\":\"Franz Miklautz\",\"image\":{\"@type\":\"ImageObject\",\"inLanguage\":\"de\",\"@id\":\"https:\/\/www.mediapartizan.at\/#\/schema\/person\/image\/\",\"url\":\"https:\/\/secure.gravatar.com\/avatar\/5618667e9a7ab3fa3e1a0c75987c8d0c111ad041167e738d67ac0846e54e195e?s=96&d=mm&r=g\",\"contentUrl\":\"https:\/\/secure.gravatar.com\/avatar\/5618667e9a7ab3fa3e1a0c75987c8d0c111ad041167e738d67ac0846e54e195e?s=96&d=mm&r=g\",\"caption\":\"Franz Miklautz\"},\"url\":\"https:\/\/www.mediapartizan.at\/?author=2\"}]}<\/script>\n<!-- \/ Yoast SEO plugin. -->","yoast_head_json":{"title":"Streit um Dienstverl\u00e4ngerung: Ex-Magistratsdirektor Jost blitzte bei Verwaltungsgericht ab - Mediapartizan.at","robots":{"index":"index","follow":"follow","max-snippet":"max-snippet:-1","max-image-preview":"max-image-preview:large","max-video-preview":"max-video-preview:-1"},"canonical":"https:\/\/www.mediapartizan.at\/?p=9516","og_locale":"de_DE","og_type":"article","og_title":"Streit um Dienstverl\u00e4ngerung: Ex-Magistratsdirektor Jost blitzte bei Verwaltungsgericht ab - Mediapartizan.at","og_description":"Wenn Dinge stattfinden wie eine Ausflugsfahrt von KAC-Fanclubs nach Lignano (deren Fahrtkosten vom Steuerzahler berappt werden), l\u00e4sst es sich B\u00fcrgermeister Christian Scheider (Team K\u00e4rnten) nur ungern nehmen, seine Presseleute eine Aussendung \u00fcber den \u00c4ther jagen zu lassen. [...]","og_url":"https:\/\/www.mediapartizan.at\/?p=9516","og_site_name":"Mediapartizan.at","article_published_time":"2024-06-27T14:12:22+00:00","article_modified_time":"2024-06-28T07:16:05+00:00","og_image":[{"width":1024,"height":649,"url":"https:\/\/www.mediapartizan.at\/wp-content\/uploads\/2023\/02\/Bildschirmfoto-2023-02-10-um-12.30.05-1024x649.png","type":"image\/png"}],"author":"Franz Miklautz","twitter_card":"summary_large_image","twitter_misc":{"Verfasst von":"Franz Miklautz","Gesch\u00e4tzte Lesezeit":"4\u00a0Minuten"},"schema":{"@context":"https:\/\/schema.org","@graph":[{"@type":"WebPage","@id":"https:\/\/www.mediapartizan.at\/?p=9516","url":"https:\/\/www.mediapartizan.at\/?p=9516","name":"Streit um Dienstverl\u00e4ngerung: Ex-Magistratsdirektor Jost blitzte bei Verwaltungsgericht ab - Mediapartizan.at","isPartOf":{"@id":"https:\/\/www.mediapartizan.at\/#website"},"datePublished":"2024-06-27T14:12:22+00:00","dateModified":"2024-06-28T07:16:05+00:00","author":{"@id":"https:\/\/www.mediapartizan.at\/#\/schema\/person\/f6bd7eb8222f2fe985c78d08f17ed7a9"},"breadcrumb":{"@id":"https:\/\/www.mediapartizan.at\/?p=9516#breadcrumb"},"inLanguage":"de","potentialAction":[{"@type":"ReadAction","target":["https:\/\/www.mediapartizan.at\/?p=9516"]}]},{"@type":"BreadcrumbList","@id":"https:\/\/www.mediapartizan.at\/?p=9516#breadcrumb","itemListElement":[{"@type":"ListItem","position":1,"name":"Startseite","item":"https:\/\/www.mediapartizan.at\/"},{"@type":"ListItem","position":2,"name":"Streit um Dienstverl\u00e4ngerung: Ex-Magistratsdirektor Jost blitzte bei Verwaltungsgericht ab"}]},{"@type":"WebSite","@id":"https:\/\/www.mediapartizan.at\/#website","url":"https:\/\/www.mediapartizan.at\/","name":"Mediapartizan.at","description":"","potentialAction":[{"@type":"SearchAction","target":{"@type":"EntryPoint","urlTemplate":"https:\/\/www.mediapartizan.at\/?s={search_term_string}"},"query-input":"required name=search_term_string"}],"inLanguage":"de"},{"@type":"Person","@id":"https:\/\/www.mediapartizan.at\/#\/schema\/person\/f6bd7eb8222f2fe985c78d08f17ed7a9","name":"Franz Miklautz","image":{"@type":"ImageObject","inLanguage":"de","@id":"https:\/\/www.mediapartizan.at\/#\/schema\/person\/image\/","url":"https:\/\/secure.gravatar.com\/avatar\/5618667e9a7ab3fa3e1a0c75987c8d0c111ad041167e738d67ac0846e54e195e?s=96&d=mm&r=g","contentUrl":"https:\/\/secure.gravatar.com\/avatar\/5618667e9a7ab3fa3e1a0c75987c8d0c111ad041167e738d67ac0846e54e195e?s=96&d=mm&r=g","caption":"Franz Miklautz"},"url":"https:\/\/www.mediapartizan.at\/?author=2"}]}},"jetpack_featured_media_url":"https:\/\/i0.wp.com\/www.mediapartizan.at\/wp-content\/uploads\/2023\/02\/Bildschirmfoto-2023-02-10-um-12.30.05.png?fit=1632%2C1034&ssl=1","jetpack_sharing_enabled":true,"_links":{"self":[{"href":"https:\/\/www.mediapartizan.at\/index.php?rest_route=\/wp\/v2\/posts\/9516","targetHints":{"allow":["GET"]}}],"collection":[{"href":"https:\/\/www.mediapartizan.at\/index.php?rest_route=\/wp\/v2\/posts"}],"about":[{"href":"https:\/\/www.mediapartizan.at\/index.php?rest_route=\/wp\/v2\/types\/post"}],"author":[{"embeddable":true,"href":"https:\/\/www.mediapartizan.at\/index.php?rest_route=\/wp\/v2\/users\/2"}],"replies":[{"embeddable":true,"href":"https:\/\/www.mediapartizan.at\/index.php?rest_route=%2Fwp%2Fv2%2Fcomments&post=9516"}],"version-history":[{"count":10,"href":"https:\/\/www.mediapartizan.at\/index.php?rest_route=\/wp\/v2\/posts\/9516\/revisions"}],"predecessor-version":[{"id":9528,"href":"https:\/\/www.mediapartizan.at\/index.php?rest_route=\/wp\/v2\/posts\/9516\/revisions\/9528"}],"wp:featuredmedia":[{"embeddable":true,"href":"https:\/\/www.mediapartizan.at\/index.php?rest_route=\/wp\/v2\/media\/5351"}],"wp:attachment":[{"href":"https:\/\/www.mediapartizan.at\/index.php?rest_route=%2Fwp%2Fv2%2Fmedia&parent=9516"}],"wp:term":[{"taxonomy":"category","embeddable":true,"href":"https:\/\/www.mediapartizan.at\/index.php?rest_route=%2Fwp%2Fv2%2Fcategories&post=9516"},{"taxonomy":"post_tag","embeddable":true,"href":"https:\/\/www.mediapartizan.at\/index.php?rest_route=%2Fwp%2Fv2%2Ftags&post=9516"}],"curies":[{"name":"wp","href":"https:\/\/api.w.org\/{rel}","templated":true}]}}