{"id":9552,"date":"2024-07-05T17:21:27","date_gmt":"2024-07-05T15:21:27","guid":{"rendered":"https:\/\/www.mediapartizan.at\/?p=9552"},"modified":"2024-07-06T15:14:03","modified_gmt":"2024-07-06T13:14:03","slug":"stadt-klagenfurt-macht-satireportal-tagespresse-konkurrenz","status":"publish","type":"post","link":"https:\/\/www.mediapartizan.at\/?p=9552","title":{"rendered":"Stadt Klagenfurt macht Satireportal &#8222;Tagespresse&#8220; Konkurrenz"},"content":{"rendered":"<p><\/p>\n<p class=\"has-text-align-right\"><strong>Kommentar<\/strong><\/p>\n<p><\/p>\n<p><\/p>\n<p>Faschingsnummern liefert normalerweise das Klagenfurter Stadtger\u00fccht. Wobei sich die Gag-Truppe dem Vernehmen nach immer schwerer tut, die Protagonisten im Klagenfurter Rathaus zu toppen. Arbeiten die b\u00fchnenerprobten Profi-Gagschreiber ein ganzes Jahr an ihrem Programm, sch\u00fcttelt man am Neuen Platz 1 die Lachnummern nur so aus dem \u00c4rmel. So auch letzten Mittwoch in der j\u00fcngsten Gemeinderatssitzung. <\/p>\n<p><\/p>\n<p><\/p>\n<p>Da verlangte Neos-Chef Janos Juvan die Einladung Gerhard Scheuchers als Auskunftsperson in die aktuell laufende Plenarsitzung. Grund war ein verheerender Bericht des Landesrechnungshofs (LRH) \u00fcber Klagenfurt Wohnen und ein au\u00dfergerichtlicher Vergleich mit einer Mieterin. Scheucher ist seit Jahresbeginn Gesch\u00e4ftsf\u00fchrer der Immobilien Verwaltung Klagenfurt GmbH (IVK). Und damit wie sein abgel\u00f6ster Vorg\u00e4nger auch f\u00fcr Klagenfurt Wohnen, den skandaltr\u00e4chtigen Eigenbetrieb der Landeshauptstadt, verantwortlich. Doch das wussten vergangenen Mittwoch offenbar weder B\u00fcrgermeister Christian Scheider (Team K\u00e4rnten) noch sein stellvertretender Magistratsdirektor St\u00e9phane Binder. Scheider als h\u00f6chster politischer Repr\u00e4sentant lie\u00df sich vom h\u00f6chsten Mitarbeiter des Hauses in laufender Sitzung derart informieren, dass Scheuchers von den Pinken geforderter Auftritt in der Gemeinderatssitzung unn\u00f6tig sei, da Scheucher bei Klagenfurt Wohnen ohnehin nichts zu melden h\u00e4tte. Binder war vor der Abstimmung zu Scheider an den B\u00fcrgermeistertisch hinausgeeilt, der Stadtchef verga\u00df, das Mikro auszuschalten.<\/p>\n<p><\/p>\n<p><\/p>\n<p><strong>Binder im Videoprotokoll<\/strong><\/p>\n<p><\/p>\n<p><\/p>\n<p>Laut Videoprotokoll sagte Binder zu Scheider und dann am Rednerpult Folgendes:<\/p>\n<p><\/p>\n<p><\/p>\n<figure class=\"wp-block-video aligncenter\"><video controls src=\"https:\/\/www.mediapartizan.at\/wp-content\/uploads\/2024\/07\/video_20240705_172926-2.mp4\"><\/video><\/figure>\n<p><\/p>\n<p><\/p>\n<p>O-Ton Binder: &#8222;Wir verwechseln da ein paar Sachen. Klagenfurt Wohnen ist zugeordnet der Abteilung FM (Facility Management, Anm.), Diplom-Ingenieur Slamanig. Das andere (&#8230;) ist die IVK. Klagenfurt Wohnen ist eine ganz andere Baustelle. Der Herr Scheucher kann zu Klagenfurt Wohnen, Abteilung FM, keine Ausk\u00fcnfte erteilen.&#8220; Sprach&#8217;s &#8211; und verlie\u00df das Rednerpult. Resultat: Scheider lie\u00df Scheucher nicht in den Gemeinderat holen.<\/p>\n<p><\/p>\n<p><\/p>\n<p><strong>Scheiders Presseaussendung<\/strong><\/p>\n<p><\/p>\n<p><\/p>\n<p>Das ist seltsam, wenn nicht obskur. Denn Scheider selbst war es, der folgende Presseaussendung verbreiten lie\u00df: &#8222;Um bei ,Klagenfurt Wohnen&#8216; wieder Ruhe einkehren zu lassen, hat B\u00fcrgermeister Christian Scheider den Magistratsdirektor-Stellvertreter (Binder, Anm.) damit beauftragt, eine sinnvolle L\u00f6sung f\u00fcr den <em>ehemaligen Gesch\u00e4ftsf\u00fchrer<\/em> und den ehemaligen Prokuristen zu suchen. ,Heute wurde mir ein Vorschlag pr\u00e4sentiert, dem ich n\u00e4hertreten kann&#8216;, sagt B\u00fcrgermeister Scheider. Konkret wird der <em>ehemalige Gesch\u00e4ftsf\u00fchrer von ,Klagenfurt Wohnen<\/em>&#8218;, der bis dato noch als Abteilungsleiter t\u00e4tig war, mit sofortiger Wirkung der Dienststelle ,Service f\u00fcr Kollegialorgane und st\u00e4dtische Veranstaltungen&#8216; zugewiesen.&#8220;<\/p>\n<p><\/p>\n<p><\/p>\n<p>Im Klartext: Scheider versetzte den <em>ehemaligen Gesch\u00e4ftsf\u00fchrer<\/em> von Klagenfurt Wohnen in eine andere Abteilung. Was anderes als der Chef von Klagenfurt Wohnen soll dessen Nachfolger Gerhard Scheucher also sein? <\/p>\n<p><\/p>\n<p><\/p>\n<p><strong>Stadt bezeichnete Scheucher mehrmals als Gesch\u00e4ftsf\u00fchrer von Klagenfurt Wohnen<\/strong><\/p>\n<p><\/p>\n<p><\/p>\n<p>Dem nicht genug, lie\u00df auch die Stadtkommunikation &#8211; sie ist schuldlos &#8211; mehrere Presseaussendungen raus, wonach Scheucher sehr wohl &#8222;Gesch\u00e4ftsf\u00fchrer Klagenfurt Wohnen&#8220; sei. Wenngleich Klagenfurt Wohnen rechtlich keine GmbH ist, so hat doch Scheucher dort insofern die operative Verantwortung, einen jahrelang aufget\u00fcrmten Misthaufen aufr\u00e4umen zu m\u00fcssen. <\/p>\n<p><\/p>\n<p><\/p>\n<figure class=\"wp-block-image aligncenter size-large is-resized\"><img data-recalc-dims=\"1\" loading=\"lazy\" decoding=\"async\" src=\"https:\/\/i0.wp.com\/www.mediapartizan.at\/wp-content\/uploads\/2024\/07\/Bildschirmfoto-2024-07-05-um-14.23.48.png?resize=713%2C159&#038;ssl=1\" alt=\"\" class=\"wp-image-9553\" width=\"713\" height=\"159\" srcset=\"https:\/\/i0.wp.com\/www.mediapartizan.at\/wp-content\/uploads\/2024\/07\/Bildschirmfoto-2024-07-05-um-14.23.48.png?resize=1024%2C229&amp;ssl=1 1024w, https:\/\/i0.wp.com\/www.mediapartizan.at\/wp-content\/uploads\/2024\/07\/Bildschirmfoto-2024-07-05-um-14.23.48.png?resize=300%2C67&amp;ssl=1 300w, https:\/\/i0.wp.com\/www.mediapartizan.at\/wp-content\/uploads\/2024\/07\/Bildschirmfoto-2024-07-05-um-14.23.48.png?resize=768%2C172&amp;ssl=1 768w, https:\/\/i0.wp.com\/www.mediapartizan.at\/wp-content\/uploads\/2024\/07\/Bildschirmfoto-2024-07-05-um-14.23.48.png?resize=1536%2C344&amp;ssl=1 1536w, https:\/\/i0.wp.com\/www.mediapartizan.at\/wp-content\/uploads\/2024\/07\/Bildschirmfoto-2024-07-05-um-14.23.48.png?w=1752&amp;ssl=1 1752w\" sizes=\"auto, (max-width: 713px) 100vw, 713px\" \/><figcaption class=\"wp-element-caption\">Faksimile Presseaussendung der Stadt Klagenfurt vom 6. Februar 2024<\/figcaption><\/figure>\n<p><\/p>\n<p><\/p>\n<figure class=\"wp-block-image aligncenter size-large is-resized\"><img data-recalc-dims=\"1\" loading=\"lazy\" decoding=\"async\" src=\"https:\/\/i0.wp.com\/www.mediapartizan.at\/wp-content\/uploads\/2024\/07\/Bildschirmfoto-2024-07-05-um-14.24.44.png?resize=744%2C195&#038;ssl=1\" alt=\"\" class=\"wp-image-9555\" width=\"744\" height=\"195\" srcset=\"https:\/\/i0.wp.com\/www.mediapartizan.at\/wp-content\/uploads\/2024\/07\/Bildschirmfoto-2024-07-05-um-14.24.44.png?resize=1024%2C270&amp;ssl=1 1024w, https:\/\/i0.wp.com\/www.mediapartizan.at\/wp-content\/uploads\/2024\/07\/Bildschirmfoto-2024-07-05-um-14.24.44.png?resize=300%2C79&amp;ssl=1 300w, https:\/\/i0.wp.com\/www.mediapartizan.at\/wp-content\/uploads\/2024\/07\/Bildschirmfoto-2024-07-05-um-14.24.44.png?w=1712&amp;ssl=1 1712w\" sizes=\"auto, (max-width: 744px) 100vw, 744px\" \/><figcaption class=\"wp-element-caption\">Presseaussendung vom 30. November 2023<\/figcaption><\/figure>\n<p><\/p>\n<p><\/p>\n<figure class=\"wp-block-image aligncenter size-large is-resized\"><img data-recalc-dims=\"1\" loading=\"lazy\" decoding=\"async\" src=\"https:\/\/i0.wp.com\/www.mediapartizan.at\/wp-content\/uploads\/2024\/07\/Bildschirmfoto-2024-07-05-um-14.22.10.png?resize=703%2C119&#038;ssl=1\" alt=\"\" class=\"wp-image-9554\" width=\"703\" height=\"119\" srcset=\"https:\/\/i0.wp.com\/www.mediapartizan.at\/wp-content\/uploads\/2024\/07\/Bildschirmfoto-2024-07-05-um-14.22.10.png?resize=1024%2C175&amp;ssl=1 1024w, https:\/\/i0.wp.com\/www.mediapartizan.at\/wp-content\/uploads\/2024\/07\/Bildschirmfoto-2024-07-05-um-14.22.10.png?resize=300%2C51&amp;ssl=1 300w, https:\/\/i0.wp.com\/www.mediapartizan.at\/wp-content\/uploads\/2024\/07\/Bildschirmfoto-2024-07-05-um-14.22.10.png?resize=768%2C131&amp;ssl=1 768w, https:\/\/i0.wp.com\/www.mediapartizan.at\/wp-content\/uploads\/2024\/07\/Bildschirmfoto-2024-07-05-um-14.22.10.png?resize=1536%2C262&amp;ssl=1 1536w, https:\/\/i0.wp.com\/www.mediapartizan.at\/wp-content\/uploads\/2024\/07\/Bildschirmfoto-2024-07-05-um-14.22.10.png?w=1676&amp;ssl=1 1676w\" sizes=\"auto, (max-width: 703px) 100vw, 703px\" \/><figcaption class=\"wp-element-caption\">Presseaussendung vom 11. M\u00e4rz 2024<\/figcaption><\/figure>\n<p><\/p>\n<p><\/p>\n<p>Scheucher nimmt mit Vizeb\u00fcrgermeister Alexander Kastner (Team K\u00e4rnten) auch an offiziellen Terminen zu Klagenfurt Wohnen teil:<\/p>\n<p><\/p>\n<p><\/p>\n<figure class=\"wp-block-image aligncenter size-large is-resized\"><img data-recalc-dims=\"1\" loading=\"lazy\" decoding=\"async\" src=\"https:\/\/i0.wp.com\/www.mediapartizan.at\/wp-content\/uploads\/2024\/07\/Bildschirmfoto-2024-07-05-um-18.03.22.png?resize=538%2C340&#038;ssl=1\" alt=\"\" class=\"wp-image-9569\" width=\"538\" height=\"340\" srcset=\"https:\/\/i0.wp.com\/www.mediapartizan.at\/wp-content\/uploads\/2024\/07\/Bildschirmfoto-2024-07-05-um-18.03.22.png?resize=1024%2C648&amp;ssl=1 1024w, https:\/\/i0.wp.com\/www.mediapartizan.at\/wp-content\/uploads\/2024\/07\/Bildschirmfoto-2024-07-05-um-18.03.22.png?resize=300%2C190&amp;ssl=1 300w, https:\/\/i0.wp.com\/www.mediapartizan.at\/wp-content\/uploads\/2024\/07\/Bildschirmfoto-2024-07-05-um-18.03.22.png?resize=768%2C486&amp;ssl=1 768w, https:\/\/i0.wp.com\/www.mediapartizan.at\/wp-content\/uploads\/2024\/07\/Bildschirmfoto-2024-07-05-um-18.03.22.png?resize=1536%2C972&amp;ssl=1 1536w, https:\/\/i0.wp.com\/www.mediapartizan.at\/wp-content\/uploads\/2024\/07\/Bildschirmfoto-2024-07-05-um-18.03.22.png?w=1672&amp;ssl=1 1672w\" sizes=\"auto, (max-width: 538px) 100vw, 538px\" \/><figcaption class=\"wp-element-caption\">Kastner (li.) mit Scheucher (c) StadtKommunikation\/Hude<\/figcaption><\/figure>\n<p><\/p>\n<p><\/p>\n<p>Und selbst die Aufbauorganisation des Magistrat Klagenfurt f\u00fchrt den st\u00e4dtischen Eigenbetrieb Klagenfurt Wohnen als dem Facility Management gleichgestellte Abteilung: <\/p>\n<p><\/p>\n<p><\/p>\n<figure class=\"wp-block-image aligncenter size-large is-resized\"><img data-recalc-dims=\"1\" loading=\"lazy\" decoding=\"async\" src=\"https:\/\/i0.wp.com\/www.mediapartizan.at\/wp-content\/uploads\/2024\/07\/Bildschirmfoto-2024-07-05-um-14.35.18.png?resize=839%2C222&#038;ssl=1\" alt=\"\" class=\"wp-image-9556\" width=\"839\" height=\"222\" srcset=\"https:\/\/i0.wp.com\/www.mediapartizan.at\/wp-content\/uploads\/2024\/07\/Bildschirmfoto-2024-07-05-um-14.35.18.png?resize=300%2C80&amp;ssl=1 300w, https:\/\/i0.wp.com\/www.mediapartizan.at\/wp-content\/uploads\/2024\/07\/Bildschirmfoto-2024-07-05-um-14.35.18.png?resize=768%2C204&amp;ssl=1 768w, https:\/\/i0.wp.com\/www.mediapartizan.at\/wp-content\/uploads\/2024\/07\/Bildschirmfoto-2024-07-05-um-14.35.18.png?resize=1536%2C409&amp;ssl=1 1536w, https:\/\/i0.wp.com\/www.mediapartizan.at\/wp-content\/uploads\/2024\/07\/Bildschirmfoto-2024-07-05-um-14.35.18.png?w=1968&amp;ssl=1 1968w\" sizes=\"auto, (max-width: 839px) 100vw, 839px\" \/><figcaption class=\"wp-element-caption\">Klagenfurt Wohnen (2. Spalte, 3. Zeile) wird auf einer Ebene mit dem Facility Management ausgewiesen. Keiner der beiden geschw\u00e4rzten Namen lautet auf Slamanig.<\/figcaption><\/figure>\n<p><\/p>\n<p><\/p>\n<p>Und wenn es noch eines Beweises bedurft h\u00e4tte, dann liefert ihn das Telefonverzeichnis der Stadt:<\/p>\n<p><\/p>\n<p><\/p>\n<figure class=\"wp-block-image aligncenter size-large is-resized\"><img data-recalc-dims=\"1\" loading=\"lazy\" decoding=\"async\" src=\"https:\/\/i0.wp.com\/www.mediapartizan.at\/wp-content\/uploads\/2024\/07\/Bildschirmfoto-2024-07-05-um-14.27.06.png?resize=639%2C137&#038;ssl=1\" alt=\"\" class=\"wp-image-9571\" width=\"639\" height=\"137\" srcset=\"https:\/\/i0.wp.com\/www.mediapartizan.at\/wp-content\/uploads\/2024\/07\/Bildschirmfoto-2024-07-05-um-14.27.06.png?resize=1024%2C220&amp;ssl=1 1024w, https:\/\/i0.wp.com\/www.mediapartizan.at\/wp-content\/uploads\/2024\/07\/Bildschirmfoto-2024-07-05-um-14.27.06.png?resize=300%2C65&amp;ssl=1 300w, https:\/\/i0.wp.com\/www.mediapartizan.at\/wp-content\/uploads\/2024\/07\/Bildschirmfoto-2024-07-05-um-14.27.06.png?resize=768%2C165&amp;ssl=1 768w, https:\/\/i0.wp.com\/www.mediapartizan.at\/wp-content\/uploads\/2024\/07\/Bildschirmfoto-2024-07-05-um-14.27.06.png?resize=1536%2C331&amp;ssl=1 1536w, https:\/\/i0.wp.com\/www.mediapartizan.at\/wp-content\/uploads\/2024\/07\/Bildschirmfoto-2024-07-05-um-14.27.06.png?w=1738&amp;ssl=1 1738w\" sizes=\"auto, (max-width: 639px) 100vw, 639px\" \/><\/figure>\n<p><\/p>\n<p><\/p>\n<p>Doch Scheider und Binder allein in die Veranwortung f\u00fcr diese Abstrusit\u00e4t zu nehmen, ist zu wenig. Neben den sieben Stadtregenten sitzen 38 Mandatare im Gemeinderat. Die meisten davon erhalten eine Bruttoentsch\u00e4digung von 12.000 Euro im Jahr. Einige, die einen Ausschuss f\u00fchren, sogar 24.000 Euro j\u00e4hrlich. Und niemand au\u00dfer Juvan muckt gegen diese Erkl\u00e4rung Binders auf?<\/p>\n<p><\/p>\n<p><\/p>\n<p>Ziemlich gut investiertes Steuergeld &#8230;<\/p>\n<p><\/p>\n","protected":false},"excerpt":{"rendered":"<div class=\"mh-excerpt\"><p>Klagenfurt Wohnen: Im Rathaus wei\u00df offenbar die linke Hand nicht, was die rechte tut. W\u00e4hrend die Stadt in mehreren Presseaussendungen vollmundig verk\u00fcndete, Gerhard Scheucher sei der neue Chef bei Klagenfurt Wohnen, erkl\u00e4rt der stellvertretende Magistratsdirektor dem Gemeinderat, Scheucher habe bei der Wohnungstochter nichts zu melden. B\u00fcrgermeister Scheider &#8222;schluckte&#8220; die Erkl\u00e4rung. Ein Kommentar. <a class=\"mh-excerpt-more\" href=\"https:\/\/www.mediapartizan.at\/?p=9552\" title=\"Stadt Klagenfurt macht Satireportal &#8222;Tagespresse&#8220; Konkurrenz\">[&#8230;]<\/a><\/p>\n<\/div>","protected":false},"author":2,"featured_media":9563,"comment_status":"open","ping_status":"open","sticky":false,"template":"","format":"standard","meta":{"inline_featured_image":false,"_jetpack_memberships_contains_paid_content":false,"footnotes":""},"categories":[143],"tags":[86,476,156,509,577],"class_list":{"0":"post-9552","1":"post","2":"type-post","3":"status-publish","4":"format-standard","5":"has-post-thumbnail","7":"category-stadt-klagenfurt","8":"tag-christian-scheider","9":"tag-gemeinderat","10":"tag-klagenfurt","11":"tag-klagenfurt-wohnen","12":"tag-stephane-binder-2"},"yoast_head":"<!-- This site is optimized with the Yoast SEO plugin v20.10 - https:\/\/yoast.com\/wordpress\/plugins\/seo\/ -->\n<title>Stadt Klagenfurt macht Satireportal &quot;Tagespresse&quot; Konkurrenz - Mediapartizan.at<\/title>\n<meta name=\"robots\" content=\"index, follow, max-snippet:-1, max-image-preview:large, max-video-preview:-1\" \/>\n<link rel=\"canonical\" href=\"https:\/\/www.mediapartizan.at\/?p=9552\" \/>\n<meta property=\"og:locale\" content=\"de_DE\" \/>\n<meta property=\"og:type\" content=\"article\" \/>\n<meta property=\"og:title\" content=\"Stadt Klagenfurt macht Satireportal &quot;Tagespresse&quot; Konkurrenz - Mediapartizan.at\" \/>\n<meta property=\"og:description\" content=\"Klagenfurt Wohnen: Im Rathaus wei\u00df offenbar die linke Hand nicht, was die rechte tut. W\u00e4hrend die Stadt in mehreren Presseaussendungen vollmundig verk\u00fcndete, Gerhard Scheucher sei der neue Chef bei Klagenfurt Wohnen, erkl\u00e4rt der stellvertretende Magistratsdirektor dem Gemeinderat, Scheucher habe bei der Wohnungstochter nichts zu melden. B\u00fcrgermeister Scheider &quot;schluckte&quot; die Erkl\u00e4rung. Ein Kommentar. [...]\" \/>\n<meta property=\"og:url\" content=\"https:\/\/www.mediapartizan.at\/?p=9552\" \/>\n<meta property=\"og:site_name\" content=\"Mediapartizan.at\" \/>\n<meta property=\"article:published_time\" content=\"2024-07-05T15:21:27+00:00\" \/>\n<meta property=\"article:modified_time\" content=\"2024-07-06T13:14:03+00:00\" \/>\n<meta property=\"og:image\" content=\"https:\/\/www.mediapartizan.at\/wp-content\/uploads\/2024\/07\/IMG_20240611_101031.jpg\" \/>\n\t<meta property=\"og:image:width\" content=\"2080\" \/>\n\t<meta property=\"og:image:height\" content=\"1560\" \/>\n\t<meta property=\"og:image:type\" content=\"image\/jpeg\" \/>\n<meta name=\"author\" content=\"Franz Miklautz\" \/>\n<meta name=\"twitter:card\" content=\"summary_large_image\" \/>\n<meta name=\"twitter:label1\" content=\"Verfasst von\" \/>\n\t<meta name=\"twitter:data1\" content=\"Franz Miklautz\" \/>\n\t<meta name=\"twitter:label2\" content=\"Gesch\u00e4tzte Lesezeit\" \/>\n\t<meta name=\"twitter:data2\" content=\"5\u00a0Minuten\" \/>\n<script type=\"application\/ld+json\" class=\"yoast-schema-graph\">{\"@context\":\"https:\/\/schema.org\",\"@graph\":[{\"@type\":\"WebPage\",\"@id\":\"https:\/\/www.mediapartizan.at\/?p=9552\",\"url\":\"https:\/\/www.mediapartizan.at\/?p=9552\",\"name\":\"Stadt Klagenfurt macht Satireportal \\\"Tagespresse\\\" Konkurrenz - Mediapartizan.at\",\"isPartOf\":{\"@id\":\"https:\/\/www.mediapartizan.at\/#website\"},\"datePublished\":\"2024-07-05T15:21:27+00:00\",\"dateModified\":\"2024-07-06T13:14:03+00:00\",\"author\":{\"@id\":\"https:\/\/www.mediapartizan.at\/#\/schema\/person\/f6bd7eb8222f2fe985c78d08f17ed7a9\"},\"breadcrumb\":{\"@id\":\"https:\/\/www.mediapartizan.at\/?p=9552#breadcrumb\"},\"inLanguage\":\"de\",\"potentialAction\":[{\"@type\":\"ReadAction\",\"target\":[\"https:\/\/www.mediapartizan.at\/?p=9552\"]}]},{\"@type\":\"BreadcrumbList\",\"@id\":\"https:\/\/www.mediapartizan.at\/?p=9552#breadcrumb\",\"itemListElement\":[{\"@type\":\"ListItem\",\"position\":1,\"name\":\"Startseite\",\"item\":\"https:\/\/www.mediapartizan.at\/\"},{\"@type\":\"ListItem\",\"position\":2,\"name\":\"Stadt Klagenfurt macht Satireportal &#8222;Tagespresse&#8220; Konkurrenz\"}]},{\"@type\":\"WebSite\",\"@id\":\"https:\/\/www.mediapartizan.at\/#website\",\"url\":\"https:\/\/www.mediapartizan.at\/\",\"name\":\"Mediapartizan.at\",\"description\":\"\",\"potentialAction\":[{\"@type\":\"SearchAction\",\"target\":{\"@type\":\"EntryPoint\",\"urlTemplate\":\"https:\/\/www.mediapartizan.at\/?s={search_term_string}\"},\"query-input\":\"required name=search_term_string\"}],\"inLanguage\":\"de\"},{\"@type\":\"Person\",\"@id\":\"https:\/\/www.mediapartizan.at\/#\/schema\/person\/f6bd7eb8222f2fe985c78d08f17ed7a9\",\"name\":\"Franz Miklautz\",\"image\":{\"@type\":\"ImageObject\",\"inLanguage\":\"de\",\"@id\":\"https:\/\/www.mediapartizan.at\/#\/schema\/person\/image\/\",\"url\":\"https:\/\/secure.gravatar.com\/avatar\/5618667e9a7ab3fa3e1a0c75987c8d0c111ad041167e738d67ac0846e54e195e?s=96&d=mm&r=g\",\"contentUrl\":\"https:\/\/secure.gravatar.com\/avatar\/5618667e9a7ab3fa3e1a0c75987c8d0c111ad041167e738d67ac0846e54e195e?s=96&d=mm&r=g\",\"caption\":\"Franz Miklautz\"},\"url\":\"https:\/\/www.mediapartizan.at\/?author=2\"}]}<\/script>\n<!-- \/ Yoast SEO plugin. -->","yoast_head_json":{"title":"Stadt Klagenfurt macht Satireportal \"Tagespresse\" Konkurrenz - Mediapartizan.at","robots":{"index":"index","follow":"follow","max-snippet":"max-snippet:-1","max-image-preview":"max-image-preview:large","max-video-preview":"max-video-preview:-1"},"canonical":"https:\/\/www.mediapartizan.at\/?p=9552","og_locale":"de_DE","og_type":"article","og_title":"Stadt Klagenfurt macht Satireportal \"Tagespresse\" Konkurrenz - Mediapartizan.at","og_description":"Klagenfurt Wohnen: Im Rathaus wei\u00df offenbar die linke Hand nicht, was die rechte tut. W\u00e4hrend die Stadt in mehreren Presseaussendungen vollmundig verk\u00fcndete, Gerhard Scheucher sei der neue Chef bei Klagenfurt Wohnen, erkl\u00e4rt der stellvertretende Magistratsdirektor dem Gemeinderat, Scheucher habe bei der Wohnungstochter nichts zu melden. B\u00fcrgermeister Scheider \"schluckte\" die Erkl\u00e4rung. Ein Kommentar. [...]","og_url":"https:\/\/www.mediapartizan.at\/?p=9552","og_site_name":"Mediapartizan.at","article_published_time":"2024-07-05T15:21:27+00:00","article_modified_time":"2024-07-06T13:14:03+00:00","og_image":[{"width":2080,"height":1560,"url":"https:\/\/www.mediapartizan.at\/wp-content\/uploads\/2024\/07\/IMG_20240611_101031.jpg","type":"image\/jpeg"}],"author":"Franz Miklautz","twitter_card":"summary_large_image","twitter_misc":{"Verfasst von":"Franz Miklautz","Gesch\u00e4tzte Lesezeit":"5\u00a0Minuten"},"schema":{"@context":"https:\/\/schema.org","@graph":[{"@type":"WebPage","@id":"https:\/\/www.mediapartizan.at\/?p=9552","url":"https:\/\/www.mediapartizan.at\/?p=9552","name":"Stadt Klagenfurt macht Satireportal \"Tagespresse\" Konkurrenz - Mediapartizan.at","isPartOf":{"@id":"https:\/\/www.mediapartizan.at\/#website"},"datePublished":"2024-07-05T15:21:27+00:00","dateModified":"2024-07-06T13:14:03+00:00","author":{"@id":"https:\/\/www.mediapartizan.at\/#\/schema\/person\/f6bd7eb8222f2fe985c78d08f17ed7a9"},"breadcrumb":{"@id":"https:\/\/www.mediapartizan.at\/?p=9552#breadcrumb"},"inLanguage":"de","potentialAction":[{"@type":"ReadAction","target":["https:\/\/www.mediapartizan.at\/?p=9552"]}]},{"@type":"BreadcrumbList","@id":"https:\/\/www.mediapartizan.at\/?p=9552#breadcrumb","itemListElement":[{"@type":"ListItem","position":1,"name":"Startseite","item":"https:\/\/www.mediapartizan.at\/"},{"@type":"ListItem","position":2,"name":"Stadt Klagenfurt macht Satireportal &#8222;Tagespresse&#8220; Konkurrenz"}]},{"@type":"WebSite","@id":"https:\/\/www.mediapartizan.at\/#website","url":"https:\/\/www.mediapartizan.at\/","name":"Mediapartizan.at","description":"","potentialAction":[{"@type":"SearchAction","target":{"@type":"EntryPoint","urlTemplate":"https:\/\/www.mediapartizan.at\/?s={search_term_string}"},"query-input":"required name=search_term_string"}],"inLanguage":"de"},{"@type":"Person","@id":"https:\/\/www.mediapartizan.at\/#\/schema\/person\/f6bd7eb8222f2fe985c78d08f17ed7a9","name":"Franz Miklautz","image":{"@type":"ImageObject","inLanguage":"de","@id":"https:\/\/www.mediapartizan.at\/#\/schema\/person\/image\/","url":"https:\/\/secure.gravatar.com\/avatar\/5618667e9a7ab3fa3e1a0c75987c8d0c111ad041167e738d67ac0846e54e195e?s=96&d=mm&r=g","contentUrl":"https:\/\/secure.gravatar.com\/avatar\/5618667e9a7ab3fa3e1a0c75987c8d0c111ad041167e738d67ac0846e54e195e?s=96&d=mm&r=g","caption":"Franz Miklautz"},"url":"https:\/\/www.mediapartizan.at\/?author=2"}]}},"jetpack_featured_media_url":"https:\/\/i0.wp.com\/www.mediapartizan.at\/wp-content\/uploads\/2024\/07\/IMG_20240611_101031.jpg?fit=2080%2C1560&ssl=1","jetpack_sharing_enabled":true,"_links":{"self":[{"href":"https:\/\/www.mediapartizan.at\/index.php?rest_route=\/wp\/v2\/posts\/9552","targetHints":{"allow":["GET"]}}],"collection":[{"href":"https:\/\/www.mediapartizan.at\/index.php?rest_route=\/wp\/v2\/posts"}],"about":[{"href":"https:\/\/www.mediapartizan.at\/index.php?rest_route=\/wp\/v2\/types\/post"}],"author":[{"embeddable":true,"href":"https:\/\/www.mediapartizan.at\/index.php?rest_route=\/wp\/v2\/users\/2"}],"replies":[{"embeddable":true,"href":"https:\/\/www.mediapartizan.at\/index.php?rest_route=%2Fwp%2Fv2%2Fcomments&post=9552"}],"version-history":[{"count":9,"href":"https:\/\/www.mediapartizan.at\/index.php?rest_route=\/wp\/v2\/posts\/9552\/revisions"}],"predecessor-version":[{"id":9575,"href":"https:\/\/www.mediapartizan.at\/index.php?rest_route=\/wp\/v2\/posts\/9552\/revisions\/9575"}],"wp:featuredmedia":[{"embeddable":true,"href":"https:\/\/www.mediapartizan.at\/index.php?rest_route=\/wp\/v2\/media\/9563"}],"wp:attachment":[{"href":"https:\/\/www.mediapartizan.at\/index.php?rest_route=%2Fwp%2Fv2%2Fmedia&parent=9552"}],"wp:term":[{"taxonomy":"category","embeddable":true,"href":"https:\/\/www.mediapartizan.at\/index.php?rest_route=%2Fwp%2Fv2%2Fcategories&post=9552"},{"taxonomy":"post_tag","embeddable":true,"href":"https:\/\/www.mediapartizan.at\/index.php?rest_route=%2Fwp%2Fv2%2Ftags&post=9552"}],"curies":[{"name":"wp","href":"https:\/\/api.w.org\/{rel}","templated":true}]}}