{"id":9600,"date":"2024-07-10T14:16:26","date_gmt":"2024-07-10T12:16:26","guid":{"rendered":"https:\/\/www.mediapartizan.at\/?p=9600"},"modified":"2024-07-10T15:03:15","modified_gmt":"2024-07-10T13:03:15","slug":"rueckschlag-fuer-lagunenplaene-land-dementiert-risiko-fuer-woerthersee-wegen-moeglicher-altlasten-beim-buberlemoos","status":"publish","type":"post","link":"https:\/\/www.mediapartizan.at\/?p=9600","title":{"rendered":"R\u00fcckschlag f\u00fcr Lagunenpl\u00e4ne: Land dementiert Risiko f\u00fcr W\u00f6rthersee wegen m\u00f6glicher Altlasten beim Buberlemoos"},"content":{"rendered":"<p><\/p>\n<p>Nun wird es an Klaus Bidovec liegen. Der Vize-Chef der Bezirkshauptmannschaft (BH) Klagenfurt-Land wird entscheiden m\u00fcssen, wie es mit dem mittlerweile \u00fcber die Ortsgrenzen bekannt gewordenen P\u00f6rtschacher Buberlemoos weitergehen soll. <a href=\"https:\/\/www.mediapartizan.at\/?p=8539\" target=\"_blank\" rel=\"noreferrer noopener\">Wie berichtet<\/a>, wollen ein einheimischer und ein deutscher Grundbesitzer dort eine k\u00fcnstliche Lagune mit &#8211; anf\u00e4nglich geplanten &#8211; 17 Bauparzellen errichten. Das meldete die Kleine Zeitung. Die Pl\u00e4ne sind bereits einige Jahre alt und lie\u00dfen die Wogen in der W\u00f6rthersee-Gemeinde hoch gehen. Die FP\u00d6 und auch die Gr\u00fcnen bek\u00e4mpfen seither das Projekt und f\u00fchren vor allem an, dass der Bau einer Lagune wohl ein Pr\u00e4zedenzfall f\u00fcr weitere Projekte dieser Art sein k\u00f6nnte. Die Parzellen, so der damalige Plan, h\u00e4tten eine eigene Motorbootzufahrt gehabt. Und w\u00e4ren f\u00fcr finanzschwache Wohnungssuchende wohl nichts gewesen: Insgesamt handelte es sich um ein Millionenprojekt.<\/p>\n<p><\/p>\n<p><\/p>\n<p><strong>Studie sprach von Kontaminierung<\/strong><\/p>\n<p><\/p>\n<p><\/p>\n<p>Am 16. April dieses Jahres kam es dann zu einem Knalleffekt. Die beiden Projektwerber legten eine privat beauftragte Studie vor, aus der hervorgeht, dass der Boden beim Buberlemoos kontaminiert sei. Der ORF K\u00e4rnten berichtete, dass in dem Gebiet bzw. auf der Roseneck-Halbinsel &#8222;40.000 Tonnen grobblockiges Material lagern, darunter Glas, Metall, Kunststoff, Holz, Asphalt, Teer und Bauschutt&#8220;. Er zitierte aus der Studie: \u201eDie angetroffenen illegal gelagerten Abf\u00e4lle bilden aufgrund der unmittelbaren N\u00e4he auch ein Risiko f\u00fcr die Wasserqualit\u00e4t des W\u00f6rthersees\u201c. Es gebe &#8222;markante \u00dcberschreitungen bei Kohlenwasserstoffen, polyzyklischen Aromaten und Ammonium&#8220; und es sei &#8222;mit Sicherheit Gefahr in Verzug&#8220;, sagte Gerhard Seifried, Sprecher der beiden Eigent\u00fcmer, der auf mehrmaliges Nachfragen des ORF \u00fcberraschenderweise verneinte, dass es Immobilienpl\u00e4ne g\u00e4be.<\/p>\n<p><\/p>\n<p><\/p>\n<p><strong>Untersuchung des Landes: Keine Gefahr f\u00fcr W\u00f6rthersee<\/strong><\/p>\n<p><\/p>\n<p><\/p>\n<p>Schon neun Tage nach Bekanntwerden der Studie zog das Land K\u00e4rnten eigene Proben &#8222;vom W\u00f6rthersee und vom Wasserbestand im Buberlemoos&#8220;, sagt der verantwortliche Sachverst\u00e4ndige Michael Rabitsch. Er hatte bereits vor zwei Jahren untersucht, ob m\u00f6gliche Ansch\u00fcttungen, die im Bereich des Buberlemooses stattgefunden haben, Auswirkungen auf die Wasserqualit\u00e4t des W\u00f6rthersees haben. Die damalige Antwort: Nein. Rabitsch fand keine Beeintr\u00e4chtigung des Wassers.<\/p>\n<p><\/p>\n<p><\/p>\n<p>Und auch aktuell kommt Rabitsch zum gleichen Ergebnis: &#8222;Eine Auswirkung von Ansch\u00fcttungen im Buberlemoos auf das Wasser des W\u00f6rthersees ist nicht gegeben&#8220;, sagt Rabitsch auf Anfrage von Mediapartizan.at. Der Landessachverst\u00e4ndige zog die Proben am 25. April. Er entnahm auch Proben vom Wasserbestand am Buberlemoos selbst. Und auch auf dieses Wasser haben m\u00f6gliche Ansch\u00fcttungen &#8222;keine Auswirkungen&#8220;, so Rabitsch. <\/p>\n<p><\/p>\n<p><\/p>\n<p>Sein Gutachten liegt nun bei Bidovec, wie Rabitsch erkl\u00e4rt. Die BH m\u00fcsse nun entscheiden &#8222;ob ein \u00f6ffentliches Interesse vorliege. Fragt sich eigentlich nur: wof\u00fcr? Wenn es kein Immobilienprojekt gibt, wie Seifried betonte, wof\u00fcr soll dann noch eine Lagune gebaut werden? Bidovec befindet sich derzeit auf Kur und konnte f\u00fcr eine Stellungnahme nicht erreicht werden. Auch Seifried war f\u00fcr ein Statement vorerst nicht verf\u00fcgbar.<\/p>\n<p><\/p>\n<p><\/p>\n<p><strong>&#8222;Natur kann Profitgier besiegen&#8220;<\/strong><\/p>\n<p><\/p>\n<p><\/p>\n<p>Erst im M\u00e4rz war es zu erheblichem Aufsehen gekommen, weil das Land K\u00e4rnten der Gemeinde P\u00f6rtschach empfahl, <a href=\"https:\/\/www.mediapartizan.at\/?p=8539\" target=\"_blank\" rel=\"noreferrer noopener\">das Buberlemoos zu einem &#8222;\u00f6rtlichen Naturdenkmal&#8220; zu erheben<\/a>. Dazu war es auf Initiative von FP\u00d6-Gemeindevorstand Florian Pacher gekommen. Der sagt zu den nunmehrigen Ergebnissen des Landes: \u201eDie Eigent\u00fcmer wollten den Bau einer k\u00fcnstlichen Lagune mit Luxusimmobilien als Renaturierungsprojekt tarnen und haben nun endg\u00fcltig auch noch das letzte vermeintliche Argument daf\u00fcr verloren\u201c, so Pacher. \u201eEin willkommener Pr\u00e4zedenzfall daf\u00fcr, dass die Natur die Profitgier besiegen kann.\u201c Auch Gabriele Hadl von den Gr\u00fcnen erkl\u00e4rt, &#8222;dass wir uns nichts anderes erwartet haben. Wenn das W\u00f6rthersee-Wasser wirklich verseucht gewesen w\u00e4re, w\u00e4re es ja vom Land und von der BH fahrl\u00e4ssig gewesen, die Bev\u00f6lkerung nicht zu informieren.&#8220; Jetzt, so Hadl, &#8222;hat die BH Gewissheit: Es gibt kein \u00f6ffentliches Interesse an diesem Megaprojekt. Der Akt ist nun ein f\u00fcr alle Mal zu schlie\u00dfen.&#8220;<\/p>\n<p><\/p>\n<p><\/p>\n<p><\/p>\n<p><\/p>\n<p><\/p>\n<p><\/p>\n<p><\/p>\n<p><\/p>\n<p><\/p>\n","protected":false},"excerpt":{"rendered":"<div class=\"mh-excerpt\"><p>K\u00fcnstliche Lagune: Vor drei Monaten sprach eine privat beauftragte Studie von einem &#8222;Risiko f\u00fcr die Wasserqualit\u00e4t des W\u00f6rthersees&#8220; durch Aufsch\u00fcttungen beim Buberlemoos. Dort war ein Millionen-Immobilienprojekt geplant. Nun zog das Land Proben. Ergebnis: Keine Gefahr f\u00fcr den W\u00f6rthersee <a class=\"mh-excerpt-more\" href=\"https:\/\/www.mediapartizan.at\/?p=9600\" title=\"R\u00fcckschlag f\u00fcr Lagunenpl\u00e4ne: Land dementiert Risiko f\u00fcr W\u00f6rthersee wegen m\u00f6glicher Altlasten beim Buberlemoos\">[&#8230;]<\/a><\/p>\n<\/div>","protected":false},"author":2,"featured_media":9601,"comment_status":"open","ping_status":"open","sticky":false,"template":"","format":"standard","meta":{"inline_featured_image":false,"_jetpack_memberships_contains_paid_content":false,"footnotes":""},"categories":[480],"tags":[537,447,445],"class_list":{"0":"post-9600","1":"post","2":"type-post","3":"status-publish","4":"format-standard","5":"has-post-thumbnail","7":"category-gemeinden","8":"tag-buberlemoos","9":"tag-florian-pacher","10":"tag-poertschach"},"yoast_head":"<!-- This site is optimized with the Yoast SEO plugin v20.10 - https:\/\/yoast.com\/wordpress\/plugins\/seo\/ -->\n<title>R\u00fcckschlag f\u00fcr Lagunenpl\u00e4ne: Land dementiert Risiko f\u00fcr W\u00f6rthersee wegen m\u00f6glicher Altlasten beim Buberlemoos - Mediapartizan.at<\/title>\n<meta name=\"robots\" content=\"index, follow, max-snippet:-1, max-image-preview:large, max-video-preview:-1\" \/>\n<link rel=\"canonical\" href=\"https:\/\/www.mediapartizan.at\/?p=9600\" \/>\n<meta property=\"og:locale\" content=\"de_DE\" \/>\n<meta property=\"og:type\" content=\"article\" \/>\n<meta property=\"og:title\" content=\"R\u00fcckschlag f\u00fcr Lagunenpl\u00e4ne: Land dementiert Risiko f\u00fcr W\u00f6rthersee wegen m\u00f6glicher Altlasten beim Buberlemoos - Mediapartizan.at\" \/>\n<meta property=\"og:description\" content=\"K\u00fcnstliche Lagune: Vor drei Monaten sprach eine privat beauftragte Studie von einem &quot;Risiko f\u00fcr die Wasserqualit\u00e4t des W\u00f6rthersees&quot; durch Aufsch\u00fcttungen beim Buberlemoos. Dort war ein Millionen-Immobilienprojekt geplant. Nun zog das Land Proben. Ergebnis: Keine Gefahr f\u00fcr den W\u00f6rthersee [...]\" \/>\n<meta property=\"og:url\" content=\"https:\/\/www.mediapartizan.at\/?p=9600\" \/>\n<meta property=\"og:site_name\" content=\"Mediapartizan.at\" \/>\n<meta property=\"article:published_time\" content=\"2024-07-10T12:16:26+00:00\" \/>\n<meta property=\"article:modified_time\" content=\"2024-07-10T13:03:15+00:00\" \/>\n<meta property=\"og:image\" content=\"https:\/\/www.mediapartizan.at\/wp-content\/uploads\/2024\/07\/IMG_20240305_135518.jpg\" \/>\n\t<meta property=\"og:image:width\" content=\"2080\" \/>\n\t<meta property=\"og:image:height\" content=\"1560\" \/>\n\t<meta property=\"og:image:type\" content=\"image\/jpeg\" \/>\n<meta name=\"author\" content=\"Franz Miklautz\" \/>\n<meta name=\"twitter:card\" content=\"summary_large_image\" \/>\n<meta name=\"twitter:label1\" content=\"Verfasst von\" \/>\n\t<meta name=\"twitter:data1\" content=\"Franz Miklautz\" \/>\n\t<meta name=\"twitter:label2\" content=\"Gesch\u00e4tzte Lesezeit\" \/>\n\t<meta name=\"twitter:data2\" content=\"4\u00a0Minuten\" \/>\n<script type=\"application\/ld+json\" class=\"yoast-schema-graph\">{\"@context\":\"https:\/\/schema.org\",\"@graph\":[{\"@type\":\"WebPage\",\"@id\":\"https:\/\/www.mediapartizan.at\/?p=9600\",\"url\":\"https:\/\/www.mediapartizan.at\/?p=9600\",\"name\":\"R\u00fcckschlag f\u00fcr Lagunenpl\u00e4ne: Land dementiert Risiko f\u00fcr W\u00f6rthersee wegen m\u00f6glicher Altlasten beim Buberlemoos - Mediapartizan.at\",\"isPartOf\":{\"@id\":\"https:\/\/www.mediapartizan.at\/#website\"},\"datePublished\":\"2024-07-10T12:16:26+00:00\",\"dateModified\":\"2024-07-10T13:03:15+00:00\",\"author\":{\"@id\":\"https:\/\/www.mediapartizan.at\/#\/schema\/person\/f6bd7eb8222f2fe985c78d08f17ed7a9\"},\"breadcrumb\":{\"@id\":\"https:\/\/www.mediapartizan.at\/?p=9600#breadcrumb\"},\"inLanguage\":\"de\",\"potentialAction\":[{\"@type\":\"ReadAction\",\"target\":[\"https:\/\/www.mediapartizan.at\/?p=9600\"]}]},{\"@type\":\"BreadcrumbList\",\"@id\":\"https:\/\/www.mediapartizan.at\/?p=9600#breadcrumb\",\"itemListElement\":[{\"@type\":\"ListItem\",\"position\":1,\"name\":\"Startseite\",\"item\":\"https:\/\/www.mediapartizan.at\/\"},{\"@type\":\"ListItem\",\"position\":2,\"name\":\"R\u00fcckschlag f\u00fcr Lagunenpl\u00e4ne: Land dementiert Risiko f\u00fcr W\u00f6rthersee wegen m\u00f6glicher Altlasten beim Buberlemoos\"}]},{\"@type\":\"WebSite\",\"@id\":\"https:\/\/www.mediapartizan.at\/#website\",\"url\":\"https:\/\/www.mediapartizan.at\/\",\"name\":\"Mediapartizan.at\",\"description\":\"\",\"potentialAction\":[{\"@type\":\"SearchAction\",\"target\":{\"@type\":\"EntryPoint\",\"urlTemplate\":\"https:\/\/www.mediapartizan.at\/?s={search_term_string}\"},\"query-input\":\"required name=search_term_string\"}],\"inLanguage\":\"de\"},{\"@type\":\"Person\",\"@id\":\"https:\/\/www.mediapartizan.at\/#\/schema\/person\/f6bd7eb8222f2fe985c78d08f17ed7a9\",\"name\":\"Franz Miklautz\",\"image\":{\"@type\":\"ImageObject\",\"inLanguage\":\"de\",\"@id\":\"https:\/\/www.mediapartizan.at\/#\/schema\/person\/image\/\",\"url\":\"https:\/\/secure.gravatar.com\/avatar\/5618667e9a7ab3fa3e1a0c75987c8d0c111ad041167e738d67ac0846e54e195e?s=96&d=mm&r=g\",\"contentUrl\":\"https:\/\/secure.gravatar.com\/avatar\/5618667e9a7ab3fa3e1a0c75987c8d0c111ad041167e738d67ac0846e54e195e?s=96&d=mm&r=g\",\"caption\":\"Franz Miklautz\"},\"url\":\"https:\/\/www.mediapartizan.at\/?author=2\"}]}<\/script>\n<!-- \/ Yoast SEO plugin. -->","yoast_head_json":{"title":"R\u00fcckschlag f\u00fcr Lagunenpl\u00e4ne: Land dementiert Risiko f\u00fcr W\u00f6rthersee wegen m\u00f6glicher Altlasten beim Buberlemoos - Mediapartizan.at","robots":{"index":"index","follow":"follow","max-snippet":"max-snippet:-1","max-image-preview":"max-image-preview:large","max-video-preview":"max-video-preview:-1"},"canonical":"https:\/\/www.mediapartizan.at\/?p=9600","og_locale":"de_DE","og_type":"article","og_title":"R\u00fcckschlag f\u00fcr Lagunenpl\u00e4ne: Land dementiert Risiko f\u00fcr W\u00f6rthersee wegen m\u00f6glicher Altlasten beim Buberlemoos - Mediapartizan.at","og_description":"K\u00fcnstliche Lagune: Vor drei Monaten sprach eine privat beauftragte Studie von einem \"Risiko f\u00fcr die Wasserqualit\u00e4t des W\u00f6rthersees\" durch Aufsch\u00fcttungen beim Buberlemoos. Dort war ein Millionen-Immobilienprojekt geplant. Nun zog das Land Proben. Ergebnis: Keine Gefahr f\u00fcr den W\u00f6rthersee [...]","og_url":"https:\/\/www.mediapartizan.at\/?p=9600","og_site_name":"Mediapartizan.at","article_published_time":"2024-07-10T12:16:26+00:00","article_modified_time":"2024-07-10T13:03:15+00:00","og_image":[{"width":2080,"height":1560,"url":"https:\/\/www.mediapartizan.at\/wp-content\/uploads\/2024\/07\/IMG_20240305_135518.jpg","type":"image\/jpeg"}],"author":"Franz Miklautz","twitter_card":"summary_large_image","twitter_misc":{"Verfasst von":"Franz Miklautz","Gesch\u00e4tzte Lesezeit":"4\u00a0Minuten"},"schema":{"@context":"https:\/\/schema.org","@graph":[{"@type":"WebPage","@id":"https:\/\/www.mediapartizan.at\/?p=9600","url":"https:\/\/www.mediapartizan.at\/?p=9600","name":"R\u00fcckschlag f\u00fcr Lagunenpl\u00e4ne: Land dementiert Risiko f\u00fcr W\u00f6rthersee wegen m\u00f6glicher Altlasten beim Buberlemoos - Mediapartizan.at","isPartOf":{"@id":"https:\/\/www.mediapartizan.at\/#website"},"datePublished":"2024-07-10T12:16:26+00:00","dateModified":"2024-07-10T13:03:15+00:00","author":{"@id":"https:\/\/www.mediapartizan.at\/#\/schema\/person\/f6bd7eb8222f2fe985c78d08f17ed7a9"},"breadcrumb":{"@id":"https:\/\/www.mediapartizan.at\/?p=9600#breadcrumb"},"inLanguage":"de","potentialAction":[{"@type":"ReadAction","target":["https:\/\/www.mediapartizan.at\/?p=9600"]}]},{"@type":"BreadcrumbList","@id":"https:\/\/www.mediapartizan.at\/?p=9600#breadcrumb","itemListElement":[{"@type":"ListItem","position":1,"name":"Startseite","item":"https:\/\/www.mediapartizan.at\/"},{"@type":"ListItem","position":2,"name":"R\u00fcckschlag f\u00fcr Lagunenpl\u00e4ne: Land dementiert Risiko f\u00fcr W\u00f6rthersee wegen m\u00f6glicher Altlasten beim Buberlemoos"}]},{"@type":"WebSite","@id":"https:\/\/www.mediapartizan.at\/#website","url":"https:\/\/www.mediapartizan.at\/","name":"Mediapartizan.at","description":"","potentialAction":[{"@type":"SearchAction","target":{"@type":"EntryPoint","urlTemplate":"https:\/\/www.mediapartizan.at\/?s={search_term_string}"},"query-input":"required name=search_term_string"}],"inLanguage":"de"},{"@type":"Person","@id":"https:\/\/www.mediapartizan.at\/#\/schema\/person\/f6bd7eb8222f2fe985c78d08f17ed7a9","name":"Franz Miklautz","image":{"@type":"ImageObject","inLanguage":"de","@id":"https:\/\/www.mediapartizan.at\/#\/schema\/person\/image\/","url":"https:\/\/secure.gravatar.com\/avatar\/5618667e9a7ab3fa3e1a0c75987c8d0c111ad041167e738d67ac0846e54e195e?s=96&d=mm&r=g","contentUrl":"https:\/\/secure.gravatar.com\/avatar\/5618667e9a7ab3fa3e1a0c75987c8d0c111ad041167e738d67ac0846e54e195e?s=96&d=mm&r=g","caption":"Franz Miklautz"},"url":"https:\/\/www.mediapartizan.at\/?author=2"}]}},"jetpack_featured_media_url":"https:\/\/i0.wp.com\/www.mediapartizan.at\/wp-content\/uploads\/2024\/07\/IMG_20240305_135518.jpg?fit=2080%2C1560&ssl=1","jetpack_sharing_enabled":true,"_links":{"self":[{"href":"https:\/\/www.mediapartizan.at\/index.php?rest_route=\/wp\/v2\/posts\/9600","targetHints":{"allow":["GET"]}}],"collection":[{"href":"https:\/\/www.mediapartizan.at\/index.php?rest_route=\/wp\/v2\/posts"}],"about":[{"href":"https:\/\/www.mediapartizan.at\/index.php?rest_route=\/wp\/v2\/types\/post"}],"author":[{"embeddable":true,"href":"https:\/\/www.mediapartizan.at\/index.php?rest_route=\/wp\/v2\/users\/2"}],"replies":[{"embeddable":true,"href":"https:\/\/www.mediapartizan.at\/index.php?rest_route=%2Fwp%2Fv2%2Fcomments&post=9600"}],"version-history":[{"count":3,"href":"https:\/\/www.mediapartizan.at\/index.php?rest_route=\/wp\/v2\/posts\/9600\/revisions"}],"predecessor-version":[{"id":9605,"href":"https:\/\/www.mediapartizan.at\/index.php?rest_route=\/wp\/v2\/posts\/9600\/revisions\/9605"}],"wp:featuredmedia":[{"embeddable":true,"href":"https:\/\/www.mediapartizan.at\/index.php?rest_route=\/wp\/v2\/media\/9601"}],"wp:attachment":[{"href":"https:\/\/www.mediapartizan.at\/index.php?rest_route=%2Fwp%2Fv2%2Fmedia&parent=9600"}],"wp:term":[{"taxonomy":"category","embeddable":true,"href":"https:\/\/www.mediapartizan.at\/index.php?rest_route=%2Fwp%2Fv2%2Fcategories&post=9600"},{"taxonomy":"post_tag","embeddable":true,"href":"https:\/\/www.mediapartizan.at\/index.php?rest_route=%2Fwp%2Fv2%2Ftags&post=9600"}],"curies":[{"name":"wp","href":"https:\/\/api.w.org\/{rel}","templated":true}]}}