{"id":9649,"date":"2024-07-25T13:31:54","date_gmt":"2024-07-25T11:31:54","guid":{"rendered":"https:\/\/www.mediapartizan.at\/?p=9649"},"modified":"2024-07-27T19:58:58","modified_gmt":"2024-07-27T17:58:58","slug":"gericht-bestaetigt-suspendierung-des-kaerntner-landtagsdirektors-robert-weiss","status":"publish","type":"post","link":"https:\/\/www.mediapartizan.at\/?p=9649","title":{"rendered":"Gericht best\u00e4tigt Suspendierung des K\u00e4rntner Landtagsdirektors Robert Wei\u00df"},"content":{"rendered":"<p><\/p>\n<p>Es war Gespr\u00e4chsthema Nummer eins am Arnulfplatz und im Klagenfurter Landhaushof: <a href=\"https:\/\/www.mediapartizan.at\/?p=9307\" target=\"_blank\" rel=\"noreferrer noopener\">Landtagsdirektor Robert Wei\u00df ist von der Landes-Disziplinarkommission im Mai suspendiert worden<\/a>. Der Top-Beamte und langj\u00e4hrige Chef des K\u00e4rntner Landtagsamts soll schwere Dienstverfehlungen begangen haben. So wird Wei\u00df von der Disziplinarkommission vorgeworfen, er habe Dienstg\u00e4nge eingetragen, die in der Realit\u00e4t nicht stattgefunden haben sollen. Er soll etwa angegeben haben, an Meetings der Landeswarn- und Alarmzentrale teilgenommen zu haben &#8211; in jenem Ausma\u00df, das er angab, sollen diese Treffen aber nicht nachweisbar gewesen sein. Das will die Personalabteilung des Landes unter Leitung von G\u00fcnther Wurzer in einer lang angelegten Untersuchung herausgefunden haben. <\/p>\n<p><\/p>\n<p><\/p>\n<p><strong>Wei\u00df&#8216; Klage erfolglos<\/strong><\/p>\n<p><\/p>\n<p><\/p>\n<p>Wei\u00df ist, wie er selber sagte, nach Verk\u00fcndung der Suspendierung <a href=\"https:\/\/www.mediapartizan.at\/?p=9546\" target=\"_blank\" rel=\"noreferrer noopener\">vor das Landesverwaltungsgericht (LvwG) K\u00e4rnten gezogen<\/a>, um die Abberufung zu bek\u00e4mpfen. W\u00e4hrend einer Suspendierung erh\u00e4lt ein Beamter nur einen Teil seines Gehalts (50 Prozent des Bezugs ohne Leistungszulage). Nun gibt es ein erstes Urteil. Und das ging nicht zum Wohlwollen von Wei\u00df aus: Das LvwG wies die Beschwerde Wei\u00df&#8216; gegen die Suspendierung ab. Das best\u00e4tigt das Land K\u00e4rnten. Eine ordentliche Revision an den Verwaltungsgerichtshof ist nicht m\u00f6glich.<\/p>\n<p><\/p>\n<p><\/p>\n<p>Wei\u00df soll, wie der ORF K\u00e4rnten schrieb, \u201eseit dem Jahr 2003 durchschnittlich 2,2 Dienstwege pro Woche ungerechtfertigt eingebucht und dadurch das Ansehen des Amtes\u201c gesch\u00e4digt haben. <\/p>\n<p><\/p>\n<p><\/p>\n<figure class=\"wp-block-image aligncenter size-large is-resized\"><img data-recalc-dims=\"1\" loading=\"lazy\" decoding=\"async\" src=\"https:\/\/i0.wp.com\/www.mediapartizan.at\/wp-content\/uploads\/2024\/07\/Bildschirmfoto-2024-07-05-um-10.39.45.png?resize=625%2C417&#038;ssl=1\" alt=\"Suspendierter Top-Beamter Robert Wei\u00df (c) Dietmar Wajand\" class=\"wp-image-9547\" width=\"625\" height=\"417\" srcset=\"https:\/\/i0.wp.com\/www.mediapartizan.at\/wp-content\/uploads\/2024\/07\/Bildschirmfoto-2024-07-05-um-10.39.45.png?resize=1024%2C683&amp;ssl=1 1024w, https:\/\/i0.wp.com\/www.mediapartizan.at\/wp-content\/uploads\/2024\/07\/Bildschirmfoto-2024-07-05-um-10.39.45.png?resize=300%2C200&amp;ssl=1 300w, https:\/\/i0.wp.com\/www.mediapartizan.at\/wp-content\/uploads\/2024\/07\/Bildschirmfoto-2024-07-05-um-10.39.45.png?resize=768%2C512&amp;ssl=1 768w, https:\/\/i0.wp.com\/www.mediapartizan.at\/wp-content\/uploads\/2024\/07\/Bildschirmfoto-2024-07-05-um-10.39.45.png?w=1356&amp;ssl=1 1356w\" sizes=\"auto, (max-width: 625px) 100vw, 625px\" \/><figcaption class=\"wp-element-caption\">Suspendierter Top-Beamter Robert Wei\u00df, (c) Dietmar Wajand<\/figcaption><\/figure>\n<p><\/p>\n<p><\/p>\n<p><strong>Weitere Zeugenvernehmung<\/strong><\/p>\n<p><\/p>\n<p><\/p>\n<p>Auch die Klagenfurter Staatsanwaltschaft ermittelt gegen Wei\u00df. Grund: Verdacht auf gewerbsm\u00e4\u00dfigen Betrug. Es gilt die Unschuldsvermutung. Beh\u00f6rdensprecherin Tina Frimmel-Hesse erkl\u00e4rt, dass es aktuell eine weitere Ermittlungsanordnung an das Stadtpolizeikommendo gebe. Dabei gehe es &#8222;um Zeitenbuchungen&#8220;. Es sollen drei weitere Zeugen einvernommen werden.<\/p>\n<p><\/p>\n<p><\/p>\n<p><strong>K\u00e4rntner MONAT-Recherchen brachten Fall an \u00d6ffentlichkeit<\/strong><\/p>\n<p><\/p>\n<p><\/p>\n<p>In der \u00d6ffentlichkeit aufgepoppt ist die brisante Angelegenheit durch wochenlange Recherchen des <a href=\"https:\/\/monat.at\/business\/top-beamter-im-visier-der-dienstaufsicht-2\/\" target=\"_blank\" rel=\"noreferrer noopener\">K\u00e4rntner MONAT<\/a> im M\u00e4rz dieses Jahres. Diese f\u00fchrten in der Folge zu einer eilig einberufenen Sonderpr\u00e4sidialsitzung des K\u00e4rntner Landtags unter Vorsitz von Landtagspr\u00e4sident Reinhart Rohr (SP\u00d6). Aufgrund der Ergebnisse, die die Personalabteilung erhoben hatte, wurde Wei\u00df im Mai suspendiert.<\/p>\n<p><\/p>\n<p><\/p>\n<p><strong>Wei\u00df will &#8222;alle Rechtsmittel aussch\u00f6pfen&#8220;<\/strong><\/p>\n<p><\/p>\n<p><\/p>\n<p>Wei\u00df hatte gegen seine Suspendierung vor dem LvwG geklagt, weil er &#8222;von der Disziplinarkommission nicht einmal angeh\u00f6rt wurde&#8220;. In dem nunmehrigen LvwG-Verfahren ging es aber nicht um die ihm vorgeworfenen mutma\u00dflichen Dienstverfehlungen, sondern nur um die Rechtm\u00e4\u00dfigkeit der Suspendierung als solches. Wei\u00df wolle, <a href=\"https:\/\/www.mediapartizan.at\/?p=9546\" target=\"_blank\" rel=\"noreferrer noopener\">wie er am 5. Juli gegen\u00fcber Mediapartizan.at sagte<\/a>, &#8222;alle Rechtsmittel aussch\u00f6pfen&#8220;. Er war f\u00fcr ein aktuelles Gespr\u00e4ch nicht zu erreichen. Wei\u00df\u00b4Anwalt Michael Dietrich, von der bekannten Grazer Soziet\u00e4t Klein, Wuntschek &amp; Partner (die auch Ex-Magistratsdirektor Peter Jost vertritt), hat das Urteil heute Vormittag noch nicht zugestellt bekommen. Er werde Stellung dazu nehmen, sobald er im Besitz des Schriftst\u00fccks ist.  <\/p>\n<p><\/p>\n<p><\/p>\n<p><\/p>\n<p><\/p>\n<p><\/p>\n<p><\/p>\n<p><\/p>\n<p><\/p>\n<p><\/p>\n<p><\/p>\n<p><\/p>\n<p><\/p>\n<p><\/p>\n<p><\/p>\n<p><\/p>\n<p><\/p>\n<p><\/p>\n","protected":false},"excerpt":{"rendered":"<div class=\"mh-excerpt\"><p>Der K\u00e4rntner Landtagsdirektor Robert Wei\u00df blitzte mit Beschwerde gegen seine Suspendierung vor dem Landesverwaltungsgericht ab. Staatsanwaltschaft will in der Sache weitere Zeugen einvernehmen.   <a class=\"mh-excerpt-more\" href=\"https:\/\/www.mediapartizan.at\/?p=9649\" title=\"Gericht best\u00e4tigt Suspendierung des K\u00e4rntner Landtagsdirektors Robert Wei\u00df\">[&#8230;]<\/a><\/p>\n<\/div>","protected":false},"author":2,"featured_media":9308,"comment_status":"open","ping_status":"open","sticky":false,"template":"","format":"standard","meta":{"inline_featured_image":false,"_jetpack_memberships_contains_paid_content":false,"footnotes":""},"categories":[218],"tags":[565,567,576],"class_list":{"0":"post-9649","1":"post","2":"type-post","3":"status-publish","4":"format-standard","5":"has-post-thumbnail","7":"category-land-kaernten","8":"tag-landtag","9":"tag-landtagsdirektor","10":"tag-suspendierung"},"yoast_head":"<!-- This site is optimized with the Yoast SEO plugin v20.10 - https:\/\/yoast.com\/wordpress\/plugins\/seo\/ -->\n<title>Gericht best\u00e4tigt Suspendierung des K\u00e4rntner Landtagsdirektors Robert Wei\u00df - Mediapartizan.at<\/title>\n<meta name=\"robots\" content=\"index, follow, max-snippet:-1, max-image-preview:large, max-video-preview:-1\" \/>\n<link rel=\"canonical\" href=\"https:\/\/www.mediapartizan.at\/?p=9649\" \/>\n<meta property=\"og:locale\" content=\"de_DE\" \/>\n<meta property=\"og:type\" content=\"article\" \/>\n<meta property=\"og:title\" content=\"Gericht best\u00e4tigt Suspendierung des K\u00e4rntner Landtagsdirektors Robert Wei\u00df - Mediapartizan.at\" \/>\n<meta property=\"og:description\" content=\"Der K\u00e4rntner Landtagsdirektor Robert Wei\u00df blitzte mit Beschwerde gegen seine Suspendierung vor dem Landesverwaltungsgericht ab. Staatsanwaltschaft will in der Sache weitere Zeugen einvernehmen.  [...]\" \/>\n<meta property=\"og:url\" content=\"https:\/\/www.mediapartizan.at\/?p=9649\" \/>\n<meta property=\"og:site_name\" content=\"Mediapartizan.at\" \/>\n<meta property=\"article:published_time\" content=\"2024-07-25T11:31:54+00:00\" \/>\n<meta property=\"article:modified_time\" content=\"2024-07-27T17:58:58+00:00\" \/>\n<meta property=\"og:image\" content=\"https:\/\/www.mediapartizan.at\/wp-content\/uploads\/2024\/05\/Bildschirmfoto-2024-05-27-um-11.40.38-1024x895.png\" \/>\n\t<meta property=\"og:image:width\" content=\"1024\" \/>\n\t<meta property=\"og:image:height\" content=\"895\" \/>\n\t<meta property=\"og:image:type\" content=\"image\/png\" \/>\n<meta name=\"author\" content=\"Franz Miklautz\" \/>\n<meta name=\"twitter:card\" content=\"summary_large_image\" \/>\n<meta name=\"twitter:label1\" content=\"Verfasst von\" \/>\n\t<meta name=\"twitter:data1\" content=\"Franz Miklautz\" \/>\n\t<meta name=\"twitter:label2\" content=\"Gesch\u00e4tzte Lesezeit\" \/>\n\t<meta name=\"twitter:data2\" content=\"3\u00a0Minuten\" \/>\n<script type=\"application\/ld+json\" class=\"yoast-schema-graph\">{\"@context\":\"https:\/\/schema.org\",\"@graph\":[{\"@type\":\"WebPage\",\"@id\":\"https:\/\/www.mediapartizan.at\/?p=9649\",\"url\":\"https:\/\/www.mediapartizan.at\/?p=9649\",\"name\":\"Gericht best\u00e4tigt Suspendierung des K\u00e4rntner Landtagsdirektors Robert Wei\u00df - Mediapartizan.at\",\"isPartOf\":{\"@id\":\"https:\/\/www.mediapartizan.at\/#website\"},\"datePublished\":\"2024-07-25T11:31:54+00:00\",\"dateModified\":\"2024-07-27T17:58:58+00:00\",\"author\":{\"@id\":\"https:\/\/www.mediapartizan.at\/#\/schema\/person\/f6bd7eb8222f2fe985c78d08f17ed7a9\"},\"breadcrumb\":{\"@id\":\"https:\/\/www.mediapartizan.at\/?p=9649#breadcrumb\"},\"inLanguage\":\"de\",\"potentialAction\":[{\"@type\":\"ReadAction\",\"target\":[\"https:\/\/www.mediapartizan.at\/?p=9649\"]}]},{\"@type\":\"BreadcrumbList\",\"@id\":\"https:\/\/www.mediapartizan.at\/?p=9649#breadcrumb\",\"itemListElement\":[{\"@type\":\"ListItem\",\"position\":1,\"name\":\"Startseite\",\"item\":\"https:\/\/www.mediapartizan.at\/\"},{\"@type\":\"ListItem\",\"position\":2,\"name\":\"Gericht best\u00e4tigt Suspendierung des K\u00e4rntner Landtagsdirektors Robert Wei\u00df\"}]},{\"@type\":\"WebSite\",\"@id\":\"https:\/\/www.mediapartizan.at\/#website\",\"url\":\"https:\/\/www.mediapartizan.at\/\",\"name\":\"Mediapartizan.at\",\"description\":\"\",\"potentialAction\":[{\"@type\":\"SearchAction\",\"target\":{\"@type\":\"EntryPoint\",\"urlTemplate\":\"https:\/\/www.mediapartizan.at\/?s={search_term_string}\"},\"query-input\":\"required name=search_term_string\"}],\"inLanguage\":\"de\"},{\"@type\":\"Person\",\"@id\":\"https:\/\/www.mediapartizan.at\/#\/schema\/person\/f6bd7eb8222f2fe985c78d08f17ed7a9\",\"name\":\"Franz Miklautz\",\"image\":{\"@type\":\"ImageObject\",\"inLanguage\":\"de\",\"@id\":\"https:\/\/www.mediapartizan.at\/#\/schema\/person\/image\/\",\"url\":\"https:\/\/secure.gravatar.com\/avatar\/5618667e9a7ab3fa3e1a0c75987c8d0c111ad041167e738d67ac0846e54e195e?s=96&d=mm&r=g\",\"contentUrl\":\"https:\/\/secure.gravatar.com\/avatar\/5618667e9a7ab3fa3e1a0c75987c8d0c111ad041167e738d67ac0846e54e195e?s=96&d=mm&r=g\",\"caption\":\"Franz Miklautz\"},\"url\":\"https:\/\/www.mediapartizan.at\/?author=2\"}]}<\/script>\n<!-- \/ Yoast SEO plugin. -->","yoast_head_json":{"title":"Gericht best\u00e4tigt Suspendierung des K\u00e4rntner Landtagsdirektors Robert Wei\u00df - Mediapartizan.at","robots":{"index":"index","follow":"follow","max-snippet":"max-snippet:-1","max-image-preview":"max-image-preview:large","max-video-preview":"max-video-preview:-1"},"canonical":"https:\/\/www.mediapartizan.at\/?p=9649","og_locale":"de_DE","og_type":"article","og_title":"Gericht best\u00e4tigt Suspendierung des K\u00e4rntner Landtagsdirektors Robert Wei\u00df - Mediapartizan.at","og_description":"Der K\u00e4rntner Landtagsdirektor Robert Wei\u00df blitzte mit Beschwerde gegen seine Suspendierung vor dem Landesverwaltungsgericht ab. Staatsanwaltschaft will in der Sache weitere Zeugen einvernehmen.  [...]","og_url":"https:\/\/www.mediapartizan.at\/?p=9649","og_site_name":"Mediapartizan.at","article_published_time":"2024-07-25T11:31:54+00:00","article_modified_time":"2024-07-27T17:58:58+00:00","og_image":[{"width":1024,"height":895,"url":"https:\/\/www.mediapartizan.at\/wp-content\/uploads\/2024\/05\/Bildschirmfoto-2024-05-27-um-11.40.38-1024x895.png","type":"image\/png"}],"author":"Franz Miklautz","twitter_card":"summary_large_image","twitter_misc":{"Verfasst von":"Franz Miklautz","Gesch\u00e4tzte Lesezeit":"3\u00a0Minuten"},"schema":{"@context":"https:\/\/schema.org","@graph":[{"@type":"WebPage","@id":"https:\/\/www.mediapartizan.at\/?p=9649","url":"https:\/\/www.mediapartizan.at\/?p=9649","name":"Gericht best\u00e4tigt Suspendierung des K\u00e4rntner Landtagsdirektors Robert Wei\u00df - Mediapartizan.at","isPartOf":{"@id":"https:\/\/www.mediapartizan.at\/#website"},"datePublished":"2024-07-25T11:31:54+00:00","dateModified":"2024-07-27T17:58:58+00:00","author":{"@id":"https:\/\/www.mediapartizan.at\/#\/schema\/person\/f6bd7eb8222f2fe985c78d08f17ed7a9"},"breadcrumb":{"@id":"https:\/\/www.mediapartizan.at\/?p=9649#breadcrumb"},"inLanguage":"de","potentialAction":[{"@type":"ReadAction","target":["https:\/\/www.mediapartizan.at\/?p=9649"]}]},{"@type":"BreadcrumbList","@id":"https:\/\/www.mediapartizan.at\/?p=9649#breadcrumb","itemListElement":[{"@type":"ListItem","position":1,"name":"Startseite","item":"https:\/\/www.mediapartizan.at\/"},{"@type":"ListItem","position":2,"name":"Gericht best\u00e4tigt Suspendierung des K\u00e4rntner Landtagsdirektors Robert Wei\u00df"}]},{"@type":"WebSite","@id":"https:\/\/www.mediapartizan.at\/#website","url":"https:\/\/www.mediapartizan.at\/","name":"Mediapartizan.at","description":"","potentialAction":[{"@type":"SearchAction","target":{"@type":"EntryPoint","urlTemplate":"https:\/\/www.mediapartizan.at\/?s={search_term_string}"},"query-input":"required name=search_term_string"}],"inLanguage":"de"},{"@type":"Person","@id":"https:\/\/www.mediapartizan.at\/#\/schema\/person\/f6bd7eb8222f2fe985c78d08f17ed7a9","name":"Franz Miklautz","image":{"@type":"ImageObject","inLanguage":"de","@id":"https:\/\/www.mediapartizan.at\/#\/schema\/person\/image\/","url":"https:\/\/secure.gravatar.com\/avatar\/5618667e9a7ab3fa3e1a0c75987c8d0c111ad041167e738d67ac0846e54e195e?s=96&d=mm&r=g","contentUrl":"https:\/\/secure.gravatar.com\/avatar\/5618667e9a7ab3fa3e1a0c75987c8d0c111ad041167e738d67ac0846e54e195e?s=96&d=mm&r=g","caption":"Franz Miklautz"},"url":"https:\/\/www.mediapartizan.at\/?author=2"}]}},"jetpack_featured_media_url":"https:\/\/i0.wp.com\/www.mediapartizan.at\/wp-content\/uploads\/2024\/05\/Bildschirmfoto-2024-05-27-um-11.40.38.png?fit=1392%2C1216&ssl=1","jetpack_sharing_enabled":true,"_links":{"self":[{"href":"https:\/\/www.mediapartizan.at\/index.php?rest_route=\/wp\/v2\/posts\/9649","targetHints":{"allow":["GET"]}}],"collection":[{"href":"https:\/\/www.mediapartizan.at\/index.php?rest_route=\/wp\/v2\/posts"}],"about":[{"href":"https:\/\/www.mediapartizan.at\/index.php?rest_route=\/wp\/v2\/types\/post"}],"author":[{"embeddable":true,"href":"https:\/\/www.mediapartizan.at\/index.php?rest_route=\/wp\/v2\/users\/2"}],"replies":[{"embeddable":true,"href":"https:\/\/www.mediapartizan.at\/index.php?rest_route=%2Fwp%2Fv2%2Fcomments&post=9649"}],"version-history":[{"count":4,"href":"https:\/\/www.mediapartizan.at\/index.php?rest_route=\/wp\/v2\/posts\/9649\/revisions"}],"predecessor-version":[{"id":9662,"href":"https:\/\/www.mediapartizan.at\/index.php?rest_route=\/wp\/v2\/posts\/9649\/revisions\/9662"}],"wp:featuredmedia":[{"embeddable":true,"href":"https:\/\/www.mediapartizan.at\/index.php?rest_route=\/wp\/v2\/media\/9308"}],"wp:attachment":[{"href":"https:\/\/www.mediapartizan.at\/index.php?rest_route=%2Fwp%2Fv2%2Fmedia&parent=9649"}],"wp:term":[{"taxonomy":"category","embeddable":true,"href":"https:\/\/www.mediapartizan.at\/index.php?rest_route=%2Fwp%2Fv2%2Fcategories&post=9649"},{"taxonomy":"post_tag","embeddable":true,"href":"https:\/\/www.mediapartizan.at\/index.php?rest_route=%2Fwp%2Fv2%2Ftags&post=9649"}],"curies":[{"name":"wp","href":"https:\/\/api.w.org\/{rel}","templated":true}]}}