{"id":9659,"date":"2024-07-25T18:02:18","date_gmt":"2024-07-25T16:02:18","guid":{"rendered":"https:\/\/www.mediapartizan.at\/?p=9659"},"modified":"2024-07-25T18:02:22","modified_gmt":"2024-07-25T16:02:22","slug":"orasch-verkauft-weitere-gesellschaft-2","status":"publish","type":"post","link":"https:\/\/www.mediapartizan.at\/?p=9659","title":{"rendered":"Orasch verkauft weitere Gesellschaft"},"content":{"rendered":"<p><\/p>\n<p>Es ist keine drei Wochen her, da verk\u00fcndeten die beiden Unternehmer Helmut Steiner und Bernd Hinteregger die \u00dcbernahme des sogenannten &#8222;Rondo&#8220; in St. Kanzian am Klopeiner See. Der Fleck mitten im Ort war in letzter Zeit durch einen Bauzaun in visuelle Mitleidenschaft gezogen worden. Eigent\u00fcmer der Liegenschaft am Seenweg 3 &#8211; 5, das ist die Adresse, an der das Rondo residiert, war der ehemalige Flughafen-Investor Franz Peter Orasch. Seine LVMO Beteiligung GmbH besa\u00df 100 % an der Seenweg 3 &#8211; 5 GmbH. Die gab sie nun zu 74,9 Prozent an die STH Privatstiftung rund um den Knittelfelder Immobilienunternehmer Helmut Steiner und zu 25,1 Prozent an die B14 Hotelbetriebs GmbH des Hoteliers und TV-Wagniskapital-Verteilers (2 Minuten &#8211; 2 Millionen; <em>Puls 4<\/em>) Bernd Hinteregger ab. Dieser ist zu 50 Prozent an der B14 beteiligt.<\/p>\n<p><\/p>\n<p><\/p>\n<p><strong>Fl\u00e4chen in Villacher Geb\u00e4ude gehen \u00fcber den Ladentisch<\/strong><\/p>\n<p><\/p>\n<p><\/p>\n<p>Nun hat Orasch eine weitere Gesellschaft verkauft: Die Ossiacher Zeile 68 GmbH. An dieser Adresse findet sich in Villach ein zweist\u00f6ckiges Haus. Eigent\u00fcmerin war Oraschs Lilihill Real Estate GmbH. Vor vier Wochen, am 28. Juni, unterschrieb Orasch den Wechsel der Eigent\u00fcmerschaft zur Hinterlegung beim Firmenbuch. Ein Kaufpreis ist bei beiden Gesellschaften in Firmenbuch-Unterlagen nicht zu finden. Gekauft haben die Gesellschaft je zur H\u00e4lfte wiederum die STH Privatstiftung bzw. die Steiner Immobilienverwaltung GmbH, beides Gesellschaften aus dem Umfeld Steiners. Der gekauften Gesellschaft geh\u00f6ren etwa 43 Prozent der Fl\u00e4chen des Geb\u00e4udes (Anteil 43046\/100000)<\/p>\n<p><\/p>\n<p><\/p>\n<figure class=\"wp-block-image aligncenter size-large is-resized\"><img data-recalc-dims=\"1\" loading=\"lazy\" decoding=\"async\" src=\"https:\/\/i0.wp.com\/www.mediapartizan.at\/wp-content\/uploads\/2024\/07\/Bildschirmfoto-2024-07-25-um-13.07.58.png?resize=608%2C413&#038;ssl=1\" alt=\"\" class=\"wp-image-9655\" width=\"608\" height=\"413\" srcset=\"https:\/\/i0.wp.com\/www.mediapartizan.at\/wp-content\/uploads\/2024\/07\/Bildschirmfoto-2024-07-25-um-13.07.58.png?resize=1024%2C697&amp;ssl=1 1024w, https:\/\/i0.wp.com\/www.mediapartizan.at\/wp-content\/uploads\/2024\/07\/Bildschirmfoto-2024-07-25-um-13.07.58.png?resize=300%2C204&amp;ssl=1 300w, https:\/\/i0.wp.com\/www.mediapartizan.at\/wp-content\/uploads\/2024\/07\/Bildschirmfoto-2024-07-25-um-13.07.58.png?resize=768%2C523&amp;ssl=1 768w, https:\/\/i0.wp.com\/www.mediapartizan.at\/wp-content\/uploads\/2024\/07\/Bildschirmfoto-2024-07-25-um-13.07.58.png?resize=1536%2C1046&amp;ssl=1 1536w, https:\/\/i0.wp.com\/www.mediapartizan.at\/wp-content\/uploads\/2024\/07\/Bildschirmfoto-2024-07-25-um-13.07.58.png?w=1792&amp;ssl=1 1792w\" sizes=\"auto, (max-width: 608px) 100vw, 608px\" \/><figcaption class=\"wp-element-caption\">Ossiacher Zeile 68 in Villach, (c) Google Earth<\/figcaption><\/figure>\n<p><\/p>\n<p><\/p>\n<p>Der letzte verf\u00fcgbare Jahresabschluss (2022) zeigt bei der Seenweg 3 &#8211; 5 GmbH ein negatives Eigenkapital von knapp 257.000 Euro. Bei der Ossiacherzeile 68 Immobilien GmbH (2022) eines von lauen 1500 Euro. Die B14 GmbH, die zu je 50 Prozent Hinteregger und der STH Privatstiftung zuzurechnen ist, hat ein Eigenkapital von 146.000 Euro (2023). Die Steiner Immobilienverwaltung GmbH eines von 802.000 Euro (2022).<\/p>\n<p><\/p>\n<p><\/p>\n<p><\/p>\n","protected":false},"excerpt":{"rendered":"<div class=\"mh-excerpt\"><p>Der ehemalige Flughafen-Investor Franz Peter Orasch gibt nach der Seenweg 3 &#8211; 5 GmbH nun eine weitere Gesellschaft ab. Die Firma besa\u00df Fl\u00e4chen an einem Villacher Geb\u00e4ude. <a class=\"mh-excerpt-more\" href=\"https:\/\/www.mediapartizan.at\/?p=9659\" title=\"Orasch verkauft weitere Gesellschaft\">[&#8230;]<\/a><\/p>\n<\/div>","protected":false},"author":2,"featured_media":9654,"comment_status":"open","ping_status":"open","sticky":false,"template":"","format":"standard","meta":{"inline_featured_image":false,"_jetpack_memberships_contains_paid_content":false,"footnotes":""},"categories":[473],"tags":[395,169,581,583,584,582,585],"class_list":{"0":"post-9659","1":"post","2":"type-post","3":"status-publish","4":"format-standard","5":"has-post-thumbnail","7":"category-villach","8":"tag-bernd-hinteregger","9":"tag-franz-peter-orasch","10":"tag-heltmut-steiner","11":"tag-ossiacherzeile-68-gmbh","12":"tag-rondo","13":"tag-seenweg-3-5-gmbh-2","14":"tag-sth-privatstiftung"},"yoast_head":"<!-- This site is optimized with the Yoast SEO plugin v20.10 - https:\/\/yoast.com\/wordpress\/plugins\/seo\/ -->\n<title>Orasch verkauft weitere Gesellschaft - Mediapartizan.at<\/title>\n<meta name=\"robots\" content=\"index, follow, max-snippet:-1, max-image-preview:large, max-video-preview:-1\" \/>\n<link rel=\"canonical\" href=\"https:\/\/www.mediapartizan.at\/?p=9659\" \/>\n<meta property=\"og:locale\" content=\"de_DE\" \/>\n<meta property=\"og:type\" content=\"article\" \/>\n<meta property=\"og:title\" content=\"Orasch verkauft weitere Gesellschaft - Mediapartizan.at\" \/>\n<meta property=\"og:description\" content=\"Der ehemalige Flughafen-Investor Franz Peter Orasch gibt nach der Seenweg 3 - 5 GmbH nun eine weitere Gesellschaft ab. Die Firma besa\u00df Fl\u00e4chen an einem Villacher Geb\u00e4ude. [...]\" \/>\n<meta property=\"og:url\" content=\"https:\/\/www.mediapartizan.at\/?p=9659\" \/>\n<meta property=\"og:site_name\" content=\"Mediapartizan.at\" \/>\n<meta property=\"article:published_time\" content=\"2024-07-25T16:02:18+00:00\" \/>\n<meta property=\"article:modified_time\" content=\"2024-07-25T16:02:22+00:00\" \/>\n<meta property=\"og:image\" content=\"https:\/\/www.mediapartizan.at\/wp-content\/uploads\/2024\/07\/Screenshot_20240725_141702.jpg\" \/>\n\t<meta property=\"og:image:width\" content=\"1600\" \/>\n\t<meta property=\"og:image:height\" content=\"720\" \/>\n\t<meta property=\"og:image:type\" content=\"image\/jpeg\" \/>\n<meta name=\"author\" content=\"Franz Miklautz\" \/>\n<meta name=\"twitter:card\" content=\"summary_large_image\" \/>\n<meta name=\"twitter:label1\" content=\"Verfasst von\" \/>\n\t<meta name=\"twitter:data1\" content=\"Franz Miklautz\" \/>\n\t<meta name=\"twitter:label2\" content=\"Gesch\u00e4tzte Lesezeit\" \/>\n\t<meta name=\"twitter:data2\" content=\"2\u00a0Minuten\" \/>\n<script type=\"application\/ld+json\" class=\"yoast-schema-graph\">{\"@context\":\"https:\/\/schema.org\",\"@graph\":[{\"@type\":\"WebPage\",\"@id\":\"https:\/\/www.mediapartizan.at\/?p=9659\",\"url\":\"https:\/\/www.mediapartizan.at\/?p=9659\",\"name\":\"Orasch verkauft weitere Gesellschaft - Mediapartizan.at\",\"isPartOf\":{\"@id\":\"https:\/\/www.mediapartizan.at\/#website\"},\"datePublished\":\"2024-07-25T16:02:18+00:00\",\"dateModified\":\"2024-07-25T16:02:22+00:00\",\"author\":{\"@id\":\"https:\/\/www.mediapartizan.at\/#\/schema\/person\/f6bd7eb8222f2fe985c78d08f17ed7a9\"},\"breadcrumb\":{\"@id\":\"https:\/\/www.mediapartizan.at\/?p=9659#breadcrumb\"},\"inLanguage\":\"de\",\"potentialAction\":[{\"@type\":\"ReadAction\",\"target\":[\"https:\/\/www.mediapartizan.at\/?p=9659\"]}]},{\"@type\":\"BreadcrumbList\",\"@id\":\"https:\/\/www.mediapartizan.at\/?p=9659#breadcrumb\",\"itemListElement\":[{\"@type\":\"ListItem\",\"position\":1,\"name\":\"Startseite\",\"item\":\"https:\/\/www.mediapartizan.at\/\"},{\"@type\":\"ListItem\",\"position\":2,\"name\":\"Orasch verkauft weitere Gesellschaft\"}]},{\"@type\":\"WebSite\",\"@id\":\"https:\/\/www.mediapartizan.at\/#website\",\"url\":\"https:\/\/www.mediapartizan.at\/\",\"name\":\"Mediapartizan.at\",\"description\":\"\",\"potentialAction\":[{\"@type\":\"SearchAction\",\"target\":{\"@type\":\"EntryPoint\",\"urlTemplate\":\"https:\/\/www.mediapartizan.at\/?s={search_term_string}\"},\"query-input\":\"required name=search_term_string\"}],\"inLanguage\":\"de\"},{\"@type\":\"Person\",\"@id\":\"https:\/\/www.mediapartizan.at\/#\/schema\/person\/f6bd7eb8222f2fe985c78d08f17ed7a9\",\"name\":\"Franz Miklautz\",\"image\":{\"@type\":\"ImageObject\",\"inLanguage\":\"de\",\"@id\":\"https:\/\/www.mediapartizan.at\/#\/schema\/person\/image\/\",\"url\":\"https:\/\/secure.gravatar.com\/avatar\/5618667e9a7ab3fa3e1a0c75987c8d0c111ad041167e738d67ac0846e54e195e?s=96&d=mm&r=g\",\"contentUrl\":\"https:\/\/secure.gravatar.com\/avatar\/5618667e9a7ab3fa3e1a0c75987c8d0c111ad041167e738d67ac0846e54e195e?s=96&d=mm&r=g\",\"caption\":\"Franz Miklautz\"},\"url\":\"https:\/\/www.mediapartizan.at\/?author=2\"}]}<\/script>\n<!-- \/ Yoast SEO plugin. -->","yoast_head_json":{"title":"Orasch verkauft weitere Gesellschaft - Mediapartizan.at","robots":{"index":"index","follow":"follow","max-snippet":"max-snippet:-1","max-image-preview":"max-image-preview:large","max-video-preview":"max-video-preview:-1"},"canonical":"https:\/\/www.mediapartizan.at\/?p=9659","og_locale":"de_DE","og_type":"article","og_title":"Orasch verkauft weitere Gesellschaft - Mediapartizan.at","og_description":"Der ehemalige Flughafen-Investor Franz Peter Orasch gibt nach der Seenweg 3 - 5 GmbH nun eine weitere Gesellschaft ab. Die Firma besa\u00df Fl\u00e4chen an einem Villacher Geb\u00e4ude. [...]","og_url":"https:\/\/www.mediapartizan.at\/?p=9659","og_site_name":"Mediapartizan.at","article_published_time":"2024-07-25T16:02:18+00:00","article_modified_time":"2024-07-25T16:02:22+00:00","og_image":[{"width":1600,"height":720,"url":"https:\/\/www.mediapartizan.at\/wp-content\/uploads\/2024\/07\/Screenshot_20240725_141702.jpg","type":"image\/jpeg"}],"author":"Franz Miklautz","twitter_card":"summary_large_image","twitter_misc":{"Verfasst von":"Franz Miklautz","Gesch\u00e4tzte Lesezeit":"2\u00a0Minuten"},"schema":{"@context":"https:\/\/schema.org","@graph":[{"@type":"WebPage","@id":"https:\/\/www.mediapartizan.at\/?p=9659","url":"https:\/\/www.mediapartizan.at\/?p=9659","name":"Orasch verkauft weitere Gesellschaft - Mediapartizan.at","isPartOf":{"@id":"https:\/\/www.mediapartizan.at\/#website"},"datePublished":"2024-07-25T16:02:18+00:00","dateModified":"2024-07-25T16:02:22+00:00","author":{"@id":"https:\/\/www.mediapartizan.at\/#\/schema\/person\/f6bd7eb8222f2fe985c78d08f17ed7a9"},"breadcrumb":{"@id":"https:\/\/www.mediapartizan.at\/?p=9659#breadcrumb"},"inLanguage":"de","potentialAction":[{"@type":"ReadAction","target":["https:\/\/www.mediapartizan.at\/?p=9659"]}]},{"@type":"BreadcrumbList","@id":"https:\/\/www.mediapartizan.at\/?p=9659#breadcrumb","itemListElement":[{"@type":"ListItem","position":1,"name":"Startseite","item":"https:\/\/www.mediapartizan.at\/"},{"@type":"ListItem","position":2,"name":"Orasch verkauft weitere Gesellschaft"}]},{"@type":"WebSite","@id":"https:\/\/www.mediapartizan.at\/#website","url":"https:\/\/www.mediapartizan.at\/","name":"Mediapartizan.at","description":"","potentialAction":[{"@type":"SearchAction","target":{"@type":"EntryPoint","urlTemplate":"https:\/\/www.mediapartizan.at\/?s={search_term_string}"},"query-input":"required name=search_term_string"}],"inLanguage":"de"},{"@type":"Person","@id":"https:\/\/www.mediapartizan.at\/#\/schema\/person\/f6bd7eb8222f2fe985c78d08f17ed7a9","name":"Franz Miklautz","image":{"@type":"ImageObject","inLanguage":"de","@id":"https:\/\/www.mediapartizan.at\/#\/schema\/person\/image\/","url":"https:\/\/secure.gravatar.com\/avatar\/5618667e9a7ab3fa3e1a0c75987c8d0c111ad041167e738d67ac0846e54e195e?s=96&d=mm&r=g","contentUrl":"https:\/\/secure.gravatar.com\/avatar\/5618667e9a7ab3fa3e1a0c75987c8d0c111ad041167e738d67ac0846e54e195e?s=96&d=mm&r=g","caption":"Franz Miklautz"},"url":"https:\/\/www.mediapartizan.at\/?author=2"}]}},"jetpack_featured_media_url":"https:\/\/i0.wp.com\/www.mediapartizan.at\/wp-content\/uploads\/2024\/07\/Screenshot_20240725_141702.jpg?fit=1600%2C720&ssl=1","jetpack_sharing_enabled":true,"_links":{"self":[{"href":"https:\/\/www.mediapartizan.at\/index.php?rest_route=\/wp\/v2\/posts\/9659","targetHints":{"allow":["GET"]}}],"collection":[{"href":"https:\/\/www.mediapartizan.at\/index.php?rest_route=\/wp\/v2\/posts"}],"about":[{"href":"https:\/\/www.mediapartizan.at\/index.php?rest_route=\/wp\/v2\/types\/post"}],"author":[{"embeddable":true,"href":"https:\/\/www.mediapartizan.at\/index.php?rest_route=\/wp\/v2\/users\/2"}],"replies":[{"embeddable":true,"href":"https:\/\/www.mediapartizan.at\/index.php?rest_route=%2Fwp%2Fv2%2Fcomments&post=9659"}],"version-history":[{"count":1,"href":"https:\/\/www.mediapartizan.at\/index.php?rest_route=\/wp\/v2\/posts\/9659\/revisions"}],"predecessor-version":[{"id":9660,"href":"https:\/\/www.mediapartizan.at\/index.php?rest_route=\/wp\/v2\/posts\/9659\/revisions\/9660"}],"wp:featuredmedia":[{"embeddable":true,"href":"https:\/\/www.mediapartizan.at\/index.php?rest_route=\/wp\/v2\/media\/9654"}],"wp:attachment":[{"href":"https:\/\/www.mediapartizan.at\/index.php?rest_route=%2Fwp%2Fv2%2Fmedia&parent=9659"}],"wp:term":[{"taxonomy":"category","embeddable":true,"href":"https:\/\/www.mediapartizan.at\/index.php?rest_route=%2Fwp%2Fv2%2Fcategories&post=9659"},{"taxonomy":"post_tag","embeddable":true,"href":"https:\/\/www.mediapartizan.at\/index.php?rest_route=%2Fwp%2Fv2%2Ftags&post=9659"}],"curies":[{"name":"wp","href":"https:\/\/api.w.org\/{rel}","templated":true}]}}