{"id":9663,"date":"2024-07-25T22:59:43","date_gmt":"2024-07-25T20:59:43","guid":{"rendered":"https:\/\/www.mediapartizan.at\/?p=9663"},"modified":"2024-07-26T07:14:10","modified_gmt":"2024-07-26T05:14:10","slug":"nie-im-amt-und-das-schon-seit-jahren-landtagsdirektor-robert-weiss-werden-2211-falsche-dienstzeitbuchungen-vorgeworfen","status":"publish","type":"post","link":"https:\/\/www.mediapartizan.at\/?p=9663","title":{"rendered":"&#8222;Nie im Amt und das schon seit Jahren&#8220;: Landtagsdirektor Robert Wei\u00df werden 2211 falsche Dienstzeitbuchungen vorgeworfen"},"content":{"rendered":"<p><\/p>\n<p>Wie Mediapartizan.at heute berichtete, <a href=\"https:\/\/www.mediapartizan.at\/?p=9649\" target=\"_blank\" rel=\"noreferrer noopener\">ist der K\u00e4rntner Landtagsdirektor Robert Wei\u00df mit einer Beschwerde gegen seine Suspendierung beim Landesverwaltungsgericht (LvwG) K\u00e4rnten abgeblitzt<\/a>. Wei\u00df ging rechtlich gegen seine im Mai von der Landesdisziplinarkommission ausgesprochene Suspendierung vor. Der Richter des LvwG Christoph Kienberger wies die Beschwerde jedoch ab. Eine ordentliche Revision an den Verwaltungsgerichtshof ist nicht m\u00f6glich. <\/p>\n<p><\/p>\n<p><\/p>\n<p><strong>Vorwurf: Seit 20 Jahren falsche Dienstzeitbuchungen<\/strong><\/p>\n<p><\/p>\n<p><\/p>\n<p>Die Personalabteilung in der K\u00e4rntner Landesregierung machte bei Wei\u00df insgesamt mutma\u00dfliche 2211 falsche Dienstzeitbuchungen aus. Der Vorwurf lautet, dass Wei\u00df seit 2003 Dienstwege ins Zeitsystem einbuche, die er tats\u00e4chlich nicht realisiert habe, sondern daf\u00fcr Freizeit konsumiert haben soll. Das ist noch nicht bewiesen, bisher befindet sich der Fall im Stadium von schwerwiegenden Vorw\u00fcrfen. Auch die Staatsanwaltschaft ermittelt wegen gewerbsm\u00e4\u00dfigen Betrugs. Es gilt die Unschuldsvermutung.<\/p>\n<p><\/p>\n<p><\/p>\n<p><strong>Belastendes E-Mail<\/strong><\/p>\n<p><\/p>\n<p><\/p>\n<p>Die Personalabteilung des Landes erstattete am 26. M\u00e4rz dieses Jahres Disziplinaranzeige und Anzeige bei der Staatsanwaltschaft. Das Land recherchierte nach einem anonymen Hinweis, dass Wei\u00df seine Dienstzeiten falsch eingebucht haben soll. Dieser anonyme Hinweis beinhaltete folgenden Vorwurf: Wei\u00df w\u00e4re &#8222;nie im Amt und das schon seit Jahren&#8220;. <\/p>\n<p><\/p>\n<p><\/p>\n<p>Wei\u00df best\u00e4tigt in einem E-Mail, dass er bei solchen Buchungen nicht immer einen Dienstweg gehabt habe. Allerdings f\u00fchrt er auch an, dass er rund um die Uhr erreichbar gewesen sei und auch im Urlaub und Krankenstand f\u00fcr das Landtagsamt arbeitete. Das best\u00e4tigte zumindest Landtagspr\u00e4sident Reinhart Rohr (SP\u00d6) in \u00f6ffentlichen Aussagen. Doch Wei\u00df nannte ein, wenn auch nicht ausschweifendes, \u00dcberstundenpauschale sein eigen. Er befand sich in der Dienstklasse VIII &#8211; die h\u00f6chste, die Neunerstufe, ist dem Landesamtsdirektor und seinem Stellvertreter vorbehalten. <\/p>\n<p><\/p>\n<p><\/p>\n<p><strong>Rohr ohne Diensthoheit \u00fcber Wei\u00df<\/strong><\/p>\n<p><\/p>\n<p><\/p>\n<p>Wei\u00df f\u00fchrt in seiner Beschwerde an, dass er und auch Rohr vor Ausspruch der Suspendierung von der Disziplinarkommission h\u00e4tten geh\u00f6rt werden m\u00fcssen. Dem erteilt das LvwG jedoch eine Absage, da es sich bis jetzt um ein Suspendierungsverfahren und noch kein Disziplinarverfahren handle. Au\u00dferdem habe Rohr keine Diensthoheit \u00fcber Wei\u00df, diese habe das Land K\u00e4rnten, weshalb die Suspendierung rechtens sei. <\/p>\n<p><\/p>\n<p><\/p>\n<p><strong>Gericht sieht Verdachtslage<\/strong><\/p>\n<p><\/p>\n<p><\/p>\n<p>Im Suspendierungsverfahren, so Arbeitsrecht-Juristen, m\u00fcsse noch nicht nachgewiesen werden, ob die behaupteten Dienstverfehlungen tats\u00e4chlich stattgefunden h\u00e4tten. Aber das LvwG hegt eine gewisse Verdachtslage gegen Wei\u00df. Dieser hatte gegen\u00fcber dem Gericht offenbar argumentiert, dass er als Landtagsdirektor nicht in ein Arbeitszeitkorsett hinein gezw\u00e4ngt werden k\u00f6nne. Das Gericht sah das allerdings etwas anders und urteilte, dass Zeitbuchungen wegen dieser Ansicht dennoch nicht ohne konkrete Dienstwege erfolgen k\u00f6nnten. Wei\u00df habe so in Kauf genommen, dass Dienstzeiten nicht richtig dargestellt w\u00fcrden. Er habe damit das Vertrauen der Allgemeinheit in die Wahrnehmung seines Jobs verletzt. Das Ansehen des Amtes sei damit zumindest gef\u00e4hrdet worden. Auch wenn Wei\u00df w\u00e4hrend seiner langj\u00e4hrigen T\u00e4tigkeit zahlreiche Belobigungen der Landtagspr\u00e4sidenten und Abgeordneten erhalten habe.<\/p>\n<p><\/p>\n<p><\/p>\n<p><strong>Suspendierung als Ma\u00dfnahme, um Vertrauen in \u00f6ffentliche Verwaltung zu erhalten<\/strong><\/p>\n<p><\/p>\n<p><\/p>\n<p>Das Gericht urteilte, dass die Suspendierung zur Aufrechterhaltung des Vertrauens der \u00d6ffentlichkeit in die Verwaltung diene. <\/p>\n<p><\/p>\n<p><\/p>\n<p><strong>Statement von Wei\u00df-Anwalt in K\u00fcrze<\/strong><\/p>\n<p><\/p>\n<p><\/p>\n<p>Der Anwalt von Wei\u00df, Michael Dietrich von der Grazer Kanzlei Klein, Wuntschek &amp; Partner, die auch Ex-Magistrats-Chef Peter Jost gegen die Stadt Klagenfurt vertritt, hatte heute Nachmittag gegen\u00fcber Mediapartizan.at erkl\u00e4rt, dass es in K\u00fcrze ein Statement zum Urteil geben soll. <\/p>\n<p><\/p>\n<p><\/p>\n<p><\/p>\n<p><\/p>\n<p><\/p>\n<p><\/p>\n<p><\/p>\n<p><\/p>\n<p><\/p>\n","protected":false},"excerpt":{"rendered":"<div class=\"mh-excerpt\"><p>&#8222;Nie im Amt und das schon seit Jahren&#8220; &#8211; anonymer Hinweis brachte Suspendierungsverfahren gegen Landtagsdirektor Robert Wei\u00df ins Laufen. Landesverwaltungsgericht lie\u00df Wei\u00df heute mit Beschwerde abblitzen. Mediapartizan.at ver\u00f6ffentlicht die Details des Urteilsspruchs.  <a class=\"mh-excerpt-more\" href=\"https:\/\/www.mediapartizan.at\/?p=9663\" title=\"&#8222;Nie im Amt und das schon seit Jahren&#8220;: Landtagsdirektor Robert Wei\u00df werden 2211 falsche Dienstzeitbuchungen vorgeworfen\">[&#8230;]<\/a><\/p>\n<\/div>","protected":false},"author":2,"featured_media":9547,"comment_status":"open","ping_status":"open","sticky":false,"template":"","format":"standard","meta":{"inline_featured_image":false,"_jetpack_memberships_contains_paid_content":false,"footnotes":""},"categories":[218],"tags":[587,567,576],"class_list":{"0":"post-9663","1":"post","2":"type-post","3":"status-publish","4":"format-standard","5":"has-post-thumbnail","7":"category-land-kaernten","8":"tag-dienstgaenge","9":"tag-landtagsdirektor","10":"tag-suspendierung"},"yoast_head":"<!-- This site is optimized with the Yoast SEO plugin v20.10 - https:\/\/yoast.com\/wordpress\/plugins\/seo\/ -->\n<title>&quot;Nie im Amt und das schon seit Jahren&quot;: Landtagsdirektor Robert Wei\u00df werden 2211 falsche Dienstzeitbuchungen vorgeworfen - Mediapartizan.at<\/title>\n<meta name=\"robots\" content=\"index, follow, max-snippet:-1, max-image-preview:large, max-video-preview:-1\" \/>\n<link rel=\"canonical\" href=\"https:\/\/www.mediapartizan.at\/?p=9663\" \/>\n<meta property=\"og:locale\" content=\"de_DE\" \/>\n<meta property=\"og:type\" content=\"article\" \/>\n<meta property=\"og:title\" content=\"&quot;Nie im Amt und das schon seit Jahren&quot;: Landtagsdirektor Robert Wei\u00df werden 2211 falsche Dienstzeitbuchungen vorgeworfen - Mediapartizan.at\" \/>\n<meta property=\"og:description\" content=\"&quot;Nie im Amt und das schon seit Jahren&quot; - anonymer Hinweis brachte Suspendierungsverfahren gegen Landtagsdirektor Robert Wei\u00df ins Laufen. Landesverwaltungsgericht lie\u00df Wei\u00df heute mit Beschwerde abblitzen. Mediapartizan.at ver\u00f6ffentlicht die Details des Urteilsspruchs. [...]\" \/>\n<meta property=\"og:url\" content=\"https:\/\/www.mediapartizan.at\/?p=9663\" \/>\n<meta property=\"og:site_name\" content=\"Mediapartizan.at\" \/>\n<meta property=\"article:published_time\" content=\"2024-07-25T20:59:43+00:00\" \/>\n<meta property=\"article:modified_time\" content=\"2024-07-26T05:14:10+00:00\" \/>\n<meta property=\"og:image\" content=\"https:\/\/www.mediapartizan.at\/wp-content\/uploads\/2024\/07\/Bildschirmfoto-2024-07-05-um-10.39.45-1024x683.png\" \/>\n\t<meta property=\"og:image:width\" content=\"1024\" \/>\n\t<meta property=\"og:image:height\" content=\"683\" \/>\n\t<meta property=\"og:image:type\" content=\"image\/png\" \/>\n<meta name=\"author\" content=\"Franz Miklautz\" \/>\n<meta name=\"twitter:card\" content=\"summary_large_image\" \/>\n<meta name=\"twitter:label1\" content=\"Verfasst von\" \/>\n\t<meta name=\"twitter:data1\" content=\"Franz Miklautz\" \/>\n\t<meta name=\"twitter:label2\" content=\"Gesch\u00e4tzte Lesezeit\" \/>\n\t<meta name=\"twitter:data2\" content=\"3\u00a0Minuten\" \/>\n<script type=\"application\/ld+json\" class=\"yoast-schema-graph\">{\"@context\":\"https:\/\/schema.org\",\"@graph\":[{\"@type\":\"WebPage\",\"@id\":\"https:\/\/www.mediapartizan.at\/?p=9663\",\"url\":\"https:\/\/www.mediapartizan.at\/?p=9663\",\"name\":\"\\\"Nie im Amt und das schon seit Jahren\\\": Landtagsdirektor Robert Wei\u00df werden 2211 falsche Dienstzeitbuchungen vorgeworfen - Mediapartizan.at\",\"isPartOf\":{\"@id\":\"https:\/\/www.mediapartizan.at\/#website\"},\"datePublished\":\"2024-07-25T20:59:43+00:00\",\"dateModified\":\"2024-07-26T05:14:10+00:00\",\"author\":{\"@id\":\"https:\/\/www.mediapartizan.at\/#\/schema\/person\/f6bd7eb8222f2fe985c78d08f17ed7a9\"},\"breadcrumb\":{\"@id\":\"https:\/\/www.mediapartizan.at\/?p=9663#breadcrumb\"},\"inLanguage\":\"de\",\"potentialAction\":[{\"@type\":\"ReadAction\",\"target\":[\"https:\/\/www.mediapartizan.at\/?p=9663\"]}]},{\"@type\":\"BreadcrumbList\",\"@id\":\"https:\/\/www.mediapartizan.at\/?p=9663#breadcrumb\",\"itemListElement\":[{\"@type\":\"ListItem\",\"position\":1,\"name\":\"Startseite\",\"item\":\"https:\/\/www.mediapartizan.at\/\"},{\"@type\":\"ListItem\",\"position\":2,\"name\":\"&#8222;Nie im Amt und das schon seit Jahren&#8220;: Landtagsdirektor Robert Wei\u00df werden 2211 falsche Dienstzeitbuchungen vorgeworfen\"}]},{\"@type\":\"WebSite\",\"@id\":\"https:\/\/www.mediapartizan.at\/#website\",\"url\":\"https:\/\/www.mediapartizan.at\/\",\"name\":\"Mediapartizan.at\",\"description\":\"\",\"potentialAction\":[{\"@type\":\"SearchAction\",\"target\":{\"@type\":\"EntryPoint\",\"urlTemplate\":\"https:\/\/www.mediapartizan.at\/?s={search_term_string}\"},\"query-input\":\"required name=search_term_string\"}],\"inLanguage\":\"de\"},{\"@type\":\"Person\",\"@id\":\"https:\/\/www.mediapartizan.at\/#\/schema\/person\/f6bd7eb8222f2fe985c78d08f17ed7a9\",\"name\":\"Franz Miklautz\",\"image\":{\"@type\":\"ImageObject\",\"inLanguage\":\"de\",\"@id\":\"https:\/\/www.mediapartizan.at\/#\/schema\/person\/image\/\",\"url\":\"https:\/\/secure.gravatar.com\/avatar\/5618667e9a7ab3fa3e1a0c75987c8d0c111ad041167e738d67ac0846e54e195e?s=96&d=mm&r=g\",\"contentUrl\":\"https:\/\/secure.gravatar.com\/avatar\/5618667e9a7ab3fa3e1a0c75987c8d0c111ad041167e738d67ac0846e54e195e?s=96&d=mm&r=g\",\"caption\":\"Franz Miklautz\"},\"url\":\"https:\/\/www.mediapartizan.at\/?author=2\"}]}<\/script>\n<!-- \/ Yoast SEO plugin. -->","yoast_head_json":{"title":"\"Nie im Amt und das schon seit Jahren\": Landtagsdirektor Robert Wei\u00df werden 2211 falsche Dienstzeitbuchungen vorgeworfen - Mediapartizan.at","robots":{"index":"index","follow":"follow","max-snippet":"max-snippet:-1","max-image-preview":"max-image-preview:large","max-video-preview":"max-video-preview:-1"},"canonical":"https:\/\/www.mediapartizan.at\/?p=9663","og_locale":"de_DE","og_type":"article","og_title":"\"Nie im Amt und das schon seit Jahren\": Landtagsdirektor Robert Wei\u00df werden 2211 falsche Dienstzeitbuchungen vorgeworfen - Mediapartizan.at","og_description":"\"Nie im Amt und das schon seit Jahren\" - anonymer Hinweis brachte Suspendierungsverfahren gegen Landtagsdirektor Robert Wei\u00df ins Laufen. Landesverwaltungsgericht lie\u00df Wei\u00df heute mit Beschwerde abblitzen. Mediapartizan.at ver\u00f6ffentlicht die Details des Urteilsspruchs. [...]","og_url":"https:\/\/www.mediapartizan.at\/?p=9663","og_site_name":"Mediapartizan.at","article_published_time":"2024-07-25T20:59:43+00:00","article_modified_time":"2024-07-26T05:14:10+00:00","og_image":[{"width":1024,"height":683,"url":"https:\/\/www.mediapartizan.at\/wp-content\/uploads\/2024\/07\/Bildschirmfoto-2024-07-05-um-10.39.45-1024x683.png","type":"image\/png"}],"author":"Franz Miklautz","twitter_card":"summary_large_image","twitter_misc":{"Verfasst von":"Franz Miklautz","Gesch\u00e4tzte Lesezeit":"3\u00a0Minuten"},"schema":{"@context":"https:\/\/schema.org","@graph":[{"@type":"WebPage","@id":"https:\/\/www.mediapartizan.at\/?p=9663","url":"https:\/\/www.mediapartizan.at\/?p=9663","name":"\"Nie im Amt und das schon seit Jahren\": Landtagsdirektor Robert Wei\u00df werden 2211 falsche Dienstzeitbuchungen vorgeworfen - Mediapartizan.at","isPartOf":{"@id":"https:\/\/www.mediapartizan.at\/#website"},"datePublished":"2024-07-25T20:59:43+00:00","dateModified":"2024-07-26T05:14:10+00:00","author":{"@id":"https:\/\/www.mediapartizan.at\/#\/schema\/person\/f6bd7eb8222f2fe985c78d08f17ed7a9"},"breadcrumb":{"@id":"https:\/\/www.mediapartizan.at\/?p=9663#breadcrumb"},"inLanguage":"de","potentialAction":[{"@type":"ReadAction","target":["https:\/\/www.mediapartizan.at\/?p=9663"]}]},{"@type":"BreadcrumbList","@id":"https:\/\/www.mediapartizan.at\/?p=9663#breadcrumb","itemListElement":[{"@type":"ListItem","position":1,"name":"Startseite","item":"https:\/\/www.mediapartizan.at\/"},{"@type":"ListItem","position":2,"name":"&#8222;Nie im Amt und das schon seit Jahren&#8220;: Landtagsdirektor Robert Wei\u00df werden 2211 falsche Dienstzeitbuchungen vorgeworfen"}]},{"@type":"WebSite","@id":"https:\/\/www.mediapartizan.at\/#website","url":"https:\/\/www.mediapartizan.at\/","name":"Mediapartizan.at","description":"","potentialAction":[{"@type":"SearchAction","target":{"@type":"EntryPoint","urlTemplate":"https:\/\/www.mediapartizan.at\/?s={search_term_string}"},"query-input":"required name=search_term_string"}],"inLanguage":"de"},{"@type":"Person","@id":"https:\/\/www.mediapartizan.at\/#\/schema\/person\/f6bd7eb8222f2fe985c78d08f17ed7a9","name":"Franz Miklautz","image":{"@type":"ImageObject","inLanguage":"de","@id":"https:\/\/www.mediapartizan.at\/#\/schema\/person\/image\/","url":"https:\/\/secure.gravatar.com\/avatar\/5618667e9a7ab3fa3e1a0c75987c8d0c111ad041167e738d67ac0846e54e195e?s=96&d=mm&r=g","contentUrl":"https:\/\/secure.gravatar.com\/avatar\/5618667e9a7ab3fa3e1a0c75987c8d0c111ad041167e738d67ac0846e54e195e?s=96&d=mm&r=g","caption":"Franz Miklautz"},"url":"https:\/\/www.mediapartizan.at\/?author=2"}]}},"jetpack_featured_media_url":"https:\/\/i0.wp.com\/www.mediapartizan.at\/wp-content\/uploads\/2024\/07\/Bildschirmfoto-2024-07-05-um-10.39.45.png?fit=1356%2C904&ssl=1","jetpack_sharing_enabled":true,"_links":{"self":[{"href":"https:\/\/www.mediapartizan.at\/index.php?rest_route=\/wp\/v2\/posts\/9663","targetHints":{"allow":["GET"]}}],"collection":[{"href":"https:\/\/www.mediapartizan.at\/index.php?rest_route=\/wp\/v2\/posts"}],"about":[{"href":"https:\/\/www.mediapartizan.at\/index.php?rest_route=\/wp\/v2\/types\/post"}],"author":[{"embeddable":true,"href":"https:\/\/www.mediapartizan.at\/index.php?rest_route=\/wp\/v2\/users\/2"}],"replies":[{"embeddable":true,"href":"https:\/\/www.mediapartizan.at\/index.php?rest_route=%2Fwp%2Fv2%2Fcomments&post=9663"}],"version-history":[{"count":2,"href":"https:\/\/www.mediapartizan.at\/index.php?rest_route=\/wp\/v2\/posts\/9663\/revisions"}],"predecessor-version":[{"id":9665,"href":"https:\/\/www.mediapartizan.at\/index.php?rest_route=\/wp\/v2\/posts\/9663\/revisions\/9665"}],"wp:featuredmedia":[{"embeddable":true,"href":"https:\/\/www.mediapartizan.at\/index.php?rest_route=\/wp\/v2\/media\/9547"}],"wp:attachment":[{"href":"https:\/\/www.mediapartizan.at\/index.php?rest_route=%2Fwp%2Fv2%2Fmedia&parent=9663"}],"wp:term":[{"taxonomy":"category","embeddable":true,"href":"https:\/\/www.mediapartizan.at\/index.php?rest_route=%2Fwp%2Fv2%2Fcategories&post=9663"},{"taxonomy":"post_tag","embeddable":true,"href":"https:\/\/www.mediapartizan.at\/index.php?rest_route=%2Fwp%2Fv2%2Ftags&post=9663"}],"curies":[{"name":"wp","href":"https:\/\/api.w.org\/{rel}","templated":true}]}}