{"id":975,"date":"2020-04-22T11:42:12","date_gmt":"2020-04-22T09:42:12","guid":{"rendered":"https:\/\/www.mediapartizan.at\/?p=975"},"modified":"2022-08-16T05:24:24","modified_gmt":"2022-08-16T03:24:24","slug":"der-general-anwalt","status":"publish","type":"post","link":"https:\/\/www.mediapartizan.at\/?p=975","title":{"rendered":"Der &#8222;General&#8220;-Anwalt"},"content":{"rendered":"<p><\/p>\n<figure class=\"wp-block-image size-large is-resized\"><img data-recalc-dims=\"1\" loading=\"lazy\" decoding=\"async\" src=\"https:\/\/i0.wp.com\/www.mediapartizan.at\/wp-content\/uploads\/2020\/04\/Vorstand-MW.jpg?resize=745%2C252&#038;ssl=1\" alt=\"\" class=\"wp-image-985\" width=\"745\" height=\"252\" srcset=\"https:\/\/i0.wp.com\/www.mediapartizan.at\/wp-content\/uploads\/2020\/04\/Vorstand-MW.jpg?w=949&amp;ssl=1 949w, https:\/\/i0.wp.com\/www.mediapartizan.at\/wp-content\/uploads\/2020\/04\/Vorstand-MW.jpg?resize=300%2C101&amp;ssl=1 300w, https:\/\/i0.wp.com\/www.mediapartizan.at\/wp-content\/uploads\/2020\/04\/Vorstand-MW.jpg?resize=768%2C260&amp;ssl=1 768w\" sizes=\"auto, (max-width: 745px) 100vw, 745px\" \/><\/figure>\n<p><\/p>\n<p><\/p>\n<p><\/p>\n<p><\/p>\n<p><\/p>\n<p><\/p>\n<p style=\"font-size:17px\"><strong>Verkauf der Benediktinerschule, \u00dcbernahme der Rohrergr\u00fcnde, Suche nach einem Innovationspartner f\u00fcr das Hallenbad: Der Rechtsanwalt Martin Wiedenbauer ist vielbesch\u00e4ftigter Jurist im Auftrag der Stadt Klagenfurt. Jetzt aufgetauchte Dokumente zeigen, dass er auch f\u00fcr den Stadtwerke-Vorstand vorgesehen war &#8211; und zwar viel konkreter als bisher bekannt. Mit &#8222;exklusivem&#8220; Vertragsentwurf.<\/strong><\/p>\n<p><\/p>\n<p><\/p>\n<p>Im Oktober 2015 wird Christian Peham unsanft aus seinem Vorstandssessel bei den Stadtwerken Klagenfurt (STW) gerissen. Der Manager war bei B\u00fcrgermeisterin Maria-Luise Mathiaschitz (SP\u00d6) in Ungnade gefallen, weil er die Rutsche im Hallenbad sperren lassen und die Fernw\u00e4rmepreise erh\u00f6hen wollte. Peham klagt gegen den Rausschmiss. Das Gericht gibt ihm Recht. Folge: Der Vergleich kostet die STW 718.151 Euro. Nebstbei ist Peham rehabilitiert.<\/p>\n<p><\/p>\n<p><\/p>\n<p>Durch die Abberufung Pehams avanciert Romed Karr\u00e9, damals Vorstandsvorsitzender, zum Alleinvorstand. In einem Aufsichtsratsprotokoll vom Fr\u00fchjahr 2016 deutet der damalige Vorsitzende Walter Groier etwas kryptisch \u201eF\u00fchrungsprobleme\u201c an. Dabei d\u00fcrfte es sich haupts\u00e4chlich um Karr\u00e9s Weigerung gehandelt haben, den Hallenbad-Abgang von 1,2 Millionen Euro zu schlucken. Den Abgang nicht als Forderung gegen\u00fcber der Stadt in die Bilanz einzustellen, sei eine verbotene Einlagenr\u00fcckgew\u00e4hr, kritisiert Karr\u00e9. Und wehrt sich. Es ist Feuer am Dach. Im erw\u00e4hnten Protokoll wird Groier in Folge so zitiert: \u201eDas Thema Hallenbad (\u2026) und die Nichtanerkennung von Karr\u00e9 in Bezug auf die Einlagenr\u00fcckgew\u00e4hr ist sicherlich eines der Themen die ihn (Groier, Anm.) veranlasst haben, einen interimsm\u00e4\u00dfigen Vorstand zu installieren.\u201c: Und hier kommt der Rechtsanwalt Martin Wiedenbauer ins Spiel.<\/p>\n<p><\/p>\n<p><\/p>\n<p>&#8222;<strong>Exklusive&#8220; Goodies<\/strong><\/p>\n<p><\/p>\n<p><\/p>\n<p>Wiedenbauer ist zu diesem Zeitpunkt bereits seit mehr als zehn Jahren f\u00fcr die STW t\u00e4tig. Als Rechtsanwalt. Laut Einkaufsstatistik der STW werden er bzw. seine Kanzlei vom Energieversorger gut gebucht. Die Kanzlei hat eine eigene Lieferanten-Nummer.<\/p>\n<p><\/p>\n<p><\/p>\n<p>Nun ist die Idee, Wiedenbauer neben Karr\u00e9 zum Vorstand zu machen. Einen Vertragsentwurf gibt es bereits. Und der enth\u00e4lt ein paar \u201eexklusive Goodies\u201c. Die geplante Bestellung Wiedenbauers wird darin als \u201einterimistisch\u201c und mit \u201e30.6.2016\u201c begrenzt angegeben. Das Vier-Seiten-Papier mit der \u00dcberschrift \u201eManagementbereitstellungs-Vertrag\u201c sieht aber nicht etwa Wiedenbauer selbst als Vertragspartner der STW vor, sondern vielmehr dessen Kanzlei WMWP. Man will sich Wiedenbauer quasi bei seiner Kanzlei ausleihen.<\/p>\n<p><\/p>\n<p><\/p>\n<p><strong>10.000 Euro pro Monat<\/strong><\/p>\n<p><\/p>\n<p><\/p>\n<p>Der Vertragsentwurf beinhaltet auch die monatlich zu zahlende Apanage an die WMWP: \u201eEUR 10.000,&#8211; zuz\u00fcglich USt.\u201c sollen die STW \u00fcberweisen. Der Kanzlei wird in dem \u2013 am Ende nicht unterfertigten \u2013 Entwurf zudem zugestanden, im Falle der Bestellung Wiedenbauers weiterhin beratend f\u00fcr die STW t\u00e4tig sein <em>und<\/em> von Wiedenbauer selbst beauftragt werden zu d\u00fcrfen: \u201eBeratungsleistungen und sonstige Leistungen von WMWP f\u00fcr die Gesellschaft (STW, Anm.), zu deren Auftragserteilung MW berechtigt ist, werden gesondert vereinbart und sind nicht von dieser Vereinbarung erfasst.\u201c Das K\u00fcrzel \u201eMW\u201c steht f\u00fcr Martin Wiedenbauer.<\/p>\n<p><\/p>\n<p><\/p>\n<figure class=\"wp-block-image size-large\"><img data-recalc-dims=\"1\" loading=\"lazy\" decoding=\"async\" width=\"1024\" height=\"310\" src=\"https:\/\/i0.wp.com\/www.mediapartizan.at\/wp-content\/uploads\/2020\/04\/MW-Entgelt-1024x310.png?resize=1024%2C310&#038;ssl=1\" alt=\"\" class=\"wp-image-980\" srcset=\"https:\/\/i0.wp.com\/www.mediapartizan.at\/wp-content\/uploads\/2020\/04\/MW-Entgelt.png?resize=1024%2C310&amp;ssl=1 1024w, https:\/\/i0.wp.com\/www.mediapartizan.at\/wp-content\/uploads\/2020\/04\/MW-Entgelt.png?resize=300%2C91&amp;ssl=1 300w, https:\/\/i0.wp.com\/www.mediapartizan.at\/wp-content\/uploads\/2020\/04\/MW-Entgelt.png?resize=768%2C233&amp;ssl=1 768w, https:\/\/i0.wp.com\/www.mediapartizan.at\/wp-content\/uploads\/2020\/04\/MW-Entgelt.png?w=1512&amp;ssl=1 1512w\" sizes=\"auto, (max-width: 1000px) 100vw, 1000px\" \/><\/figure>\n<p><\/p>\n<p><\/p>\n<figure class=\"wp-block-image size-large\"><img data-recalc-dims=\"1\" loading=\"lazy\" decoding=\"async\" width=\"1024\" height=\"225\" src=\"https:\/\/i0.wp.com\/www.mediapartizan.at\/wp-content\/uploads\/2020\/04\/MW-weiterhin-RA.png?resize=1024%2C225&#038;ssl=1\" alt=\"\" class=\"wp-image-982\" srcset=\"https:\/\/i0.wp.com\/www.mediapartizan.at\/wp-content\/uploads\/2020\/04\/MW-weiterhin-RA.png?resize=1024%2C225&amp;ssl=1 1024w, https:\/\/i0.wp.com\/www.mediapartizan.at\/wp-content\/uploads\/2020\/04\/MW-weiterhin-RA.png?resize=300%2C66&amp;ssl=1 300w, https:\/\/i0.wp.com\/www.mediapartizan.at\/wp-content\/uploads\/2020\/04\/MW-weiterhin-RA.png?resize=768%2C169&amp;ssl=1 768w, https:\/\/i0.wp.com\/www.mediapartizan.at\/wp-content\/uploads\/2020\/04\/MW-weiterhin-RA.png?w=1518&amp;ssl=1 1518w\" sizes=\"auto, (max-width: 1000px) 100vw, 1000px\" \/><\/figure>\n<p><\/p>\n<p><\/p>\n<figure class=\"wp-block-image size-large\"><img data-recalc-dims=\"1\" loading=\"lazy\" decoding=\"async\" width=\"1024\" height=\"218\" src=\"https:\/\/i0.wp.com\/www.mediapartizan.at\/wp-content\/uploads\/2020\/04\/MW-zu-Auftragsleistungen-berechtigt_extra-verrechnet.png?resize=1024%2C218&#038;ssl=1\" alt=\"\" class=\"wp-image-983\" srcset=\"https:\/\/i0.wp.com\/www.mediapartizan.at\/wp-content\/uploads\/2020\/04\/MW-zu-Auftragsleistungen-berechtigt_extra-verrechnet.png?resize=1024%2C218&amp;ssl=1 1024w, https:\/\/i0.wp.com\/www.mediapartizan.at\/wp-content\/uploads\/2020\/04\/MW-zu-Auftragsleistungen-berechtigt_extra-verrechnet.png?resize=300%2C64&amp;ssl=1 300w, https:\/\/i0.wp.com\/www.mediapartizan.at\/wp-content\/uploads\/2020\/04\/MW-zu-Auftragsleistungen-berechtigt_extra-verrechnet.png?resize=768%2C164&amp;ssl=1 768w, https:\/\/i0.wp.com\/www.mediapartizan.at\/wp-content\/uploads\/2020\/04\/MW-zu-Auftragsleistungen-berechtigt_extra-verrechnet.png?resize=1536%2C327&amp;ssl=1 1536w, https:\/\/i0.wp.com\/www.mediapartizan.at\/wp-content\/uploads\/2020\/04\/MW-zu-Auftragsleistungen-berechtigt_extra-verrechnet.png?w=1550&amp;ssl=1 1550w\" sizes=\"auto, (max-width: 1000px) 100vw, 1000px\" \/><\/figure>\n<p><\/p>\n<p><\/p>\n<p>Eine Verantwortung f\u00fcr Sch\u00e4den, die aus Handlungen Wiedenbauers als STW-Vorstand h\u00e4tten erwachsen k\u00f6nnen, will die Kanzlei allerdings nicht \u00fcbernehmen: \u201eWMWP \u00fcbernimmt (&#8230;) keinerlei Haftung f\u00fcr Sch\u00e4den, die der Gesellschaft, einem Aktion\u00e4r, einem Organmandat oder einem Dritten durch die T\u00e4tigkeit von MW als Vorstandsmitglied der Gesellschaft entstehen.\u201c Daf\u00fcr h\u00e4tte Wiedenbauer vermutlich selber gerade stehen m\u00fcssen. Ob der Jurist zu diesem Zeitpunkt \u00fcber Erfahrung in der F\u00fchrung von Energieversorgungskonzernen verf\u00fcgte, ist fraglich. Seinem Lebenslauf ist einschl\u00e4giges Know how jedenfalls nicht zu entnehmen.<\/p>\n<p><\/p>\n<p><\/p>\n<p><strong>Teilzeit-Vorstand? <\/strong><\/p>\n<p><\/p>\n<p><\/p>\n<p>Offenbar ist der Verfasser des Entwurfs davon ausgegangen, dass bei der Arbeit als STW-Vorstand noch genug Zeit \u00fcbrig bliebe, damit \u201eMW weiterhin als Rechtsanwalt f\u00fcr WMWP t\u00e4tig sein\u201c kann. Dies selbstredend nur \u201eunter Ber\u00fccksichtigung (\u2026), dass MW der Gesellschaft in dem im Hinblick auf die \u00fcbernommenen T\u00e4tigkeiten erforderlichen Ausma\u00df zur Verf\u00fcgung steht. Der Umfang der T\u00e4tigkeiten von MW richtet sich nach dem konkreten Bedarf der Gesellschaft. MW ist hinsichtlich der Zeiteinteilung und des Orts der T\u00e4tigkeit berechtigt, dar\u00fcber frei zu entscheiden.\u201c<\/p>\n<p><\/p>\n<p><\/p>\n<p>Doch am Ende kommt es nicht zum Abschluss. Denn der Wind dreht sich. Aufsichtsratsvorsitzender Groier bl\u00e4st die Bestellung ab. Offenbar war kein politischer Konsens zu erreichen: \u201eGegen die Person Wiedenbauer haben sich (&#8230;) Widerst\u00e4nde gebildet\u201c, erkl\u00e4rt Groier. Es sei die Frage, \u201eob die Besetzung mit Wiedenbauer den Aufwand wirklich lohnt, oder mehr Schaden verursacht, als es f\u00fcr das Unternehmen gut w\u00e4re\u201c.<\/p>\n<p><\/p>\n<p><\/p>\n<p>Groier schlie\u00dft damit, dass man \u201eordentliche Wogen in den Medien und im Unternehmen\u201c zu bef\u00fcrchten gehabt h\u00e4tte.<\/p>\n<p><\/p>\n<p><\/p>\n<p>Eine schriftliche Anfrage um Stellungnahme blieb von Martin Wiedenbauer unbeantwortet.<\/p>\n<p><\/p>\n<p><\/p>\n<p>***<\/p>\n<p><\/p>\n<p><\/p>\n<p><a href=\"https:\/\/www.mediapartizan.at\/?p=992\">Lesen Sie weiter: &#8222;Codename MW&#8220;: Wie Wiedenbauer politisch zu &#8222;hei\u00df&#8220; wurde<\/a><\/p>\n<p><\/p>\n<p><\/p>\n<p><\/p>\n","protected":false},"excerpt":{"rendered":"<div class=\"mh-excerpt\"><p>Verkauf der Benediktinerschule, \u00dcbernahme der Rohrergr\u00fcnde, Suche nach einem Innovationspartner f\u00fcr das Hallenbad: Der Rechtsanwalt Martin Wiedenbauer ist vielbesch\u00e4ftigter Jurist im Auftrag der Stadt Klagenfurt. Jetzt aufgetauchte Dokumente zeigen, dass er auch f\u00fcr den Stadtwerke-Vorstand <a class=\"mh-excerpt-more\" href=\"https:\/\/www.mediapartizan.at\/?p=975\" title=\"Der &#8222;General&#8220;-Anwalt\">[&#8230;]<\/a><\/p>\n<\/div>","protected":false},"author":2,"featured_media":985,"comment_status":"open","ping_status":"open","sticky":false,"template":"","format":"standard","meta":{"inline_featured_image":false,"_jetpack_memberships_contains_paid_content":false,"footnotes":""},"categories":[107],"tags":[99,89,98,79,110,109,94,108],"class_list":{"0":"post-975","1":"post","2":"type-post","3":"status-publish","4":"format-standard","5":"has-post-thumbnail","7":"category-projekt-stadtwerke-klagenfurt-2","8":"tag-christian-peham","9":"tag-martin-wiedenbauer","10":"tag-romed-karre","11":"tag-stadtwerke-klagenfurt","12":"tag-vorstand","13":"tag-vorstandskandidat","14":"tag-walter-groier","15":"tag-wmwp"},"yoast_head":"<!-- This site is optimized with the Yoast SEO plugin v20.10 - https:\/\/yoast.com\/wordpress\/plugins\/seo\/ -->\n<title>Der &quot;General&quot;-Anwalt - Mediapartizan.at<\/title>\n<meta name=\"robots\" content=\"index, follow, max-snippet:-1, max-image-preview:large, max-video-preview:-1\" \/>\n<link rel=\"canonical\" href=\"https:\/\/www.mediapartizan.at\/?p=975\" \/>\n<meta property=\"og:locale\" content=\"de_DE\" \/>\n<meta property=\"og:type\" content=\"article\" \/>\n<meta property=\"og:title\" content=\"Der &quot;General&quot;-Anwalt - Mediapartizan.at\" \/>\n<meta property=\"og:description\" content=\"Verkauf der Benediktinerschule, \u00dcbernahme der Rohrergr\u00fcnde, Suche nach einem Innovationspartner f\u00fcr das Hallenbad: Der Rechtsanwalt Martin Wiedenbauer ist vielbesch\u00e4ftigter Jurist im Auftrag der Stadt Klagenfurt. Jetzt aufgetauchte Dokumente zeigen, dass er auch f\u00fcr den Stadtwerke-Vorstand [...]\" \/>\n<meta property=\"og:url\" content=\"https:\/\/www.mediapartizan.at\/?p=975\" \/>\n<meta property=\"og:site_name\" content=\"Mediapartizan.at\" \/>\n<meta property=\"article:published_time\" content=\"2020-04-22T09:42:12+00:00\" \/>\n<meta property=\"article:modified_time\" content=\"2022-08-16T03:24:24+00:00\" \/>\n<meta property=\"og:image\" content=\"https:\/\/www.mediapartizan.at\/wp-content\/uploads\/2020\/04\/Vorstand-MW.jpg\" \/>\n\t<meta property=\"og:image:width\" content=\"949\" \/>\n\t<meta property=\"og:image:height\" content=\"321\" \/>\n\t<meta property=\"og:image:type\" content=\"image\/jpeg\" \/>\n<meta name=\"author\" content=\"Franz Miklautz\" \/>\n<meta name=\"twitter:card\" content=\"summary_large_image\" \/>\n<meta name=\"twitter:label1\" content=\"Verfasst von\" \/>\n\t<meta name=\"twitter:data1\" content=\"Franz Miklautz\" \/>\n\t<meta name=\"twitter:label2\" content=\"Gesch\u00e4tzte Lesezeit\" \/>\n\t<meta name=\"twitter:data2\" content=\"5\u00a0Minuten\" \/>\n<script type=\"application\/ld+json\" class=\"yoast-schema-graph\">{\"@context\":\"https:\/\/schema.org\",\"@graph\":[{\"@type\":\"WebPage\",\"@id\":\"https:\/\/www.mediapartizan.at\/?p=975\",\"url\":\"https:\/\/www.mediapartizan.at\/?p=975\",\"name\":\"Der \\\"General\\\"-Anwalt - Mediapartizan.at\",\"isPartOf\":{\"@id\":\"https:\/\/www.mediapartizan.at\/#website\"},\"datePublished\":\"2020-04-22T09:42:12+00:00\",\"dateModified\":\"2022-08-16T03:24:24+00:00\",\"author\":{\"@id\":\"https:\/\/www.mediapartizan.at\/#\/schema\/person\/f6bd7eb8222f2fe985c78d08f17ed7a9\"},\"breadcrumb\":{\"@id\":\"https:\/\/www.mediapartizan.at\/?p=975#breadcrumb\"},\"inLanguage\":\"de\",\"potentialAction\":[{\"@type\":\"ReadAction\",\"target\":[\"https:\/\/www.mediapartizan.at\/?p=975\"]}]},{\"@type\":\"BreadcrumbList\",\"@id\":\"https:\/\/www.mediapartizan.at\/?p=975#breadcrumb\",\"itemListElement\":[{\"@type\":\"ListItem\",\"position\":1,\"name\":\"Startseite\",\"item\":\"https:\/\/www.mediapartizan.at\/\"},{\"@type\":\"ListItem\",\"position\":2,\"name\":\"Der &#8222;General&#8220;-Anwalt\"}]},{\"@type\":\"WebSite\",\"@id\":\"https:\/\/www.mediapartizan.at\/#website\",\"url\":\"https:\/\/www.mediapartizan.at\/\",\"name\":\"Mediapartizan.at\",\"description\":\"\",\"potentialAction\":[{\"@type\":\"SearchAction\",\"target\":{\"@type\":\"EntryPoint\",\"urlTemplate\":\"https:\/\/www.mediapartizan.at\/?s={search_term_string}\"},\"query-input\":\"required name=search_term_string\"}],\"inLanguage\":\"de\"},{\"@type\":\"Person\",\"@id\":\"https:\/\/www.mediapartizan.at\/#\/schema\/person\/f6bd7eb8222f2fe985c78d08f17ed7a9\",\"name\":\"Franz Miklautz\",\"image\":{\"@type\":\"ImageObject\",\"inLanguage\":\"de\",\"@id\":\"https:\/\/www.mediapartizan.at\/#\/schema\/person\/image\/\",\"url\":\"https:\/\/secure.gravatar.com\/avatar\/5618667e9a7ab3fa3e1a0c75987c8d0c111ad041167e738d67ac0846e54e195e?s=96&d=mm&r=g\",\"contentUrl\":\"https:\/\/secure.gravatar.com\/avatar\/5618667e9a7ab3fa3e1a0c75987c8d0c111ad041167e738d67ac0846e54e195e?s=96&d=mm&r=g\",\"caption\":\"Franz Miklautz\"},\"url\":\"https:\/\/www.mediapartizan.at\/?author=2\"}]}<\/script>\n<!-- \/ Yoast SEO plugin. -->","yoast_head_json":{"title":"Der \"General\"-Anwalt - Mediapartizan.at","robots":{"index":"index","follow":"follow","max-snippet":"max-snippet:-1","max-image-preview":"max-image-preview:large","max-video-preview":"max-video-preview:-1"},"canonical":"https:\/\/www.mediapartizan.at\/?p=975","og_locale":"de_DE","og_type":"article","og_title":"Der \"General\"-Anwalt - Mediapartizan.at","og_description":"Verkauf der Benediktinerschule, \u00dcbernahme der Rohrergr\u00fcnde, Suche nach einem Innovationspartner f\u00fcr das Hallenbad: Der Rechtsanwalt Martin Wiedenbauer ist vielbesch\u00e4ftigter Jurist im Auftrag der Stadt Klagenfurt. Jetzt aufgetauchte Dokumente zeigen, dass er auch f\u00fcr den Stadtwerke-Vorstand [...]","og_url":"https:\/\/www.mediapartizan.at\/?p=975","og_site_name":"Mediapartizan.at","article_published_time":"2020-04-22T09:42:12+00:00","article_modified_time":"2022-08-16T03:24:24+00:00","og_image":[{"width":949,"height":321,"url":"https:\/\/www.mediapartizan.at\/wp-content\/uploads\/2020\/04\/Vorstand-MW.jpg","type":"image\/jpeg"}],"author":"Franz Miklautz","twitter_card":"summary_large_image","twitter_misc":{"Verfasst von":"Franz Miklautz","Gesch\u00e4tzte Lesezeit":"5\u00a0Minuten"},"schema":{"@context":"https:\/\/schema.org","@graph":[{"@type":"WebPage","@id":"https:\/\/www.mediapartizan.at\/?p=975","url":"https:\/\/www.mediapartizan.at\/?p=975","name":"Der \"General\"-Anwalt - Mediapartizan.at","isPartOf":{"@id":"https:\/\/www.mediapartizan.at\/#website"},"datePublished":"2020-04-22T09:42:12+00:00","dateModified":"2022-08-16T03:24:24+00:00","author":{"@id":"https:\/\/www.mediapartizan.at\/#\/schema\/person\/f6bd7eb8222f2fe985c78d08f17ed7a9"},"breadcrumb":{"@id":"https:\/\/www.mediapartizan.at\/?p=975#breadcrumb"},"inLanguage":"de","potentialAction":[{"@type":"ReadAction","target":["https:\/\/www.mediapartizan.at\/?p=975"]}]},{"@type":"BreadcrumbList","@id":"https:\/\/www.mediapartizan.at\/?p=975#breadcrumb","itemListElement":[{"@type":"ListItem","position":1,"name":"Startseite","item":"https:\/\/www.mediapartizan.at\/"},{"@type":"ListItem","position":2,"name":"Der &#8222;General&#8220;-Anwalt"}]},{"@type":"WebSite","@id":"https:\/\/www.mediapartizan.at\/#website","url":"https:\/\/www.mediapartizan.at\/","name":"Mediapartizan.at","description":"","potentialAction":[{"@type":"SearchAction","target":{"@type":"EntryPoint","urlTemplate":"https:\/\/www.mediapartizan.at\/?s={search_term_string}"},"query-input":"required name=search_term_string"}],"inLanguage":"de"},{"@type":"Person","@id":"https:\/\/www.mediapartizan.at\/#\/schema\/person\/f6bd7eb8222f2fe985c78d08f17ed7a9","name":"Franz Miklautz","image":{"@type":"ImageObject","inLanguage":"de","@id":"https:\/\/www.mediapartizan.at\/#\/schema\/person\/image\/","url":"https:\/\/secure.gravatar.com\/avatar\/5618667e9a7ab3fa3e1a0c75987c8d0c111ad041167e738d67ac0846e54e195e?s=96&d=mm&r=g","contentUrl":"https:\/\/secure.gravatar.com\/avatar\/5618667e9a7ab3fa3e1a0c75987c8d0c111ad041167e738d67ac0846e54e195e?s=96&d=mm&r=g","caption":"Franz Miklautz"},"url":"https:\/\/www.mediapartizan.at\/?author=2"}]}},"jetpack_featured_media_url":"https:\/\/i0.wp.com\/www.mediapartizan.at\/wp-content\/uploads\/2020\/04\/Vorstand-MW.jpg?fit=949%2C321&ssl=1","jetpack_sharing_enabled":true,"_links":{"self":[{"href":"https:\/\/www.mediapartizan.at\/index.php?rest_route=\/wp\/v2\/posts\/975","targetHints":{"allow":["GET"]}}],"collection":[{"href":"https:\/\/www.mediapartizan.at\/index.php?rest_route=\/wp\/v2\/posts"}],"about":[{"href":"https:\/\/www.mediapartizan.at\/index.php?rest_route=\/wp\/v2\/types\/post"}],"author":[{"embeddable":true,"href":"https:\/\/www.mediapartizan.at\/index.php?rest_route=\/wp\/v2\/users\/2"}],"replies":[{"embeddable":true,"href":"https:\/\/www.mediapartizan.at\/index.php?rest_route=%2Fwp%2Fv2%2Fcomments&post=975"}],"version-history":[{"count":17,"href":"https:\/\/www.mediapartizan.at\/index.php?rest_route=\/wp\/v2\/posts\/975\/revisions"}],"predecessor-version":[{"id":3735,"href":"https:\/\/www.mediapartizan.at\/index.php?rest_route=\/wp\/v2\/posts\/975\/revisions\/3735"}],"wp:featuredmedia":[{"embeddable":true,"href":"https:\/\/www.mediapartizan.at\/index.php?rest_route=\/wp\/v2\/media\/985"}],"wp:attachment":[{"href":"https:\/\/www.mediapartizan.at\/index.php?rest_route=%2Fwp%2Fv2%2Fmedia&parent=975"}],"wp:term":[{"taxonomy":"category","embeddable":true,"href":"https:\/\/www.mediapartizan.at\/index.php?rest_route=%2Fwp%2Fv2%2Fcategories&post=975"},{"taxonomy":"post_tag","embeddable":true,"href":"https:\/\/www.mediapartizan.at\/index.php?rest_route=%2Fwp%2Fv2%2Ftags&post=975"}],"curies":[{"name":"wp","href":"https:\/\/api.w.org\/{rel}","templated":true}]}}