{"id":9791,"date":"2024-09-02T23:50:44","date_gmt":"2024-09-02T21:50:44","guid":{"rendered":"https:\/\/www.mediapartizan.at\/?p=9791"},"modified":"2024-09-03T11:33:43","modified_gmt":"2024-09-03T09:33:43","slug":"gutachten-im-fall-koroschetz-koennte-causa-jost-noch-spannend-machen","status":"publish","type":"post","link":"https:\/\/www.mediapartizan.at\/?p=9791","title":{"rendered":"\u00dcberstunden-Gutachten im Fall Koroschetz k\u00f6nnte Causa Jost noch spannend machen"},"content":{"rendered":"<p><\/p>\n<p>\u00dcberstunden sind im Rathaus zu Klagenfurt eine beliebte Sache. So beliebt, dass im Magistrat mehrere Ermittlungen deshalb laufen. Die Verfahren richten sich <a href=\"https:\/\/www.mediapartizan.at\/?p=7269\" target=\"_blank\" rel=\"noreferrer noopener\">gegen B\u00fcrgermeister Christian Scheider (Team K\u00e4rnten), Ex-Magistratsdirektor Peter Jost und Scheider-B\u00fcroleiter Patrick Jonke<\/a>. F\u00fcr alle gilt die Unschuldsvermutung. <\/p>\n<p><\/p>\n<p><\/p>\n<p>Nun wurden Mediapartizan Dokumente zugespielt, die ebenso das Thema \u00dcberstunden behandeln. Es dreht sich dabei um eine &#8222;dienstrechtliche Beurteilung der Amtsf\u00fchrung und des Amtsverst\u00e4ndnisses&#8220; der ehemaligen Magistratsdirektorin Claudia Koroschetz aus dem Jahr 2014. Verfasst hat das Papier der Innsbrucker Uni-Professor Gert-Peter Reissner. <\/p>\n<p><\/p>\n<p><\/p>\n<p>Koroschetz war Magistrats-Chefin von 2010 bis 2013. In dieser Zeit war Peter Jost als Magistratsdirektor suspendiert, er kam 2013 rehabilitiert wieder zur\u00fcck. Koroschetz\u00b4 Bestellung war bis 30. September 2013 befristet. Gegen diese Befristung ging sie gerichtlich vor, musste aber schlussendlich weichen. Heute leitet die Juristin die Abteilung Bev\u00f6lkerungswesen. <\/p>\n<p><\/p>\n<p><\/p>\n<figure class=\"wp-block-image aligncenter size-large is-resized\"><img data-recalc-dims=\"1\" loading=\"lazy\" decoding=\"async\" src=\"https:\/\/i0.wp.com\/www.mediapartizan.at\/wp-content\/uploads\/2024\/08\/Bildschirmfoto-2024-08-27-um-13.25.59.png?resize=679%2C87&#038;ssl=1\" alt=\"\" class=\"wp-image-9807\" width=\"679\" height=\"87\" srcset=\"https:\/\/i0.wp.com\/www.mediapartizan.at\/wp-content\/uploads\/2024\/08\/Bildschirmfoto-2024-08-27-um-13.25.59.png?resize=1024%2C132&amp;ssl=1 1024w, https:\/\/i0.wp.com\/www.mediapartizan.at\/wp-content\/uploads\/2024\/08\/Bildschirmfoto-2024-08-27-um-13.25.59.png?resize=300%2C39&amp;ssl=1 300w, https:\/\/i0.wp.com\/www.mediapartizan.at\/wp-content\/uploads\/2024\/08\/Bildschirmfoto-2024-08-27-um-13.25.59.png?resize=768%2C99&amp;ssl=1 768w, https:\/\/i0.wp.com\/www.mediapartizan.at\/wp-content\/uploads\/2024\/08\/Bildschirmfoto-2024-08-27-um-13.25.59.png?resize=1536%2C199&amp;ssl=1 1536w, https:\/\/i0.wp.com\/www.mediapartizan.at\/wp-content\/uploads\/2024\/08\/Bildschirmfoto-2024-08-27-um-13.25.59.png?w=1686&amp;ssl=1 1686w\" sizes=\"auto, (max-width: 679px) 100vw, 679px\" \/><figcaption class=\"wp-element-caption\">Faksimile aus dem Reissner-Papier: &#8222;&#8218;Doppelabrechnung'&#8220;<\/figcaption><\/figure>\n<p><\/p>\n<p><\/p>\n<p><strong>Uni-Professor:<\/strong> <strong>Fehlerhafte \u00dcberstundenabrechnung<\/strong><\/p>\n<p><\/p>\n<p><\/p>\n<p>In Reissners Begutachtung spielen Koroschetz&#8216; \u00dcberstunden eine brisante Rolle. Er leitet mittlerweile das Institut f\u00fcr Arbeits- und Sozialrecht an der Uni Graz. Reissner erkl\u00e4rt in dem Papier, dass Koroschetz&#8216; geleistete \u00dcberstunden verrechnet habe, die sie nicht verrechnen h\u00e4tte d\u00fcrfen. Diese sind ihr von der Personalverrechnung des Magistrats auch ausbezahlt worden. Reissner urteilt in dem 29-Seiter, dass Koroschetz &#8222;in Bezug auf die fragliche Abrechnung zumindest grob fahrl\u00e4ssig&#8220; vorgegangen w\u00e4re. <\/p>\n<p><\/p>\n<p><\/p>\n<p><strong>&#8222;7.444,72 zu viel f\u00fcr \u00dcberstunden ausbezahlt&#8220;<\/strong><\/p>\n<p><\/p>\n<p><\/p>\n<p>Der damaligen Magistratsdirektorin seien, das errechnete das Personalb\u00fcro am 11. Juni 2014, rund 232 \u00dcberstunden zu viel \u00fcberwiesen worden. Sowohl die Begutachtung Reissners als auch das Schreiben der Personalabteilung liegen Mediapartizan vor. Auf Seite drei des Schreibens des Personalb\u00fcros hei\u00dft es w\u00f6rtlich: &#8222;Da Frau Mag. Koroschetz seit Oktober 2010 alle \u00dcberstunden ausbezahlt wurden, wurden im Jahr 2011 88 \u00dcberstunden, im Jahr 2012 82,75 \u00dcberstunden und im Jahr 2013 61,5 \u00dcberstunden zu viel abgegolten und somit Frau Mag. Koroschetz im Zeitraum J\u00e4nner 2011 bis September 2012 ein Betrag in der H\u00f6he von 7.444,72 zu viel f\u00fcr \u00dcberstunden ausbezahlt.&#8220; <\/p>\n<p><\/p>\n<p><\/p>\n<p><strong>Reissner:<\/strong> <strong>Durch Zulage schon abgegolten<\/strong><\/p>\n<p><\/p>\n<p><\/p>\n<p>Reissner geht von einer &#8222;&#8218;Doppelabrechnung'&#8220; aus. Er meint, dass Koroschetz bereits eine Zulage f\u00fcr Mehrleistungen erhalten habe. &#8222;Koroschetz wurde mit Beschluss des Stadtsenates (&#8230;) unter anderem eine Verwendungszulage in sinngem\u00e4\u00dfer Anwendung des \u00a7 61 Abs. 6 K-StBG 1993 (&#8230;) zuerkannt&#8220;, erkl\u00e4rte damals das Personalb\u00fcro dazu. StBG ist das K\u00fcrzel f\u00fcr <em>K\u00e4rntner Stadtbeamtengesetz<\/em>. <\/p>\n<p><\/p>\n<p><\/p>\n<p>Mit der Mehrleistungszulage seien \u00dcberstunden zum Teil abgegolten, so der Universit\u00e4ts-Professor. Reissner folgert, &#8222;dass f\u00fcr den Fall, dass eine Mehrdienstzulage gew\u00e4hrt wird und gleichzeitig \u00dcberstunden finanziell abgegolten werden, bei dieser Abgeltung jedenfalls &#8211; je nach Einstufung &#8211; bis zu zehn \u00dcberstunden pro Monat nicht ber\u00fccksichtigt werden d\u00fcrfen.&#8220; Es geht in der Begutachtung um sogenannte &#8222;gekappte Zeiten&#8220;, also \u00dcberstunden, die mit der normalen Gleitzeit nicht konsumierbar sind. Das Personalb\u00fcro res\u00fcmmiert, dass Koroschetz pro Monat acht \u00dcberstunden nicht h\u00e4tten ausbezaht werden d\u00fcrfen. Diese h\u00e4tten am Gleitzeitguthaben-Konto verbleiben m\u00fcssen.<\/p>\n<p><\/p>\n<p><\/p>\n<figure class=\"wp-block-image aligncenter size-large is-resized\"><img data-recalc-dims=\"1\" loading=\"lazy\" decoding=\"async\" src=\"https:\/\/i0.wp.com\/www.mediapartizan.at\/wp-content\/uploads\/2024\/08\/Bildschirmfoto-2024-08-27-um-13.17.58.png?resize=386%2C512&#038;ssl=1\" alt=\"\" class=\"wp-image-9808\" width=\"386\" height=\"512\" srcset=\"https:\/\/i0.wp.com\/www.mediapartizan.at\/wp-content\/uploads\/2024\/08\/Bildschirmfoto-2024-08-27-um-13.17.58.png?resize=772%2C1024&amp;ssl=1 772w, https:\/\/i0.wp.com\/www.mediapartizan.at\/wp-content\/uploads\/2024\/08\/Bildschirmfoto-2024-08-27-um-13.17.58.png?resize=226%2C300&amp;ssl=1 226w, https:\/\/i0.wp.com\/www.mediapartizan.at\/wp-content\/uploads\/2024\/08\/Bildschirmfoto-2024-08-27-um-13.17.58.png?resize=768%2C1019&amp;ssl=1 768w, https:\/\/i0.wp.com\/www.mediapartizan.at\/wp-content\/uploads\/2024\/08\/Bildschirmfoto-2024-08-27-um-13.17.58.png?w=1040&amp;ssl=1 1040w\" sizes=\"auto, (max-width: 386px) 100vw, 386px\" \/><figcaption class=\"wp-element-caption\">Die Genehmigung durch Scheider<\/figcaption><\/figure>\n<p><\/p>\n<p><\/p>\n<p>Allerdings hatte Koroschetz eine Genehmigung des damaligen und heutigen B\u00fcrgermeisters Christian Scheider (Team K\u00e4rnten). Den nimmt Reissner aber aus der Verantwortung. Scheider sei &#8222;offensichtlich nicht \u00fcber das Verh\u00e4ltnis der Zulage f\u00fcr ,quantitative Mehrleistungen&#8216; und der Abgeltung f\u00fcr die ,ersten \u00dcberstunden&#8216; informiert&#8220; worden. Mit &#8222;ersten Stunden&#8220; meint der Experte eben, dass abh\u00e4ngig von der Gehaltsh\u00f6he bis zu 10 Stunden &#8222;im Topf&#8220; bleiben m\u00fcssten und nicht ausgezahlt werden d\u00fcrften. Reissner erkl\u00e4rt, dass Koroschetz Schadenersatz pflichtig sei und die zu viel bezahlten (geleisteten) \u00dcberstunden zur\u00fcckzahlen m\u00fcsse. Koroschetz wollte auf Anfrage nichts zu der damaligen Angelegenheit sagen.<\/p>\n<p><\/p>\n<p><\/p>\n<figure class=\"wp-block-image aligncenter size-large is-resized\"><img data-recalc-dims=\"1\" loading=\"lazy\" decoding=\"async\" src=\"https:\/\/i0.wp.com\/www.mediapartizan.at\/wp-content\/uploads\/2024\/08\/Bildschirmfoto-2024-08-21-um-21.12.30.png?resize=676%2C167&#038;ssl=1\" alt=\"\" class=\"wp-image-9794\" width=\"676\" height=\"167\" srcset=\"https:\/\/i0.wp.com\/www.mediapartizan.at\/wp-content\/uploads\/2024\/08\/Bildschirmfoto-2024-08-21-um-21.12.30.png?resize=1024%2C254&amp;ssl=1 1024w, https:\/\/i0.wp.com\/www.mediapartizan.at\/wp-content\/uploads\/2024\/08\/Bildschirmfoto-2024-08-21-um-21.12.30.png?resize=300%2C74&amp;ssl=1 300w, https:\/\/i0.wp.com\/www.mediapartizan.at\/wp-content\/uploads\/2024\/08\/Bildschirmfoto-2024-08-21-um-21.12.30.png?resize=768%2C190&amp;ssl=1 768w, https:\/\/i0.wp.com\/www.mediapartizan.at\/wp-content\/uploads\/2024\/08\/Bildschirmfoto-2024-08-21-um-21.12.30.png?w=1258&amp;ssl=1 1258w\" sizes=\"auto, (max-width: 676px) 100vw, 676px\" \/><figcaption class=\"wp-element-caption\">Faksimile aus dem Reissner-Papier: &#8222;Schaden ersatzpflichtig&#8220;<\/figcaption><\/figure>\n<p><\/p>\n<p><\/p>\n<p>Sie werden sich jetzt vielleicht fragen, was will Mediapartizan mit einer zehn Jahre alten Geschichte? Nun, sie hat m\u00f6glicherweise einen Bezug zur Gegenwart. Scheider gew\u00e4hrte n\u00e4mlich nicht nur Koroschetz eine Auszahlung der &#8222;gekappten Zeiten&#8220;. Am 12. M\u00e4rz 2014 kam auch Ex-Magistratsdirektor Jost in den Genuss, die \u00dcberstunden ausbezahlt zu bekommen.<\/p>\n<p><\/p>\n<p><\/p>\n<figure class=\"wp-block-image aligncenter size-large is-resized\"><img data-recalc-dims=\"1\" loading=\"lazy\" decoding=\"async\" src=\"https:\/\/i0.wp.com\/www.mediapartizan.at\/wp-content\/uploads\/2024\/08\/Bildschirmfoto-2024-08-31-um-14.54.45-1.png?resize=452%2C651&#038;ssl=1\" alt=\"\" class=\"wp-image-9872\" width=\"452\" height=\"651\" srcset=\"https:\/\/i0.wp.com\/www.mediapartizan.at\/wp-content\/uploads\/2024\/08\/Bildschirmfoto-2024-08-31-um-14.54.45-1.png?resize=711%2C1024&amp;ssl=1 711w, https:\/\/i0.wp.com\/www.mediapartizan.at\/wp-content\/uploads\/2024\/08\/Bildschirmfoto-2024-08-31-um-14.54.45-1.png?resize=208%2C300&amp;ssl=1 208w, https:\/\/i0.wp.com\/www.mediapartizan.at\/wp-content\/uploads\/2024\/08\/Bildschirmfoto-2024-08-31-um-14.54.45-1.png?resize=768%2C1105&amp;ssl=1 768w, https:\/\/i0.wp.com\/www.mediapartizan.at\/wp-content\/uploads\/2024\/08\/Bildschirmfoto-2024-08-31-um-14.54.45-1.png?w=974&amp;ssl=1 974w\" sizes=\"auto, (max-width: 452px) 100vw, 452px\" \/><figcaption class=\"wp-element-caption\">Jost handschriftlich: 10 Stunden sollen abgezogen werden<\/figcaption><\/figure>\n<p><\/p>\n<p><\/p>\n<p>Und wie Koroschetz &#8222;in sinngem\u00e4\u00dfer Anwendung&#8220; die Zulage nach STBG \u00a7 61 Abs. 6 gew\u00e4hrt wurde, findet sich auf Josts Gehaltszettel auch eine solche Zulage:<\/p>\n<p><\/p>\n<p><\/p>\n<figure class=\"wp-block-image aligncenter size-large\"><img data-recalc-dims=\"1\" loading=\"lazy\" decoding=\"async\" width=\"1024\" height=\"383\" src=\"https:\/\/i0.wp.com\/www.mediapartizan.at\/wp-content\/uploads\/2024\/08\/Bildschirmfoto-2024-08-31-um-15.08.59.png?resize=1024%2C383&#038;ssl=1\" alt=\"\" class=\"wp-image-9874\" srcset=\"https:\/\/i0.wp.com\/www.mediapartizan.at\/wp-content\/uploads\/2024\/08\/Bildschirmfoto-2024-08-31-um-15.08.59.png?resize=1024%2C383&amp;ssl=1 1024w, https:\/\/i0.wp.com\/www.mediapartizan.at\/wp-content\/uploads\/2024\/08\/Bildschirmfoto-2024-08-31-um-15.08.59.png?resize=300%2C112&amp;ssl=1 300w, https:\/\/i0.wp.com\/www.mediapartizan.at\/wp-content\/uploads\/2024\/08\/Bildschirmfoto-2024-08-31-um-15.08.59.png?resize=768%2C287&amp;ssl=1 768w, https:\/\/i0.wp.com\/www.mediapartizan.at\/wp-content\/uploads\/2024\/08\/Bildschirmfoto-2024-08-31-um-15.08.59.png?resize=1536%2C575&amp;ssl=1 1536w, https:\/\/i0.wp.com\/www.mediapartizan.at\/wp-content\/uploads\/2024\/08\/Bildschirmfoto-2024-08-31-um-15.08.59.png?w=1850&amp;ssl=1 1850w\" sizes=\"auto, (max-width: 1000px) 100vw, 1000px\" \/><figcaption class=\"wp-element-caption\">Dezember-2022-Gehaltszettel von Jost <\/figcaption><\/figure>\n<p><\/p>\n<p><\/p>\n<p>Auch Jost hatte die Genehmigung von Scheider. Der Ex-Magistratsdirektor sorgte am 12. M\u00e4rz 2014, nur wenige Monate nach seiner R\u00fcckkehr, mit einer handschriftlichen Notiz vor, dass 10 \u00dcberstunden der &#8222;gekappten&#8220; und &#8222;au\u00dfer Rahmen&#8220; stehenden \u00dcberstunden pro Monat abzuziehen seien. Er will bekanntlich \u00fcber 65.000 Euro aus \u00dcberstundenzuschl\u00e4gen von der Stadt Klagenfurt haben. Die Frage ist nun, was mit diesen &#8222;gekappten&#8220; \u00dcberstunden seit 2014 passiert ist? Er betont auf Anfrage, dass er &#8222;nie etwas rechtswidrig erhalten&#8220; habe. Offenbar im Widerspruch zu Reissner erkl\u00e4rt Jost, selbst gewiefter Verwaltungsjurist, dass die Zulagen von Klagenfurter Stadtbediensteten &#8222;keine \u00dcberstunden-Elemente&#8220; enthielten und f\u00fcr Rathaus-Angestellte lediglich die Vertragsbedienstetenordnung (VBO) z\u00e4hle. <\/p>\n<p><\/p>\n<p><\/p>\n<p>Aufschluss wird wohl erst der anstehende Rechnungshofbericht bringen.<\/p>\n<p><\/p>\n<p><\/p>\n<p><\/p>\n","protected":false},"excerpt":{"rendered":"<div class=\"mh-excerpt\"><p>Das sogenannte Reissner-Gutachen k\u00f6nnte Spannung in die \u00dcberstundenabrechnung von Ex-Magistratsdirektor Peter Jost bringen. Mediapartizan wurde die Begutachtung und ein vertrauliches Papier der Personalabteilung zugespielt. <a class=\"mh-excerpt-more\" href=\"https:\/\/www.mediapartizan.at\/?p=9791\" title=\"\u00dcberstunden-Gutachten im Fall Koroschetz k\u00f6nnte Causa Jost noch spannend machen\">[&#8230;]<\/a><\/p>\n<\/div>","protected":false},"author":2,"featured_media":9869,"comment_status":"open","ping_status":"open","sticky":false,"template":"","format":"standard","meta":{"inline_featured_image":false,"_jetpack_memberships_contains_paid_content":false,"footnotes":""},"categories":[143],"tags":[86,601,602,289],"class_list":{"0":"post-9791","1":"post","2":"type-post","3":"status-publish","4":"format-standard","5":"has-post-thumbnail","7":"category-stadt-klagenfurt","8":"tag-christian-scheider","9":"tag-claudia-koroschetz","10":"tag-gert-peter-reissner","11":"tag-peter-jost"},"yoast_head":"<!-- This site is optimized with the Yoast SEO plugin v20.10 - https:\/\/yoast.com\/wordpress\/plugins\/seo\/ -->\n<title>\u00dcberstunden-Gutachten im Fall Koroschetz k\u00f6nnte Causa Jost noch spannend machen - Mediapartizan.at<\/title>\n<meta name=\"robots\" content=\"index, follow, max-snippet:-1, max-image-preview:large, max-video-preview:-1\" \/>\n<link rel=\"canonical\" href=\"https:\/\/www.mediapartizan.at\/?p=9791\" \/>\n<meta property=\"og:locale\" content=\"de_DE\" \/>\n<meta property=\"og:type\" content=\"article\" \/>\n<meta property=\"og:title\" content=\"\u00dcberstunden-Gutachten im Fall Koroschetz k\u00f6nnte Causa Jost noch spannend machen - Mediapartizan.at\" \/>\n<meta property=\"og:description\" content=\"Das sogenannte Reissner-Gutachen k\u00f6nnte Spannung in die \u00dcberstundenabrechnung von Ex-Magistratsdirektor Peter Jost bringen. Mediapartizan wurde die Begutachtung und ein vertrauliches Papier der Personalabteilung zugespielt. [...]\" \/>\n<meta property=\"og:url\" content=\"https:\/\/www.mediapartizan.at\/?p=9791\" \/>\n<meta property=\"og:site_name\" content=\"Mediapartizan.at\" \/>\n<meta property=\"article:published_time\" content=\"2024-09-02T21:50:44+00:00\" \/>\n<meta property=\"article:modified_time\" content=\"2024-09-03T09:33:43+00:00\" \/>\n<meta property=\"og:image\" content=\"https:\/\/www.mediapartizan.at\/wp-content\/uploads\/2024\/08\/Bildschirmfoto-2024-08-31-um-14.35.31.png\" \/>\n\t<meta property=\"og:image:width\" content=\"1564\" \/>\n\t<meta property=\"og:image:height\" content=\"762\" \/>\n\t<meta property=\"og:image:type\" content=\"image\/png\" \/>\n<meta name=\"author\" content=\"Franz Miklautz\" \/>\n<meta name=\"twitter:card\" content=\"summary_large_image\" \/>\n<meta name=\"twitter:label1\" content=\"Verfasst von\" \/>\n\t<meta name=\"twitter:data1\" content=\"Franz Miklautz\" \/>\n\t<meta name=\"twitter:label2\" content=\"Gesch\u00e4tzte Lesezeit\" \/>\n\t<meta name=\"twitter:data2\" content=\"6\u00a0Minuten\" \/>\n<script type=\"application\/ld+json\" class=\"yoast-schema-graph\">{\"@context\":\"https:\/\/schema.org\",\"@graph\":[{\"@type\":\"WebPage\",\"@id\":\"https:\/\/www.mediapartizan.at\/?p=9791\",\"url\":\"https:\/\/www.mediapartizan.at\/?p=9791\",\"name\":\"\u00dcberstunden-Gutachten im Fall Koroschetz k\u00f6nnte Causa Jost noch spannend machen - Mediapartizan.at\",\"isPartOf\":{\"@id\":\"https:\/\/www.mediapartizan.at\/#website\"},\"datePublished\":\"2024-09-02T21:50:44+00:00\",\"dateModified\":\"2024-09-03T09:33:43+00:00\",\"author\":{\"@id\":\"https:\/\/www.mediapartizan.at\/#\/schema\/person\/f6bd7eb8222f2fe985c78d08f17ed7a9\"},\"breadcrumb\":{\"@id\":\"https:\/\/www.mediapartizan.at\/?p=9791#breadcrumb\"},\"inLanguage\":\"de\",\"potentialAction\":[{\"@type\":\"ReadAction\",\"target\":[\"https:\/\/www.mediapartizan.at\/?p=9791\"]}]},{\"@type\":\"BreadcrumbList\",\"@id\":\"https:\/\/www.mediapartizan.at\/?p=9791#breadcrumb\",\"itemListElement\":[{\"@type\":\"ListItem\",\"position\":1,\"name\":\"Startseite\",\"item\":\"https:\/\/www.mediapartizan.at\/\"},{\"@type\":\"ListItem\",\"position\":2,\"name\":\"\u00dcberstunden-Gutachten im Fall Koroschetz k\u00f6nnte Causa Jost noch spannend machen\"}]},{\"@type\":\"WebSite\",\"@id\":\"https:\/\/www.mediapartizan.at\/#website\",\"url\":\"https:\/\/www.mediapartizan.at\/\",\"name\":\"Mediapartizan.at\",\"description\":\"\",\"potentialAction\":[{\"@type\":\"SearchAction\",\"target\":{\"@type\":\"EntryPoint\",\"urlTemplate\":\"https:\/\/www.mediapartizan.at\/?s={search_term_string}\"},\"query-input\":\"required name=search_term_string\"}],\"inLanguage\":\"de\"},{\"@type\":\"Person\",\"@id\":\"https:\/\/www.mediapartizan.at\/#\/schema\/person\/f6bd7eb8222f2fe985c78d08f17ed7a9\",\"name\":\"Franz Miklautz\",\"image\":{\"@type\":\"ImageObject\",\"inLanguage\":\"de\",\"@id\":\"https:\/\/www.mediapartizan.at\/#\/schema\/person\/image\/\",\"url\":\"https:\/\/secure.gravatar.com\/avatar\/5618667e9a7ab3fa3e1a0c75987c8d0c111ad041167e738d67ac0846e54e195e?s=96&d=mm&r=g\",\"contentUrl\":\"https:\/\/secure.gravatar.com\/avatar\/5618667e9a7ab3fa3e1a0c75987c8d0c111ad041167e738d67ac0846e54e195e?s=96&d=mm&r=g\",\"caption\":\"Franz Miklautz\"},\"url\":\"https:\/\/www.mediapartizan.at\/?author=2\"}]}<\/script>\n<!-- \/ Yoast SEO plugin. -->","yoast_head_json":{"title":"\u00dcberstunden-Gutachten im Fall Koroschetz k\u00f6nnte Causa Jost noch spannend machen - Mediapartizan.at","robots":{"index":"index","follow":"follow","max-snippet":"max-snippet:-1","max-image-preview":"max-image-preview:large","max-video-preview":"max-video-preview:-1"},"canonical":"https:\/\/www.mediapartizan.at\/?p=9791","og_locale":"de_DE","og_type":"article","og_title":"\u00dcberstunden-Gutachten im Fall Koroschetz k\u00f6nnte Causa Jost noch spannend machen - Mediapartizan.at","og_description":"Das sogenannte Reissner-Gutachen k\u00f6nnte Spannung in die \u00dcberstundenabrechnung von Ex-Magistratsdirektor Peter Jost bringen. Mediapartizan wurde die Begutachtung und ein vertrauliches Papier der Personalabteilung zugespielt. [...]","og_url":"https:\/\/www.mediapartizan.at\/?p=9791","og_site_name":"Mediapartizan.at","article_published_time":"2024-09-02T21:50:44+00:00","article_modified_time":"2024-09-03T09:33:43+00:00","og_image":[{"width":1564,"height":762,"url":"https:\/\/www.mediapartizan.at\/wp-content\/uploads\/2024\/08\/Bildschirmfoto-2024-08-31-um-14.35.31.png","type":"image\/png"}],"author":"Franz Miklautz","twitter_card":"summary_large_image","twitter_misc":{"Verfasst von":"Franz Miklautz","Gesch\u00e4tzte Lesezeit":"6\u00a0Minuten"},"schema":{"@context":"https:\/\/schema.org","@graph":[{"@type":"WebPage","@id":"https:\/\/www.mediapartizan.at\/?p=9791","url":"https:\/\/www.mediapartizan.at\/?p=9791","name":"\u00dcberstunden-Gutachten im Fall Koroschetz k\u00f6nnte Causa Jost noch spannend machen - Mediapartizan.at","isPartOf":{"@id":"https:\/\/www.mediapartizan.at\/#website"},"datePublished":"2024-09-02T21:50:44+00:00","dateModified":"2024-09-03T09:33:43+00:00","author":{"@id":"https:\/\/www.mediapartizan.at\/#\/schema\/person\/f6bd7eb8222f2fe985c78d08f17ed7a9"},"breadcrumb":{"@id":"https:\/\/www.mediapartizan.at\/?p=9791#breadcrumb"},"inLanguage":"de","potentialAction":[{"@type":"ReadAction","target":["https:\/\/www.mediapartizan.at\/?p=9791"]}]},{"@type":"BreadcrumbList","@id":"https:\/\/www.mediapartizan.at\/?p=9791#breadcrumb","itemListElement":[{"@type":"ListItem","position":1,"name":"Startseite","item":"https:\/\/www.mediapartizan.at\/"},{"@type":"ListItem","position":2,"name":"\u00dcberstunden-Gutachten im Fall Koroschetz k\u00f6nnte Causa Jost noch spannend machen"}]},{"@type":"WebSite","@id":"https:\/\/www.mediapartizan.at\/#website","url":"https:\/\/www.mediapartizan.at\/","name":"Mediapartizan.at","description":"","potentialAction":[{"@type":"SearchAction","target":{"@type":"EntryPoint","urlTemplate":"https:\/\/www.mediapartizan.at\/?s={search_term_string}"},"query-input":"required name=search_term_string"}],"inLanguage":"de"},{"@type":"Person","@id":"https:\/\/www.mediapartizan.at\/#\/schema\/person\/f6bd7eb8222f2fe985c78d08f17ed7a9","name":"Franz Miklautz","image":{"@type":"ImageObject","inLanguage":"de","@id":"https:\/\/www.mediapartizan.at\/#\/schema\/person\/image\/","url":"https:\/\/secure.gravatar.com\/avatar\/5618667e9a7ab3fa3e1a0c75987c8d0c111ad041167e738d67ac0846e54e195e?s=96&d=mm&r=g","contentUrl":"https:\/\/secure.gravatar.com\/avatar\/5618667e9a7ab3fa3e1a0c75987c8d0c111ad041167e738d67ac0846e54e195e?s=96&d=mm&r=g","caption":"Franz Miklautz"},"url":"https:\/\/www.mediapartizan.at\/?author=2"}]}},"jetpack_featured_media_url":"https:\/\/i0.wp.com\/www.mediapartizan.at\/wp-content\/uploads\/2024\/08\/Bildschirmfoto-2024-08-31-um-14.35.31.png?fit=1564%2C762&ssl=1","jetpack_sharing_enabled":true,"_links":{"self":[{"href":"https:\/\/www.mediapartizan.at\/index.php?rest_route=\/wp\/v2\/posts\/9791","targetHints":{"allow":["GET"]}}],"collection":[{"href":"https:\/\/www.mediapartizan.at\/index.php?rest_route=\/wp\/v2\/posts"}],"about":[{"href":"https:\/\/www.mediapartizan.at\/index.php?rest_route=\/wp\/v2\/types\/post"}],"author":[{"embeddable":true,"href":"https:\/\/www.mediapartizan.at\/index.php?rest_route=\/wp\/v2\/users\/2"}],"replies":[{"embeddable":true,"href":"https:\/\/www.mediapartizan.at\/index.php?rest_route=%2Fwp%2Fv2%2Fcomments&post=9791"}],"version-history":[{"count":12,"href":"https:\/\/www.mediapartizan.at\/index.php?rest_route=\/wp\/v2\/posts\/9791\/revisions"}],"predecessor-version":[{"id":9896,"href":"https:\/\/www.mediapartizan.at\/index.php?rest_route=\/wp\/v2\/posts\/9791\/revisions\/9896"}],"wp:featuredmedia":[{"embeddable":true,"href":"https:\/\/www.mediapartizan.at\/index.php?rest_route=\/wp\/v2\/media\/9869"}],"wp:attachment":[{"href":"https:\/\/www.mediapartizan.at\/index.php?rest_route=%2Fwp%2Fv2%2Fmedia&parent=9791"}],"wp:term":[{"taxonomy":"category","embeddable":true,"href":"https:\/\/www.mediapartizan.at\/index.php?rest_route=%2Fwp%2Fv2%2Fcategories&post=9791"},{"taxonomy":"post_tag","embeddable":true,"href":"https:\/\/www.mediapartizan.at\/index.php?rest_route=%2Fwp%2Fv2%2Ftags&post=9791"}],"curies":[{"name":"wp","href":"https:\/\/api.w.org\/{rel}","templated":true}]}}