{"id":9811,"date":"2024-08-27T23:33:46","date_gmt":"2024-08-27T21:33:46","guid":{"rendered":"https:\/\/www.mediapartizan.at\/?p=9811"},"modified":"2024-08-28T12:10:11","modified_gmt":"2024-08-28T10:10:11","slug":"causa-jost-scheider-muss-verantwortung-bekennen-und-oder-zuruecktreten","status":"publish","type":"post","link":"https:\/\/www.mediapartizan.at\/?p=9811","title":{"rendered":"Causa Jost: Wenn Scheider Vergleichskosten dem Steuerzahler aufb\u00fcrdet, ist er r\u00fccktrittsreif | Ein Kommentar"},"content":{"rendered":"<p><\/p>\n<p class=\"has-text-align-right\"><strong>Kommentar<\/strong><\/p>\n<p><\/p>\n<p><\/p>\n<p>Es ist eigentlich keine lange Geschichte: Der Klagenfurter B\u00fcrgermeister Christian Scheider (Team K\u00e4rnten) hatte seinen Magistratsdirektor Peter Jost im Dezember 2022 dienstverl\u00e4ngert. Zwei Jahre \u00fcber Josts Pensionsalter hinaus. Diese (Notfall-)Dienstverl\u00e4ngerung wurde von der K\u00e4rntner Gemeinde-Aufsicht allerdings aufgehoben, womit Scheiders Entscheidung, Jost zu verl\u00e4ngern, f\u00fcr nichtig erkl\u00e4rt wurde. Der Gemeinderat berief Jost in Folge als Magistratsdirektor ab. Scheider erteilte ihm sogar Hausverbot im Rathaus.<\/p>\n<p><\/p>\n<p><\/p>\n<p>Nun will Scheider einen Vergleich mit Jost vereinbaren, den ausgerechnet der Steuerzahler begleichen soll. Jost hatte die Stadt auf Einhaltung der Scheiderschen Dienstvertragsverl\u00e4ngerung geklagt. Die Forderungen sollen inklusive \u00dcberstundenzuschl\u00e4ge gut 700.000 Euro betragen. Die Vergleichssumme soll klarerweise niedriger sein. Die Kleine Zeitung kolportierte 300.000 Euro.<\/p>\n<p><\/p>\n<p><\/p>\n<p>Die Klagenfurter Neos stellten gestern, als ruchbar wurde, dass es zwischen der Stadt und Jost ein Vergleichsangebot geben soll, die einzig richtige Frage: Warum soll der Steuerzahler f\u00fcr einen mutma\u00dflichen Fehler Scheiders bezahlen? FP\u00d6-Klubobmann Andreas Skorianz will den Streit mit Jost ausjudizieren.<\/p>\n<p><\/p>\n<p><\/p>\n<p>Es ist Zeit, dass Scheider selbst daf\u00fcr gerade steht. Die Vergleichssumme muss Scheider selbst tragen. Politiker sprechen immer von Verantwortung. Aber Verantwortung ohne Konsequenzen ist keine Verantwortung. Sonst wird Politik zum Free Lunch und die Bev\u00f6lkerung, die sie finanziert, wendet sich mit Grausen von ihr ab. <\/p>\n<p><\/p>\n<p><\/p>\n<p>Wenn Scheider die Vergleichskosten dem Steuerzahler aufb\u00fcrdet, anstatt sie selbst auszul\u00f6ffeln, ist er als B\u00fcrgermeister und oberster politischer Vertreter der Klagenfurter B\u00fcrger nicht mehr tragbar. Und sollte zur\u00fccktreten.<\/p>\n<p><\/p>\n<p><\/p>\n<p><\/p>\n","protected":false},"excerpt":{"rendered":"<div class=\"mh-excerpt\"><p>Der Klagenfurter B\u00fcrgermeister Christian Scheider versucht, die Kosten seiner eigenm\u00e4chtig durchgef\u00fchrten Dienstverl\u00e4ngerung von Ex-Magistratsdirektor Peter Jost dem Steuerzahler aufzub\u00fcrden. Ein Kommentar. <a class=\"mh-excerpt-more\" href=\"https:\/\/www.mediapartizan.at\/?p=9811\" title=\"Causa Jost: Wenn Scheider Vergleichskosten dem Steuerzahler aufb\u00fcrdet, ist er r\u00fccktrittsreif | Ein Kommentar\">[&#8230;]<\/a><\/p>\n<\/div>","protected":false},"author":2,"featured_media":9812,"comment_status":"open","ping_status":"open","sticky":false,"template":"","format":"standard","meta":{"inline_featured_image":false,"_jetpack_memberships_contains_paid_content":false,"footnotes":""},"categories":[143],"tags":[86,594,289],"class_list":{"0":"post-9811","1":"post","2":"type-post","3":"status-publish","4":"format-standard","5":"has-post-thumbnail","7":"category-stadt-klagenfurt","8":"tag-christian-scheider","9":"tag-dienstvertragsverlaengerung","10":"tag-peter-jost"},"yoast_head":"<!-- This site is optimized with the Yoast SEO plugin v20.10 - https:\/\/yoast.com\/wordpress\/plugins\/seo\/ -->\n<title>Causa Jost: Wenn Scheider Vergleichskosten dem Steuerzahler aufb\u00fcrdet, ist er r\u00fccktrittsreif | Ein Kommentar - Mediapartizan.at<\/title>\n<meta name=\"robots\" content=\"index, follow, max-snippet:-1, max-image-preview:large, max-video-preview:-1\" \/>\n<link rel=\"canonical\" href=\"https:\/\/www.mediapartizan.at\/?p=9811\" \/>\n<meta property=\"og:locale\" content=\"de_DE\" \/>\n<meta property=\"og:type\" content=\"article\" \/>\n<meta property=\"og:title\" content=\"Causa Jost: Wenn Scheider Vergleichskosten dem Steuerzahler aufb\u00fcrdet, ist er r\u00fccktrittsreif | Ein Kommentar - Mediapartizan.at\" \/>\n<meta property=\"og:description\" content=\"Der Klagenfurter B\u00fcrgermeister Christian Scheider versucht, die Kosten seiner eigenm\u00e4chtig durchgef\u00fchrten Dienstverl\u00e4ngerung von Ex-Magistratsdirektor Peter Jost dem Steuerzahler aufzub\u00fcrden. Ein Kommentar. [...]\" \/>\n<meta property=\"og:url\" content=\"https:\/\/www.mediapartizan.at\/?p=9811\" \/>\n<meta property=\"og:site_name\" content=\"Mediapartizan.at\" \/>\n<meta property=\"article:published_time\" content=\"2024-08-27T21:33:46+00:00\" \/>\n<meta property=\"article:modified_time\" content=\"2024-08-28T10:10:11+00:00\" \/>\n<meta property=\"og:image\" content=\"https:\/\/www.mediapartizan.at\/wp-content\/uploads\/2024\/08\/Bildschirmfoto-2024-08-27-um-23.32.08.png\" \/>\n\t<meta property=\"og:image:width\" content=\"968\" \/>\n\t<meta property=\"og:image:height\" content=\"574\" \/>\n\t<meta property=\"og:image:type\" content=\"image\/png\" \/>\n<meta name=\"author\" content=\"Franz Miklautz\" \/>\n<meta name=\"twitter:card\" content=\"summary_large_image\" \/>\n<meta name=\"twitter:label1\" content=\"Verfasst von\" \/>\n\t<meta name=\"twitter:data1\" content=\"Franz Miklautz\" \/>\n\t<meta name=\"twitter:label2\" content=\"Gesch\u00e4tzte Lesezeit\" \/>\n\t<meta name=\"twitter:data2\" content=\"2\u00a0Minuten\" \/>\n<script type=\"application\/ld+json\" class=\"yoast-schema-graph\">{\"@context\":\"https:\/\/schema.org\",\"@graph\":[{\"@type\":\"WebPage\",\"@id\":\"https:\/\/www.mediapartizan.at\/?p=9811\",\"url\":\"https:\/\/www.mediapartizan.at\/?p=9811\",\"name\":\"Causa Jost: Wenn Scheider Vergleichskosten dem Steuerzahler aufb\u00fcrdet, ist er r\u00fccktrittsreif | Ein Kommentar - Mediapartizan.at\",\"isPartOf\":{\"@id\":\"https:\/\/www.mediapartizan.at\/#website\"},\"datePublished\":\"2024-08-27T21:33:46+00:00\",\"dateModified\":\"2024-08-28T10:10:11+00:00\",\"author\":{\"@id\":\"https:\/\/www.mediapartizan.at\/#\/schema\/person\/f6bd7eb8222f2fe985c78d08f17ed7a9\"},\"breadcrumb\":{\"@id\":\"https:\/\/www.mediapartizan.at\/?p=9811#breadcrumb\"},\"inLanguage\":\"de\",\"potentialAction\":[{\"@type\":\"ReadAction\",\"target\":[\"https:\/\/www.mediapartizan.at\/?p=9811\"]}]},{\"@type\":\"BreadcrumbList\",\"@id\":\"https:\/\/www.mediapartizan.at\/?p=9811#breadcrumb\",\"itemListElement\":[{\"@type\":\"ListItem\",\"position\":1,\"name\":\"Startseite\",\"item\":\"https:\/\/www.mediapartizan.at\/\"},{\"@type\":\"ListItem\",\"position\":2,\"name\":\"Causa Jost: Wenn Scheider Vergleichskosten dem Steuerzahler aufb\u00fcrdet, ist er r\u00fccktrittsreif | Ein Kommentar\"}]},{\"@type\":\"WebSite\",\"@id\":\"https:\/\/www.mediapartizan.at\/#website\",\"url\":\"https:\/\/www.mediapartizan.at\/\",\"name\":\"Mediapartizan.at\",\"description\":\"\",\"potentialAction\":[{\"@type\":\"SearchAction\",\"target\":{\"@type\":\"EntryPoint\",\"urlTemplate\":\"https:\/\/www.mediapartizan.at\/?s={search_term_string}\"},\"query-input\":\"required name=search_term_string\"}],\"inLanguage\":\"de\"},{\"@type\":\"Person\",\"@id\":\"https:\/\/www.mediapartizan.at\/#\/schema\/person\/f6bd7eb8222f2fe985c78d08f17ed7a9\",\"name\":\"Franz Miklautz\",\"image\":{\"@type\":\"ImageObject\",\"inLanguage\":\"de\",\"@id\":\"https:\/\/www.mediapartizan.at\/#\/schema\/person\/image\/\",\"url\":\"https:\/\/secure.gravatar.com\/avatar\/5618667e9a7ab3fa3e1a0c75987c8d0c111ad041167e738d67ac0846e54e195e?s=96&d=mm&r=g\",\"contentUrl\":\"https:\/\/secure.gravatar.com\/avatar\/5618667e9a7ab3fa3e1a0c75987c8d0c111ad041167e738d67ac0846e54e195e?s=96&d=mm&r=g\",\"caption\":\"Franz Miklautz\"},\"url\":\"https:\/\/www.mediapartizan.at\/?author=2\"}]}<\/script>\n<!-- \/ Yoast SEO plugin. -->","yoast_head_json":{"title":"Causa Jost: Wenn Scheider Vergleichskosten dem Steuerzahler aufb\u00fcrdet, ist er r\u00fccktrittsreif | Ein Kommentar - Mediapartizan.at","robots":{"index":"index","follow":"follow","max-snippet":"max-snippet:-1","max-image-preview":"max-image-preview:large","max-video-preview":"max-video-preview:-1"},"canonical":"https:\/\/www.mediapartizan.at\/?p=9811","og_locale":"de_DE","og_type":"article","og_title":"Causa Jost: Wenn Scheider Vergleichskosten dem Steuerzahler aufb\u00fcrdet, ist er r\u00fccktrittsreif | Ein Kommentar - Mediapartizan.at","og_description":"Der Klagenfurter B\u00fcrgermeister Christian Scheider versucht, die Kosten seiner eigenm\u00e4chtig durchgef\u00fchrten Dienstverl\u00e4ngerung von Ex-Magistratsdirektor Peter Jost dem Steuerzahler aufzub\u00fcrden. Ein Kommentar. [...]","og_url":"https:\/\/www.mediapartizan.at\/?p=9811","og_site_name":"Mediapartizan.at","article_published_time":"2024-08-27T21:33:46+00:00","article_modified_time":"2024-08-28T10:10:11+00:00","og_image":[{"width":968,"height":574,"url":"https:\/\/www.mediapartizan.at\/wp-content\/uploads\/2024\/08\/Bildschirmfoto-2024-08-27-um-23.32.08.png","type":"image\/png"}],"author":"Franz Miklautz","twitter_card":"summary_large_image","twitter_misc":{"Verfasst von":"Franz Miklautz","Gesch\u00e4tzte Lesezeit":"2\u00a0Minuten"},"schema":{"@context":"https:\/\/schema.org","@graph":[{"@type":"WebPage","@id":"https:\/\/www.mediapartizan.at\/?p=9811","url":"https:\/\/www.mediapartizan.at\/?p=9811","name":"Causa Jost: Wenn Scheider Vergleichskosten dem Steuerzahler aufb\u00fcrdet, ist er r\u00fccktrittsreif | Ein Kommentar - Mediapartizan.at","isPartOf":{"@id":"https:\/\/www.mediapartizan.at\/#website"},"datePublished":"2024-08-27T21:33:46+00:00","dateModified":"2024-08-28T10:10:11+00:00","author":{"@id":"https:\/\/www.mediapartizan.at\/#\/schema\/person\/f6bd7eb8222f2fe985c78d08f17ed7a9"},"breadcrumb":{"@id":"https:\/\/www.mediapartizan.at\/?p=9811#breadcrumb"},"inLanguage":"de","potentialAction":[{"@type":"ReadAction","target":["https:\/\/www.mediapartizan.at\/?p=9811"]}]},{"@type":"BreadcrumbList","@id":"https:\/\/www.mediapartizan.at\/?p=9811#breadcrumb","itemListElement":[{"@type":"ListItem","position":1,"name":"Startseite","item":"https:\/\/www.mediapartizan.at\/"},{"@type":"ListItem","position":2,"name":"Causa Jost: Wenn Scheider Vergleichskosten dem Steuerzahler aufb\u00fcrdet, ist er r\u00fccktrittsreif | Ein Kommentar"}]},{"@type":"WebSite","@id":"https:\/\/www.mediapartizan.at\/#website","url":"https:\/\/www.mediapartizan.at\/","name":"Mediapartizan.at","description":"","potentialAction":[{"@type":"SearchAction","target":{"@type":"EntryPoint","urlTemplate":"https:\/\/www.mediapartizan.at\/?s={search_term_string}"},"query-input":"required name=search_term_string"}],"inLanguage":"de"},{"@type":"Person","@id":"https:\/\/www.mediapartizan.at\/#\/schema\/person\/f6bd7eb8222f2fe985c78d08f17ed7a9","name":"Franz Miklautz","image":{"@type":"ImageObject","inLanguage":"de","@id":"https:\/\/www.mediapartizan.at\/#\/schema\/person\/image\/","url":"https:\/\/secure.gravatar.com\/avatar\/5618667e9a7ab3fa3e1a0c75987c8d0c111ad041167e738d67ac0846e54e195e?s=96&d=mm&r=g","contentUrl":"https:\/\/secure.gravatar.com\/avatar\/5618667e9a7ab3fa3e1a0c75987c8d0c111ad041167e738d67ac0846e54e195e?s=96&d=mm&r=g","caption":"Franz Miklautz"},"url":"https:\/\/www.mediapartizan.at\/?author=2"}]}},"jetpack_featured_media_url":"https:\/\/i0.wp.com\/www.mediapartizan.at\/wp-content\/uploads\/2024\/08\/Bildschirmfoto-2024-08-27-um-23.32.08.png?fit=968%2C574&ssl=1","jetpack_sharing_enabled":true,"_links":{"self":[{"href":"https:\/\/www.mediapartizan.at\/index.php?rest_route=\/wp\/v2\/posts\/9811","targetHints":{"allow":["GET"]}}],"collection":[{"href":"https:\/\/www.mediapartizan.at\/index.php?rest_route=\/wp\/v2\/posts"}],"about":[{"href":"https:\/\/www.mediapartizan.at\/index.php?rest_route=\/wp\/v2\/types\/post"}],"author":[{"embeddable":true,"href":"https:\/\/www.mediapartizan.at\/index.php?rest_route=\/wp\/v2\/users\/2"}],"replies":[{"embeddable":true,"href":"https:\/\/www.mediapartizan.at\/index.php?rest_route=%2Fwp%2Fv2%2Fcomments&post=9811"}],"version-history":[{"count":8,"href":"https:\/\/www.mediapartizan.at\/index.php?rest_route=\/wp\/v2\/posts\/9811\/revisions"}],"predecessor-version":[{"id":9824,"href":"https:\/\/www.mediapartizan.at\/index.php?rest_route=\/wp\/v2\/posts\/9811\/revisions\/9824"}],"wp:featuredmedia":[{"embeddable":true,"href":"https:\/\/www.mediapartizan.at\/index.php?rest_route=\/wp\/v2\/media\/9812"}],"wp:attachment":[{"href":"https:\/\/www.mediapartizan.at\/index.php?rest_route=%2Fwp%2Fv2%2Fmedia&parent=9811"}],"wp:term":[{"taxonomy":"category","embeddable":true,"href":"https:\/\/www.mediapartizan.at\/index.php?rest_route=%2Fwp%2Fv2%2Fcategories&post=9811"},{"taxonomy":"post_tag","embeddable":true,"href":"https:\/\/www.mediapartizan.at\/index.php?rest_route=%2Fwp%2Fv2%2Ftags&post=9811"}],"curies":[{"name":"wp","href":"https:\/\/api.w.org\/{rel}","templated":true}]}}