{"id":9834,"date":"2024-08-29T15:24:07","date_gmt":"2024-08-29T13:24:07","guid":{"rendered":"https:\/\/www.mediapartizan.at\/?p=9834"},"modified":"2024-12-19T14:24:03","modified_gmt":"2024-12-19T13:24:03","slug":"das-autokratische-wesen-des-patrick-jonke-ein-kommentar","status":"publish","type":"post","link":"https:\/\/www.mediapartizan.at\/?p=9834","title":{"rendered":"Das autokratische Wesen des Patrick Jonke | Ein Kommentar"},"content":{"rendered":"<p><\/p>\n<p class=\"has-text-align-right\"><strong>Kommentar<\/strong><\/p>\n<p><\/p>\n<p><\/p>\n<p>Man kann fast die Uhr danach stellen: Immer wenn Neos-Chef Janos Juvan am Rednerpult des Klagenfurter Gemeinderats steht, um auf politische Missst\u00e4nde in der Landeshauptstadt hinzuweisen, tritt nach ihm fast unter Garantie ein Mandatar des Team K\u00e4rnten (TK) ans Pult, um Juvan die Leviten zu lesen. Das sind jedoch meistens Reden, deren Intellekt sich auf Kreisliga-Niveau abspielt. Sie taugen vielleicht f\u00fcr die Rede bei der Weihnachtsfeier eines Kegelklubs. Oder f\u00fcr die Gru\u00dfworte bei einem Bieranstich. W\u00e4hrend Juvan, nat\u00fcrlich auch angriffig, Respekt walten l\u00e4sst. Freilich: Auch der Chef der Pinken spottet manchmal \u00fcber politische Gegner. Aber immer mit der notwendigen Portion geistiger W\u00fcrze. F\u00fcr das Team K\u00e4rnten hingegen gilt meist nur: Wer nicht f\u00fcr uns ist, ist gegen uns. <\/p>\n<p><\/p>\n<p><\/p>\n<p>Diese Geisteshaltung stellte heute TK-Klubchef Patrick Jonke eindrucksvoll unter Beweis. In einer Pressekonferenz zog er mit alten Geschichten gegen den neuen SP\u00d6-Vizeb\u00fcrgermeister Ronald Rabitsch vom Leder. Flankieren lie\u00df er sich dabei von einem Tischaufsteller, auf dem eine Chat-Nachricht des ehemaligen roten Klubobmanns Christian Gl\u00fcck stand (&#8222;Schlecht f\u00fcr die Stadt, gut f\u00fcr die Partei = gut\u201c). Die Nachricht stammte aus der sogenannten Chat-Aff\u00e4re, bei der SP\u00d6-Funktion\u00e4re Grenzen \u00fcberschritten. Doch daf\u00fcr \u00fcbernahm jemand Verantwortung: Rabitschs Vorg\u00e4nger Philipp Liesnig trat als Vizestadtchef zur\u00fcck. <\/p>\n<p><\/p>\n<p><\/p>\n<p><strong>Wer nicht f\u00fcr uns ist, ist gegen uns<\/strong><\/p>\n<p><\/p>\n<p><\/p>\n<p>Jetzt w\u00e4rmt Jonke alte Geschichten auf: Rabitsch setze den destruktiven und zerst\u00f6rerischen Kurs von Liesnig fort. Und das obwohl &#8222;er kaum 60 Tage&#8220; im Amt sei. Nun, was hat Rabitsch &#8222;Zerst\u00f6rerisches&#8220; gemacht: Er gab eine Stunde vorher gemeinsam mit der FP\u00d6 und den Neos eine Pressekonferenz, in der alle drei Parteien klar machten, <a href=\"https:\/\/www.mediapartizan.at\/?p=9811\" target=\"_blank\" rel=\"noreferrer noopener\">dass der vom Team K\u00e4rnten beabsichtigte Vergleich mit Ex-Magistratsdirektor Peter Jost<\/a> den Steuerzahler &#8222;keinen Cent&#8220; (Rabitsch) kosten d\u00fcrfe. Jonke nennt das &#8222;Parteipolitik auf Kosten der Klagenfurter&#8220;. Der SP\u00d6 wirft er vor, &#8222;Schandtaten zu verschleiern&#8220;. Er h\u00e4tte gern, dass sich alle Parteien, bevor sie an die Bev\u00f6lkerung treten, mit dem Team K\u00e4rnten abstimmen. Nun, man ginge wahrscheinlich nicht zu weit, dieses Ansinnen als &#8222;Maulkorb light&#8220; f\u00fcr andere Parteien zu bezeichnen. Wie bei Juvan: Wer nicht f\u00fcr uns ist, ist gegen uns. Der Prim\u00e4rgedanke eines autokratischen Wesens.<\/p>\n<p><\/p>\n<p><\/p>\n<p><strong>Die Intransparenz des Team K\u00e4rnten<\/strong><\/p>\n<p><\/p>\n<p><\/p>\n<p>Eine der wichtigsten Zutaten der Demokratie hei\u00dft Transparenz. Im Gegenzug ist Intransparenz eines der wichtigsten Gew\u00fcrze f\u00fcr illiberale Demokratien oder gar eine Autokratie. Und in Sachen Intransparenz hat Jonke heute Champions League-Qualit\u00e4t bewiesen: Wer n\u00e4mlich die kolportierten, aber angeblich nicht richtigen, 300.000 Euro an <a href=\"https:\/\/www.mediapartizan.at\/?p=9811\" target=\"_blank\" rel=\"noreferrer noopener\">Kosten f\u00fcr den Jost-Vergleich bezahlen<\/a> soll &#8211; ob B\u00fcrgermeister Scheider, dessen Rechtsberater wegen m\u00f6glicherweise Fehlberatung, oder gar der Steuerzahler -, das wollte Jonke trotz mehrmaligen Nachhakens partout nicht sagen.<\/p>\n<p><\/p>\n<p><\/p>\n<p><strong>Team K\u00e4rnten und die &#8222;Parteipolitik auf Kosten der Klagenfurter&#8220;<\/strong><\/p>\n<p><\/p>\n<p><\/p>\n<p>Sollte der Steuerzahler f\u00fcr <a href=\"https:\/\/www.mediapartizan.at\/?p=7787\" target=\"_blank\" rel=\"noreferrer noopener\">Scheiders Fehler bei der Dienstverl\u00e4ngerung Josts<\/a> &#8211; sie ist f\u00fcr nichtig erkl\u00e4rt worden &#8211; zur Kasse gebeten werden, ist der B\u00fcrgermeister r\u00fccktrittsreif. Denn genau das w\u00e4re, was Jonke anderen vorwirft: &#8222;Parteipolitik auf Kosten der Klagenfurter&#8220; &#8211; im wahrsten Sinn des Wortes. Liesnig ist wegen despektierlicher Chats zur\u00fcckgetreten. Da kann Scheider unm\u00f6glich im Amt bleiben, wenn der Steuerzahler f\u00fcr ihn bluten muss. Oder wie Juvan es sagt: &#8222;Jeder Tag fr\u00fcher, den dieser \u00fcberforderte B\u00fcrgermeister nicht mehr B\u00fcrgermeister ist, ist ein gewonnener Tag f\u00fcr die Stadt.&#8220;<\/p>\n<p><\/p>\n<p><\/p>\n<figure class=\"wp-block-image aligncenter size-large is-resized\"><img data-recalc-dims=\"1\" loading=\"lazy\" decoding=\"async\" src=\"https:\/\/i0.wp.com\/www.mediapartizan.at\/wp-content\/uploads\/2024\/08\/IMG_20240829_1045391.jpg?resize=619%2C464&#038;ssl=1\" alt=\"\" class=\"wp-image-9836\" width=\"619\" height=\"464\" srcset=\"https:\/\/i0.wp.com\/www.mediapartizan.at\/wp-content\/uploads\/2024\/08\/IMG_20240829_1045391.jpg?resize=1024%2C768&amp;ssl=1 1024w, https:\/\/i0.wp.com\/www.mediapartizan.at\/wp-content\/uploads\/2024\/08\/IMG_20240829_1045391.jpg?resize=300%2C225&amp;ssl=1 300w, https:\/\/i0.wp.com\/www.mediapartizan.at\/wp-content\/uploads\/2024\/08\/IMG_20240829_1045391.jpg?resize=768%2C576&amp;ssl=1 768w, https:\/\/i0.wp.com\/www.mediapartizan.at\/wp-content\/uploads\/2024\/08\/IMG_20240829_1045391.jpg?resize=678%2C509&amp;ssl=1 678w, https:\/\/i0.wp.com\/www.mediapartizan.at\/wp-content\/uploads\/2024\/08\/IMG_20240829_1045391.jpg?resize=326%2C245&amp;ssl=1 326w, https:\/\/i0.wp.com\/www.mediapartizan.at\/wp-content\/uploads\/2024\/08\/IMG_20240829_1045391.jpg?resize=80%2C60&amp;ssl=1 80w, https:\/\/i0.wp.com\/www.mediapartizan.at\/wp-content\/uploads\/2024\/08\/IMG_20240829_1045391.jpg?w=1280&amp;ssl=1 1280w\" sizes=\"auto, (max-width: 619px) 100vw, 619px\" \/><figcaption class=\"wp-element-caption\">Janos Juvan (zugeschaltet), Iris Glanzer, Franz Petritz, Ronald Rabitsch, Sandra Wassermann, Andreas Skorianz (v.l.) bei der heutigen Pressekonferenz zum Vergleich der Stadt mit Peter Jost<\/figcaption><\/figure>\n<p><\/p>\n<p><\/p>\n<p><\/p>\n","protected":false},"excerpt":{"rendered":"<div class=\"mh-excerpt\"><p>Mit aufgew\u00e4rmten Geschichten wollte Scheider-B\u00fcroleiter Patrick Jonke heute von der eigenen Malaise ablenken: Woher das Geld f\u00fcr den Vergleich mit Peter Jost nehmen, um den eigenen B\u00fcrgermeister aus dem Schussfeld zu bekommen? <a class=\"mh-excerpt-more\" href=\"https:\/\/www.mediapartizan.at\/?p=9834\" title=\"Das autokratische Wesen des Patrick Jonke | Ein Kommentar\">[&#8230;]<\/a><\/p>\n<\/div>","protected":false},"author":2,"featured_media":9829,"comment_status":"open","ping_status":"open","sticky":false,"template":"","format":"standard","meta":{"inline_featured_image":false,"_jetpack_memberships_contains_paid_content":false,"footnotes":""},"categories":[143],"tags":[91,239,598,258,498,289,599,573,348,597],"class_list":{"0":"post-9834","1":"post","2":"type-post","3":"status-publish","4":"format-standard","5":"has-post-thumbnail","7":"category-stadt-klagenfurt","8":"tag-andreas-skorianz","9":"tag-franz-petritz","10":"tag-iris-glanzer","11":"tag-janos-juvan","12":"tag-patrick-jonke","13":"tag-peter-jost","14":"tag-pressekonferenz","15":"tag-ronald-rabitsch","16":"tag-sandra-wassermann","17":"tag-vergleich"},"yoast_head":"<!-- This site is optimized with the Yoast SEO plugin v20.10 - https:\/\/yoast.com\/wordpress\/plugins\/seo\/ -->\n<title>Das autokratische Wesen des Patrick Jonke | Ein Kommentar - Mediapartizan.at<\/title>\n<meta name=\"robots\" content=\"index, follow, max-snippet:-1, max-image-preview:large, max-video-preview:-1\" \/>\n<link rel=\"canonical\" href=\"https:\/\/www.mediapartizan.at\/?p=9834\" \/>\n<meta property=\"og:locale\" content=\"de_DE\" \/>\n<meta property=\"og:type\" content=\"article\" \/>\n<meta property=\"og:title\" content=\"Das autokratische Wesen des Patrick Jonke | Ein Kommentar - Mediapartizan.at\" \/>\n<meta property=\"og:description\" content=\"Mit aufgew\u00e4rmten Geschichten wollte Scheider-B\u00fcroleiter Patrick Jonke heute von der eigenen Malaise ablenken: Woher das Geld f\u00fcr den Vergleich mit Peter Jost nehmen, um den eigenen B\u00fcrgermeister aus dem Schussfeld zu bekommen? [...]\" \/>\n<meta property=\"og:url\" content=\"https:\/\/www.mediapartizan.at\/?p=9834\" \/>\n<meta property=\"og:site_name\" content=\"Mediapartizan.at\" \/>\n<meta property=\"article:published_time\" content=\"2024-08-29T13:24:07+00:00\" \/>\n<meta property=\"article:modified_time\" content=\"2024-12-19T13:24:03+00:00\" \/>\n<meta property=\"og:image\" content=\"https:\/\/www.mediapartizan.at\/wp-content\/uploads\/2024\/08\/Patrick-Jonke_Stadt-Klagenfurt.png\" \/>\n\t<meta property=\"og:image:width\" content=\"1272\" \/>\n\t<meta property=\"og:image:height\" content=\"1002\" \/>\n\t<meta property=\"og:image:type\" content=\"image\/png\" \/>\n<meta name=\"author\" content=\"Franz Miklautz\" \/>\n<meta name=\"twitter:card\" content=\"summary_large_image\" \/>\n<meta name=\"twitter:label1\" content=\"Verfasst von\" \/>\n\t<meta name=\"twitter:data1\" content=\"Franz Miklautz\" \/>\n\t<meta name=\"twitter:label2\" content=\"Gesch\u00e4tzte Lesezeit\" \/>\n\t<meta name=\"twitter:data2\" content=\"4\u00a0Minuten\" \/>\n<script type=\"application\/ld+json\" class=\"yoast-schema-graph\">{\"@context\":\"https:\/\/schema.org\",\"@graph\":[{\"@type\":\"WebPage\",\"@id\":\"https:\/\/www.mediapartizan.at\/?p=9834\",\"url\":\"https:\/\/www.mediapartizan.at\/?p=9834\",\"name\":\"Das autokratische Wesen des Patrick Jonke | Ein Kommentar - Mediapartizan.at\",\"isPartOf\":{\"@id\":\"https:\/\/www.mediapartizan.at\/#website\"},\"datePublished\":\"2024-08-29T13:24:07+00:00\",\"dateModified\":\"2024-12-19T13:24:03+00:00\",\"author\":{\"@id\":\"https:\/\/www.mediapartizan.at\/#\/schema\/person\/f6bd7eb8222f2fe985c78d08f17ed7a9\"},\"breadcrumb\":{\"@id\":\"https:\/\/www.mediapartizan.at\/?p=9834#breadcrumb\"},\"inLanguage\":\"de\",\"potentialAction\":[{\"@type\":\"ReadAction\",\"target\":[\"https:\/\/www.mediapartizan.at\/?p=9834\"]}]},{\"@type\":\"BreadcrumbList\",\"@id\":\"https:\/\/www.mediapartizan.at\/?p=9834#breadcrumb\",\"itemListElement\":[{\"@type\":\"ListItem\",\"position\":1,\"name\":\"Startseite\",\"item\":\"https:\/\/www.mediapartizan.at\/\"},{\"@type\":\"ListItem\",\"position\":2,\"name\":\"Das autokratische Wesen des Patrick Jonke | Ein Kommentar\"}]},{\"@type\":\"WebSite\",\"@id\":\"https:\/\/www.mediapartizan.at\/#website\",\"url\":\"https:\/\/www.mediapartizan.at\/\",\"name\":\"Mediapartizan.at\",\"description\":\"\",\"potentialAction\":[{\"@type\":\"SearchAction\",\"target\":{\"@type\":\"EntryPoint\",\"urlTemplate\":\"https:\/\/www.mediapartizan.at\/?s={search_term_string}\"},\"query-input\":\"required name=search_term_string\"}],\"inLanguage\":\"de\"},{\"@type\":\"Person\",\"@id\":\"https:\/\/www.mediapartizan.at\/#\/schema\/person\/f6bd7eb8222f2fe985c78d08f17ed7a9\",\"name\":\"Franz Miklautz\",\"image\":{\"@type\":\"ImageObject\",\"inLanguage\":\"de\",\"@id\":\"https:\/\/www.mediapartizan.at\/#\/schema\/person\/image\/\",\"url\":\"https:\/\/secure.gravatar.com\/avatar\/5618667e9a7ab3fa3e1a0c75987c8d0c111ad041167e738d67ac0846e54e195e?s=96&d=mm&r=g\",\"contentUrl\":\"https:\/\/secure.gravatar.com\/avatar\/5618667e9a7ab3fa3e1a0c75987c8d0c111ad041167e738d67ac0846e54e195e?s=96&d=mm&r=g\",\"caption\":\"Franz Miklautz\"},\"url\":\"https:\/\/www.mediapartizan.at\/?author=2\"}]}<\/script>\n<!-- \/ Yoast SEO plugin. -->","yoast_head_json":{"title":"Das autokratische Wesen des Patrick Jonke | Ein Kommentar - Mediapartizan.at","robots":{"index":"index","follow":"follow","max-snippet":"max-snippet:-1","max-image-preview":"max-image-preview:large","max-video-preview":"max-video-preview:-1"},"canonical":"https:\/\/www.mediapartizan.at\/?p=9834","og_locale":"de_DE","og_type":"article","og_title":"Das autokratische Wesen des Patrick Jonke | Ein Kommentar - Mediapartizan.at","og_description":"Mit aufgew\u00e4rmten Geschichten wollte Scheider-B\u00fcroleiter Patrick Jonke heute von der eigenen Malaise ablenken: Woher das Geld f\u00fcr den Vergleich mit Peter Jost nehmen, um den eigenen B\u00fcrgermeister aus dem Schussfeld zu bekommen? [...]","og_url":"https:\/\/www.mediapartizan.at\/?p=9834","og_site_name":"Mediapartizan.at","article_published_time":"2024-08-29T13:24:07+00:00","article_modified_time":"2024-12-19T13:24:03+00:00","og_image":[{"width":1272,"height":1002,"url":"https:\/\/www.mediapartizan.at\/wp-content\/uploads\/2024\/08\/Patrick-Jonke_Stadt-Klagenfurt.png","type":"image\/png"}],"author":"Franz Miklautz","twitter_card":"summary_large_image","twitter_misc":{"Verfasst von":"Franz Miklautz","Gesch\u00e4tzte Lesezeit":"4\u00a0Minuten"},"schema":{"@context":"https:\/\/schema.org","@graph":[{"@type":"WebPage","@id":"https:\/\/www.mediapartizan.at\/?p=9834","url":"https:\/\/www.mediapartizan.at\/?p=9834","name":"Das autokratische Wesen des Patrick Jonke | Ein Kommentar - Mediapartizan.at","isPartOf":{"@id":"https:\/\/www.mediapartizan.at\/#website"},"datePublished":"2024-08-29T13:24:07+00:00","dateModified":"2024-12-19T13:24:03+00:00","author":{"@id":"https:\/\/www.mediapartizan.at\/#\/schema\/person\/f6bd7eb8222f2fe985c78d08f17ed7a9"},"breadcrumb":{"@id":"https:\/\/www.mediapartizan.at\/?p=9834#breadcrumb"},"inLanguage":"de","potentialAction":[{"@type":"ReadAction","target":["https:\/\/www.mediapartizan.at\/?p=9834"]}]},{"@type":"BreadcrumbList","@id":"https:\/\/www.mediapartizan.at\/?p=9834#breadcrumb","itemListElement":[{"@type":"ListItem","position":1,"name":"Startseite","item":"https:\/\/www.mediapartizan.at\/"},{"@type":"ListItem","position":2,"name":"Das autokratische Wesen des Patrick Jonke | Ein Kommentar"}]},{"@type":"WebSite","@id":"https:\/\/www.mediapartizan.at\/#website","url":"https:\/\/www.mediapartizan.at\/","name":"Mediapartizan.at","description":"","potentialAction":[{"@type":"SearchAction","target":{"@type":"EntryPoint","urlTemplate":"https:\/\/www.mediapartizan.at\/?s={search_term_string}"},"query-input":"required name=search_term_string"}],"inLanguage":"de"},{"@type":"Person","@id":"https:\/\/www.mediapartizan.at\/#\/schema\/person\/f6bd7eb8222f2fe985c78d08f17ed7a9","name":"Franz Miklautz","image":{"@type":"ImageObject","inLanguage":"de","@id":"https:\/\/www.mediapartizan.at\/#\/schema\/person\/image\/","url":"https:\/\/secure.gravatar.com\/avatar\/5618667e9a7ab3fa3e1a0c75987c8d0c111ad041167e738d67ac0846e54e195e?s=96&d=mm&r=g","contentUrl":"https:\/\/secure.gravatar.com\/avatar\/5618667e9a7ab3fa3e1a0c75987c8d0c111ad041167e738d67ac0846e54e195e?s=96&d=mm&r=g","caption":"Franz Miklautz"},"url":"https:\/\/www.mediapartizan.at\/?author=2"}]}},"jetpack_featured_media_url":"https:\/\/i0.wp.com\/www.mediapartizan.at\/wp-content\/uploads\/2024\/08\/Patrick-Jonke_Stadt-Klagenfurt.png?fit=1272%2C1002&ssl=1","jetpack_sharing_enabled":true,"_links":{"self":[{"href":"https:\/\/www.mediapartizan.at\/index.php?rest_route=\/wp\/v2\/posts\/9834","targetHints":{"allow":["GET"]}}],"collection":[{"href":"https:\/\/www.mediapartizan.at\/index.php?rest_route=\/wp\/v2\/posts"}],"about":[{"href":"https:\/\/www.mediapartizan.at\/index.php?rest_route=\/wp\/v2\/types\/post"}],"author":[{"embeddable":true,"href":"https:\/\/www.mediapartizan.at\/index.php?rest_route=\/wp\/v2\/users\/2"}],"replies":[{"embeddable":true,"href":"https:\/\/www.mediapartizan.at\/index.php?rest_route=%2Fwp%2Fv2%2Fcomments&post=9834"}],"version-history":[{"count":11,"href":"https:\/\/www.mediapartizan.at\/index.php?rest_route=\/wp\/v2\/posts\/9834\/revisions"}],"predecessor-version":[{"id":10659,"href":"https:\/\/www.mediapartizan.at\/index.php?rest_route=\/wp\/v2\/posts\/9834\/revisions\/10659"}],"wp:featuredmedia":[{"embeddable":true,"href":"https:\/\/www.mediapartizan.at\/index.php?rest_route=\/wp\/v2\/media\/9829"}],"wp:attachment":[{"href":"https:\/\/www.mediapartizan.at\/index.php?rest_route=%2Fwp%2Fv2%2Fmedia&parent=9834"}],"wp:term":[{"taxonomy":"category","embeddable":true,"href":"https:\/\/www.mediapartizan.at\/index.php?rest_route=%2Fwp%2Fv2%2Fcategories&post=9834"},{"taxonomy":"post_tag","embeddable":true,"href":"https:\/\/www.mediapartizan.at\/index.php?rest_route=%2Fwp%2Fv2%2Ftags&post=9834"}],"curies":[{"name":"wp","href":"https:\/\/api.w.org\/{rel}","templated":true}]}}