{"id":9972,"date":"2024-10-01T12:39:08","date_gmt":"2024-10-01T10:39:08","guid":{"rendered":"https:\/\/www.mediapartizan.at\/?p=9972"},"modified":"2024-10-01T15:19:27","modified_gmt":"2024-10-01T13:19:27","slug":"klopf-klopf-wer-da-es-ist-der-regierungskommissar","status":"publish","type":"post","link":"https:\/\/www.mediapartizan.at\/?p=9972","title":{"rendered":"Klopf, Klopf! &#8222;Wer da?&#8220; &#8211; &#8222;Es ist der Regierungskommissar!&#8220;"},"content":{"rendered":"<p><\/p>\n<p>Wenn die Stadt Klagenfurt ein Videospiel w\u00e4re, w\u00fcrde wom\u00f6glich bald eine bekannte Schlussformel am Bildschirm aufleuchten: Game over. Mediapartizan.at wurden vertrauliche Unterlagen zugespielt, die schriftlich dokumentieren, dass die Stadt nicht mehr nur am sprichw\u00f6rtlichen Abgrund steht. Sie macht gerade einen Schritt weiter.<\/p>\n<p><\/p>\n<p><\/p>\n<p>Die der Redaktion zugespielten Unterlagen sind die Antwort des Klagenfurter B\u00fcrgermeisterb\u00fcros auf eine Aufforderung der K\u00e4rntner Gemeindeaufsicht, die Finanzlage der Stadt bekanntzugeben. Der Aufforderungsbrief der Gemeindeaufsicht erging am 21. August dieses Jahres an B\u00fcrgermeister Christian Scheider (Team K\u00e4rnten). Das Land will darin den &#8222;aktuellen Status sowie mittelfristigen Ausblick \u00fcber die finanzielle Situation der Stadt Klagenfurt&#8220; wissen. Die &#8222;widerspr\u00fcchliche Berichterstattung&#8220; \u00fcber die marode Stadtkasse scheint die Kontrollbeh\u00f6rde alarmiert zu haben.<\/p>\n<p><\/p>\n<p><\/p>\n<p><strong>Dramatische Lage<\/strong><\/p>\n<p><\/p>\n<p><\/p>\n<p>Und das offenbar zu Recht. Die Antwort des B\u00fcrgermeisterb\u00fcros ans Land ist eine Alarmmeldung. Die Metadaten zeigen, dass ein Fachmann das Antwortschreiben f\u00fcr Scheider erstellt hat: Christoph Wutte. Der Leiter der Finanzabteilung im Magistrat Klagenfurt warnte bereits wiederholt davor, dass Klagenfurt Gefahr laufe, den Turnaround nicht mehr zu kriegen. Erstmals trat Wutte zusammen mit Klaus Thuller, Rechnungswesen-Chef der Stadt, und Ex-Magistratsdirektor Peter Jost in Erscheinung, als die drei hochrangigen Beamten die Klagenfurter Politik schriftlich vor einer drohenden Pleite warnten. Das war vor rund einem Jahr. <\/p>\n<p><\/p>\n<p><\/p>\n<p><strong>Finanzabteilung beruft sich auf Liesnig<\/strong><\/p>\n<p><\/p>\n<p><\/p>\n<p>In der Antwort ans Land wird ein negativer Nettofinanzierungssaldo (NFS) von fast 48 Millionen Euro ausgewiesen. Der NFS ist eine wichtige Kennzahl. Ist er positiv, dr\u00fcckt die Zahl jene Summe aus, die zur R\u00fcckzahlung von Schulden oder Steigerung der liquiden Mittel \u00fcbrig bleibt. F\u00e4llt er &#8211; wie in Klagenfurt &#8211; negativ aus, zeigt das, in welchem Ausma\u00df neue Schulden aufzunehmen sind oder die liquiden Mittel sinken. Im Brief ans Land wird auch der im Juni zur\u00fcckgetretene SP\u00d6-Vizeb\u00fcrgermeister Philipp Liesnig genannt. Man weise darauf hin, &#8222;dass der seinerzeitige Finanzreferent Mag. Liesnig sowohl im Zuge der Berichterstattung zum Rechnungsabschluss 2023 als auch zum Voranschlag 2024 lediglich den Geldfluss der operativen Gebarung des Gesamthaushalts nannte&#8220;.<\/p>\n<p><\/p>\n<p><\/p>\n<p><strong>Innere Verschuldung von 67 Millionen Euro<\/strong><\/p>\n<p><\/p>\n<p><\/p>\n<p>Und weiter: &#8222;Auch im Zuge der Kommunikation zur Voranschlagserstellung 2024 wurde nicht explizit auf den Geldfluss aus der operativen Gebarung im Allgemeinen Haushalts eingegangen (rund EUR -16,6 Mio.), sondern vielmehr jener des Gesamthaushalts ver\u00f6ffentlicht (rund EUR -6,1 Mio.). Dementsprechend haltet (sic!) die Stadt Klagenfurt an der Ihnen am 15. M\u00e4rz dieses Jahres \u00fcbermittelten Stellungnahme betreffend die Innere Verschuldung in H\u00f6he von EUR 67 Mio. fest.&#8220;<\/p>\n<p><\/p>\n<p><\/p>\n<p>Liesnig erkl\u00e4rt, dass &#8222;ich nie eine einzige Zahl ge\u00e4ndert oder abge\u00e4ndert habe. Ich habe aber immer darauf hingewiesen, dass wir bessere Zahlen brauchen, um Schulden abzubauen. Und ich habe mehrmals dazu aufgerufen, Ma\u00dfnahmen zu ergreifen, um auf bessere Ergebnisse zu kommen. Ansonsten wir Projekte verschieben m\u00fcssen. Da ist null Sch\u00f6nf\u00e4rberei dabei gewesen. Das kann jeder in den dazugeh\u00f6rigen Sitzungen des Gemeinderats nachh\u00f6ren.&#8220; <\/p>\n<p><\/p>\n<p><\/p>\n<p><strong>Hallenbad h\u00f6chst fraglich &#8211; kein Geld mehr f\u00fcr Vereine<\/strong><\/p>\n<p><\/p>\n<p><\/p>\n<p>Es ist mittlerweile mehr als fraglich, ob die Stadt 2025 noch ein Budget zusammen bekommen wird. Das w\u00fcrde bedeuten, dass die sogenannte Zw\u00f6lftelregelung Anwendung finden k\u00f6nnte. Bei dieser d\u00fcrfen alle Abteilungen nur genau jenen Teil ausgeben, der im Vergleichsmonat des Vorjahres ausgegeben wurde. Alle freiwilligen Leistungen w\u00e4ren dann zu stoppen, das hei\u00dft, es gibt keine Subventionen etwa f\u00fcr Vereine. Dienstvertr\u00e4ge k\u00f6nnten auslaufen oder gek\u00fcndigt werden. Investitionen, die nicht unbedingt notwendig sind, Stichwort: Neues Hallenbad, laufen Gefahr, gestoppt zu werden. Im Beamtenjargon: Es w\u00fcrde alles auf gesetzliche und nicht aufl\u00f6sbare vertragliche Verpflichtungen zur\u00fcckgefahren werden. <\/p>\n<p><\/p>\n<p><\/p>\n<p><strong>Keine Besserung in Sicht<\/strong><\/p>\n<p><\/p>\n<p><\/p>\n<p>Das Antwortschreiben sieht keine Besserung f\u00fcr die Zukunft. Mittelfristig w\u00fcrden die Ergebnisse &#8222;hoch negativ&#8220; bleiben. Die Abgangsdeckung des geplanten Hallenbades, die Kosten f\u00fcr das Stadttheater und die Dekarbonisierung der \u00f6ffentlichen Verkehrsmittel seien da noch nicht mal mitberechnet.  <\/p>\n<p><\/p>\n<p><\/p>\n<p><strong>Innere Darlehen reichen nicht mehr aus<\/strong><\/p>\n<p><\/p>\n<p><\/p>\n<p>Jahrelang hat sich die Stadt damit \u00fcber Wasser gehalten, Budgetl\u00f6cher mit dem Geld aus den sogenannten Geb\u00fchrenhaushalten (Kanal, M\u00fcll) zu stopfen. Doch das geht nicht mehr. Die Lage sei so trist, dass ein Ausgleich des Konsolidierungsbedarfs mit den Geb\u00fchrengeldern nicht mehr m\u00f6glich sei. Der Bau der neuen Kl\u00e4ranlage wird voraussichtlich 80 Millionen Euro kosten. Wenn dieses Geld weiter in Budgetl\u00f6chern versickert, muss die Stadt es am Geldmarkt aufnehmen. Und Zinsen zahlen. Was die Lage weiter verschlimmern k\u00f6nnte.<\/p>\n<p><\/p>\n<p><\/p>\n<p>Klagenfurt sitzt auf jahrelang verz\u00f6gerten Reformen. Vor allem im Personalbereich muss eingespart werden. So nennt das Schreiben etwa auch hohe Gehaltsabschl\u00fcsse der letzten Jahre als eines der Probleme des Rathauses. Die Personalkosten machen gut 130 Millionen Euro aus, ein Drittel des Gesamtbudgets. Seit Jahren werden hier Reformen verschleppt. Das Personal resortiert zu Scheider. Das Finanzreferat ist in SP\u00d6-Hand. <\/p>\n<p><\/p>\n<p><\/p>\n<p><strong>Trotz fataler Lage: Treuepr\u00e4mien offenbar kein Problem<\/strong><\/p>\n<p><\/p>\n<p><\/p>\n<p>Doch die fatale Finanzlage f\u00fchrt im Personalbereich offenbar zu keinerlei Umdenken. Im Gegenteil: Wie Insider wissen wollen, sollen einem zu pensionierenden Abteilungsleiter \u00fcppige Treuepr\u00e4mien zugesprochen werden. Die Rede ist von \u00fcber zwei Geh\u00e4ltern, die nur mit sechs Prozent besteuert sein sollen. Zustehen soll diesem aber nur ein halbes Gehalt. Das h\u00e4tte m\u00f6glicherweise zur Folge, dass auch weitere zu pensionierende Mitarbeiter auf dieses &#8222;Recht&#8220; pochen k\u00f6nnten.<\/p>\n<p><\/p>\n<p><\/p>\n<p>Geht es so weiter, d\u00fcrfte in absehbarer Zeit der Landeskommiss\u00e4r an die Rathaus-T\u00fcr klopfen.<\/p>\n<p><\/p>\n<p><\/p>\n<h2 class=\"wp-block-heading\">Update 15:20 Uhr: Neos drohen mit rechtlichen Schritten<\/h2>\n<p><\/p>\n<p><\/p>\n<p>Die Neos reagierten rasch auf die Mediapartizan-Story. Parteichef Janos Juvan fordert den B\u00fcrgermeister  auf, &#8222;das Versteckspiel zu beenden und sofort eine Sitzung des Gemeinderats einzuberufen, in der transparent dargelegt wird, wie es um die Finanzen der Stadt tats\u00e4chlich steht&#8220;. Sollte Scheider dieser Forderung &#8222;nicht binnen sieben Tagen nachkommen, werde ich alle rechtlichen Schritte im Detail pr\u00fcfen, die m\u00f6glich und notwendig sind, um weiteren Schaden von der Stadt Klagenfurt abzuwenden&#8220;.<\/p>\n<p><\/p>\n<p><\/p>\n<p><\/p>\n<p><\/p>\n<p><\/p>\n<p><\/p>\n<p><\/p>\n<p><\/p>\n<p><\/p>\n","protected":false},"excerpt":{"rendered":"<div class=\"mh-excerpt\"><p>Alarmmeldung: Geheimer Brief der Stadt Klagenfurt an die Gemeindeaufsicht zeigt wahres Ausma\u00df der finanziellen Misere der Lindwurmstadt. Trotzdem sind im Personalbereich hohe Treuepr\u00e4mien offenbar kein Problem. <a class=\"mh-excerpt-more\" href=\"https:\/\/www.mediapartizan.at\/?p=9972\" title=\"Klopf, Klopf! &#8222;Wer da?&#8220; &#8211; &#8222;Es ist der Regierungskommissar!&#8220;\">[&#8230;]<\/a><\/p>\n<\/div>","protected":false},"author":2,"featured_media":8457,"comment_status":"open","ping_status":"open","sticky":false,"template":"","format":"standard","meta":{"inline_featured_image":false,"_jetpack_memberships_contains_paid_content":false,"footnotes":""},"categories":[143],"tags":[367,250,146,118],"class_list":{"0":"post-9972","1":"post","2":"type-post","3":"status-publish","4":"format-standard","5":"has-post-thumbnail","7":"category-stadt-klagenfurt","8":"tag-budget","9":"tag-liesnig","10":"tag-scheider","11":"tag-stadt-klagenfurt"},"yoast_head":"<!-- This site is optimized with the Yoast SEO plugin v20.10 - https:\/\/yoast.com\/wordpress\/plugins\/seo\/ -->\n<title>Klopf, Klopf! &quot;Wer da?&quot; - &quot;Es ist der Regierungskommissar!&quot; - Mediapartizan.at<\/title>\n<meta name=\"robots\" content=\"index, follow, max-snippet:-1, max-image-preview:large, max-video-preview:-1\" \/>\n<link rel=\"canonical\" href=\"https:\/\/www.mediapartizan.at\/?p=9972\" \/>\n<meta property=\"og:locale\" content=\"de_DE\" \/>\n<meta property=\"og:type\" content=\"article\" \/>\n<meta property=\"og:title\" content=\"Klopf, Klopf! &quot;Wer da?&quot; - &quot;Es ist der Regierungskommissar!&quot; - Mediapartizan.at\" \/>\n<meta property=\"og:description\" content=\"Alarmmeldung: Geheimer Brief der Stadt Klagenfurt an die Gemeindeaufsicht zeigt wahres Ausma\u00df der finanziellen Misere der Lindwurmstadt. Trotzdem sind im Personalbereich hohe Treuepr\u00e4mien offenbar kein Problem. [...]\" \/>\n<meta property=\"og:url\" content=\"https:\/\/www.mediapartizan.at\/?p=9972\" \/>\n<meta property=\"og:site_name\" content=\"Mediapartizan.at\" \/>\n<meta property=\"article:published_time\" content=\"2024-10-01T10:39:08+00:00\" \/>\n<meta property=\"article:modified_time\" content=\"2024-10-01T13:19:27+00:00\" \/>\n<meta property=\"og:image\" content=\"https:\/\/www.mediapartizan.at\/wp-content\/uploads\/2024\/02\/dreamstime_m_71945126-1024x683.jpg\" \/>\n\t<meta property=\"og:image:width\" content=\"1024\" \/>\n\t<meta property=\"og:image:height\" content=\"683\" \/>\n\t<meta property=\"og:image:type\" content=\"image\/jpeg\" \/>\n<meta name=\"author\" content=\"Franz Miklautz\" \/>\n<meta name=\"twitter:card\" content=\"summary_large_image\" \/>\n<meta name=\"twitter:label1\" content=\"Verfasst von\" \/>\n\t<meta name=\"twitter:data1\" content=\"Franz Miklautz\" \/>\n\t<meta name=\"twitter:label2\" content=\"Gesch\u00e4tzte Lesezeit\" \/>\n\t<meta name=\"twitter:data2\" content=\"5\u00a0Minuten\" \/>\n<script type=\"application\/ld+json\" class=\"yoast-schema-graph\">{\"@context\":\"https:\/\/schema.org\",\"@graph\":[{\"@type\":\"WebPage\",\"@id\":\"https:\/\/www.mediapartizan.at\/?p=9972\",\"url\":\"https:\/\/www.mediapartizan.at\/?p=9972\",\"name\":\"Klopf, Klopf! \\\"Wer da?\\\" - \\\"Es ist der Regierungskommissar!\\\" - Mediapartizan.at\",\"isPartOf\":{\"@id\":\"https:\/\/www.mediapartizan.at\/#website\"},\"datePublished\":\"2024-10-01T10:39:08+00:00\",\"dateModified\":\"2024-10-01T13:19:27+00:00\",\"author\":{\"@id\":\"https:\/\/www.mediapartizan.at\/#\/schema\/person\/f6bd7eb8222f2fe985c78d08f17ed7a9\"},\"breadcrumb\":{\"@id\":\"https:\/\/www.mediapartizan.at\/?p=9972#breadcrumb\"},\"inLanguage\":\"de\",\"potentialAction\":[{\"@type\":\"ReadAction\",\"target\":[\"https:\/\/www.mediapartizan.at\/?p=9972\"]}]},{\"@type\":\"BreadcrumbList\",\"@id\":\"https:\/\/www.mediapartizan.at\/?p=9972#breadcrumb\",\"itemListElement\":[{\"@type\":\"ListItem\",\"position\":1,\"name\":\"Startseite\",\"item\":\"https:\/\/www.mediapartizan.at\/\"},{\"@type\":\"ListItem\",\"position\":2,\"name\":\"Klopf, Klopf! &#8220;Wer da?&#8221; &#8211; &#8220;Es ist der Regierungskommissar!&#8221;\"}]},{\"@type\":\"WebSite\",\"@id\":\"https:\/\/www.mediapartizan.at\/#website\",\"url\":\"https:\/\/www.mediapartizan.at\/\",\"name\":\"Mediapartizan.at\",\"description\":\"\",\"potentialAction\":[{\"@type\":\"SearchAction\",\"target\":{\"@type\":\"EntryPoint\",\"urlTemplate\":\"https:\/\/www.mediapartizan.at\/?s={search_term_string}\"},\"query-input\":\"required name=search_term_string\"}],\"inLanguage\":\"de\"},{\"@type\":\"Person\",\"@id\":\"https:\/\/www.mediapartizan.at\/#\/schema\/person\/f6bd7eb8222f2fe985c78d08f17ed7a9\",\"name\":\"Franz Miklautz\",\"image\":{\"@type\":\"ImageObject\",\"inLanguage\":\"de\",\"@id\":\"https:\/\/www.mediapartizan.at\/#\/schema\/person\/image\/\",\"url\":\"https:\/\/secure.gravatar.com\/avatar\/5618667e9a7ab3fa3e1a0c75987c8d0c111ad041167e738d67ac0846e54e195e?s=96&d=mm&r=g\",\"contentUrl\":\"https:\/\/secure.gravatar.com\/avatar\/5618667e9a7ab3fa3e1a0c75987c8d0c111ad041167e738d67ac0846e54e195e?s=96&d=mm&r=g\",\"caption\":\"Franz Miklautz\"},\"url\":\"https:\/\/www.mediapartizan.at\/?author=2\"}]}<\/script>\n<!-- \/ Yoast SEO plugin. -->","yoast_head_json":{"title":"Klopf, Klopf! \"Wer da?\" - \"Es ist der Regierungskommissar!\" - Mediapartizan.at","robots":{"index":"index","follow":"follow","max-snippet":"max-snippet:-1","max-image-preview":"max-image-preview:large","max-video-preview":"max-video-preview:-1"},"canonical":"https:\/\/www.mediapartizan.at\/?p=9972","og_locale":"de_DE","og_type":"article","og_title":"Klopf, Klopf! \"Wer da?\" - \"Es ist der Regierungskommissar!\" - Mediapartizan.at","og_description":"Alarmmeldung: Geheimer Brief der Stadt Klagenfurt an die Gemeindeaufsicht zeigt wahres Ausma\u00df der finanziellen Misere der Lindwurmstadt. Trotzdem sind im Personalbereich hohe Treuepr\u00e4mien offenbar kein Problem. [...]","og_url":"https:\/\/www.mediapartizan.at\/?p=9972","og_site_name":"Mediapartizan.at","article_published_time":"2024-10-01T10:39:08+00:00","article_modified_time":"2024-10-01T13:19:27+00:00","og_image":[{"width":1024,"height":683,"url":"https:\/\/www.mediapartizan.at\/wp-content\/uploads\/2024\/02\/dreamstime_m_71945126-1024x683.jpg","type":"image\/jpeg"}],"author":"Franz Miklautz","twitter_card":"summary_large_image","twitter_misc":{"Verfasst von":"Franz Miklautz","Gesch\u00e4tzte Lesezeit":"5\u00a0Minuten"},"schema":{"@context":"https:\/\/schema.org","@graph":[{"@type":"WebPage","@id":"https:\/\/www.mediapartizan.at\/?p=9972","url":"https:\/\/www.mediapartizan.at\/?p=9972","name":"Klopf, Klopf! \"Wer da?\" - \"Es ist der Regierungskommissar!\" - Mediapartizan.at","isPartOf":{"@id":"https:\/\/www.mediapartizan.at\/#website"},"datePublished":"2024-10-01T10:39:08+00:00","dateModified":"2024-10-01T13:19:27+00:00","author":{"@id":"https:\/\/www.mediapartizan.at\/#\/schema\/person\/f6bd7eb8222f2fe985c78d08f17ed7a9"},"breadcrumb":{"@id":"https:\/\/www.mediapartizan.at\/?p=9972#breadcrumb"},"inLanguage":"de","potentialAction":[{"@type":"ReadAction","target":["https:\/\/www.mediapartizan.at\/?p=9972"]}]},{"@type":"BreadcrumbList","@id":"https:\/\/www.mediapartizan.at\/?p=9972#breadcrumb","itemListElement":[{"@type":"ListItem","position":1,"name":"Startseite","item":"https:\/\/www.mediapartizan.at\/"},{"@type":"ListItem","position":2,"name":"Klopf, Klopf! &#8220;Wer da?&#8221; &#8211; &#8220;Es ist der Regierungskommissar!&#8221;"}]},{"@type":"WebSite","@id":"https:\/\/www.mediapartizan.at\/#website","url":"https:\/\/www.mediapartizan.at\/","name":"Mediapartizan.at","description":"","potentialAction":[{"@type":"SearchAction","target":{"@type":"EntryPoint","urlTemplate":"https:\/\/www.mediapartizan.at\/?s={search_term_string}"},"query-input":"required name=search_term_string"}],"inLanguage":"de"},{"@type":"Person","@id":"https:\/\/www.mediapartizan.at\/#\/schema\/person\/f6bd7eb8222f2fe985c78d08f17ed7a9","name":"Franz Miklautz","image":{"@type":"ImageObject","inLanguage":"de","@id":"https:\/\/www.mediapartizan.at\/#\/schema\/person\/image\/","url":"https:\/\/secure.gravatar.com\/avatar\/5618667e9a7ab3fa3e1a0c75987c8d0c111ad041167e738d67ac0846e54e195e?s=96&d=mm&r=g","contentUrl":"https:\/\/secure.gravatar.com\/avatar\/5618667e9a7ab3fa3e1a0c75987c8d0c111ad041167e738d67ac0846e54e195e?s=96&d=mm&r=g","caption":"Franz Miklautz"},"url":"https:\/\/www.mediapartizan.at\/?author=2"}]}},"jetpack_featured_media_url":"https:\/\/i0.wp.com\/www.mediapartizan.at\/wp-content\/uploads\/2024\/02\/dreamstime_m_71945126.jpg?fit=2121%2C1414&ssl=1","jetpack_sharing_enabled":true,"_links":{"self":[{"href":"https:\/\/www.mediapartizan.at\/index.php?rest_route=\/wp\/v2\/posts\/9972","targetHints":{"allow":["GET"]}}],"collection":[{"href":"https:\/\/www.mediapartizan.at\/index.php?rest_route=\/wp\/v2\/posts"}],"about":[{"href":"https:\/\/www.mediapartizan.at\/index.php?rest_route=\/wp\/v2\/types\/post"}],"author":[{"embeddable":true,"href":"https:\/\/www.mediapartizan.at\/index.php?rest_route=\/wp\/v2\/users\/2"}],"replies":[{"embeddable":true,"href":"https:\/\/www.mediapartizan.at\/index.php?rest_route=%2Fwp%2Fv2%2Fcomments&post=9972"}],"version-history":[{"count":5,"href":"https:\/\/www.mediapartizan.at\/index.php?rest_route=\/wp\/v2\/posts\/9972\/revisions"}],"predecessor-version":[{"id":10020,"href":"https:\/\/www.mediapartizan.at\/index.php?rest_route=\/wp\/v2\/posts\/9972\/revisions\/10020"}],"wp:featuredmedia":[{"embeddable":true,"href":"https:\/\/www.mediapartizan.at\/index.php?rest_route=\/wp\/v2\/media\/8457"}],"wp:attachment":[{"href":"https:\/\/www.mediapartizan.at\/index.php?rest_route=%2Fwp%2Fv2%2Fmedia&parent=9972"}],"wp:term":[{"taxonomy":"category","embeddable":true,"href":"https:\/\/www.mediapartizan.at\/index.php?rest_route=%2Fwp%2Fv2%2Fcategories&post=9972"},{"taxonomy":"post_tag","embeddable":true,"href":"https:\/\/www.mediapartizan.at\/index.php?rest_route=%2Fwp%2Fv2%2Ftags&post=9972"}],"curies":[{"name":"wp","href":"https:\/\/api.w.org\/{rel}","templated":true}]}}